{"id":4552,"date":"2015-11-17T08:40:19","date_gmt":"2015-11-17T08:40:19","guid":{"rendered":"http:\/\/miradordeatarfe.es\/?p=4552"},"modified":"2015-11-21T10:58:56","modified_gmt":"2015-11-21T10:58:56","slug":"paris-la-guerra-ya-no-es-lo-que-era","status":"publish","type":"post","link":"https:\/\/miradordeatarfe.es\/?p=4552","title":{"rendered":"Par\u00eds: la guerra ya no es lo que era"},"content":{"rendered":"<div class=\"encabezado opinion\">\n<div class=\"hgroup\">\n<div id=\"subtitulo_noticia\">\n<p class=\"enlaces enlaces_arriba estirar\">Con nuevas armas y formas de combate, los actos b\u00e9licos ya no son monopolio de los Estados<\/p>\n<\/div>\n<\/div>\n<\/div>\n<p><!--more--><\/p>\n<div id=\"cuerpo_noticia\" class=\"cuerpo_noticia\">\n<p style=\"text-align: justify;\">Sol\u00edan ser entre tribus. O entre pa\u00edses un imperio contra otro. Hoy en d\u00eda \u00bfentre qui\u00e9nes son las guerras? El Estado Isl\u00e1mico le ha declarado la guerra a pa\u00edses, a religiones, a sectas. Tambi\u00e9n a grupos rivales como Al Qaeda, Ham\u00e1s, Hezbol\u00e1 y los talibanes. Pero, \u00bfqu\u00e9 es el Estado Isl\u00e1mico? A pesar de sus esfuerzos por parecer un Estado y cumplir con algunas de las funciones que usualmente desempe\u00f1an los gobiernos, el ISIS es m\u00e1s que nada una organizaci\u00f3n islamista no gubernamental, militarizada y terrorista. Y ap\u00e1trida.<\/p>\n<p style=\"text-align: justify;\">Los actos de guerra sol\u00edan ser monopolio de los Estados. Ya no. Los terroristas sol\u00edan ser \u201cbandas\u201d o \u201cgrupos\u201d. Ya no. Y el agredido en Francia no es s\u00f3lo un Estado naci\u00f3n y sus ciudadanos, sino tambi\u00e9n un conjunto de valores y principios. Obviamente necesitamos un nuevo lenguaje para entender lo que est\u00e1 pasando. Y m\u00e1s de una d\u00e9cada despu\u00e9s de los ataques terroristas del 11-S en Estados Unidos, las ideas sobre la naturaleza de la amenaza, sus causas y las mejores maneras de combatirla son confusas y motivo de \u00e1lgidos debates. Pero hay m\u00e1s. Este nuevo siglo no solo nos trajo nuevas formas de guerra, sino que tambi\u00e9n transform\u00f3 el armamento. Los explosivos caseros, los drones, los ciberataques y los terroristas suicidas son las armas m\u00e1s comunes y letales en los conflictos de estos tiempos.<\/p>\n<p style=\"text-align: justify;\">Por supuesto, el uso de combatientes suicidas no es una novedad. En la II Guerra Mundial, por ejemplo, 3.860 pilotos militares japoneses, los famosos kamikazes, se suicidaron intentado estrellar su avi\u00f3n contra un barco enemigo (solo el 19% tuvo \u00e9xito). En contraste, entre 1981 y junio de este a\u00f1o hubo 4.620 ataques suicidas que se cobraron 45.000 vidas. A este n\u00famero ahora hay que a\u00f1adirle, entre otras, las v\u00edctimas de Par\u00eds.<\/p>\n<p style=\"text-align: justify;\">Las minas explosivas tampoco son nuevas. En la II Guerra Mundial causaron el 5% de las bajas del Ej\u00e9rcito estadounidense, mientras que los explosivos improvisados fueron la causa de la mayor\u00eda de los muertos norteamericanos en Irak y Afganist\u00e1n. Hay otras dos armas que est\u00e1n cambiando la guerra y que s\u00ed son nuevas. Una son los drones. La mayor parte de los l\u00edderes de Al Qaeda, los talibanes y el ISIS han sido dados de baja por aviones teledirigidos y armados con misiles. Otra, la ciberguerra. Casi todas las fuerzas armadas del mundo tienen efectivos dedicados a defender su naci\u00f3n de ataques cibern\u00e9ticos y espiar y atacar a otros pa\u00edses. Ya no son monopolio de los militares y sus gobiernos. La combinaci\u00f3n de explosivos caseros y drones ofrece una nueva y potente arma para los terroristas, que tambi\u00e9n usan la Red para coordinarse, financiarse, reclutar efectivos y lanzar campa\u00f1as de propaganda. Adem\u00e1s, algunos grupos terroristas tienen acceso a personas dispuestas a suicidarse, opci\u00f3n impensable para los Ej\u00e9rcitos de las democracias contempor\u00e1neas.<\/p>\n<p style=\"text-align: justify;\">\u00bfQuiere decir todo esto que los terroristas tienen ventajas que garantizan su victoria? Por supuesto que no. Pero para ello los dem\u00f3cratas tenemos que cambiar la manera en la que pensamos sobre la guerra, los combatientes, las armas, la inteligencia y el espionaje.<\/p>\n<p class=\"nota_pie\" style=\"text-align: justify;\">@moisesnaim<\/p>\n<\/div>\n","protected":false},"excerpt":{"rendered":"<p>Con nuevas armas y formas de combate, los actos b\u00e9licos ya no son monopolio de&#8230;<\/p>\n","protected":false},"author":1,"featured_media":4553,"comment_status":"closed","ping_status":"closed","sticky":false,"template":"","format":"standard","meta":{"_coblocks_attr":"","_coblocks_dimensions":"","_coblocks_responsive_height":"","_coblocks_accordion_ie_support":"","jetpack_post_was_ever_published":false,"_jetpack_newsletter_access":"","_jetpack_dont_email_post_to_subs":false,"_jetpack_newsletter_tier_id":0,"_jetpack_memberships_contains_paywalled_content":false,"_jetpack_memberships_contains_paid_content":false,"footnotes":"","jetpack_publicize_message":"","jetpack_publicize_feature_enabled":true,"jetpack_social_post_already_shared":false,"jetpack_social_options":{"image_generator_settings":{"template":"highway","default_image_id":0,"enabled":false},"version":2}},"categories":[186,15,1],"tags":[1619],"class_list":["post-4552","post","type-post","status-publish","format-standard","has-post-thumbnail","hentry","category-instituciones","category-ultimas-noticias","category-uncategorized","tag-atentado-paris-13-n-estado-islamico-sala-bataclan-tiroteos-paris-estadio-de-francia-atentados-mortales-incidentes-francia-conflicto-sunies-y-chiies"],"jetpack_publicize_connections":[],"jetpack_featured_media_url":"https:\/\/i0.wp.com\/miradordeatarfe.es\/wp-content\/uploads\/2015\/11\/paris.jpeg?fit=290%2C174&ssl=1","jetpack_likes_enabled":true,"jetpack_sharing_enabled":true,"_links":{"self":[{"href":"https:\/\/miradordeatarfe.es\/index.php?rest_route=\/wp\/v2\/posts\/4552","targetHints":{"allow":["GET"]}}],"collection":[{"href":"https:\/\/miradordeatarfe.es\/index.php?rest_route=\/wp\/v2\/posts"}],"about":[{"href":"https:\/\/miradordeatarfe.es\/index.php?rest_route=\/wp\/v2\/types\/post"}],"author":[{"embeddable":true,"href":"https:\/\/miradordeatarfe.es\/index.php?rest_route=\/wp\/v2\/users\/1"}],"replies":[{"embeddable":true,"href":"https:\/\/miradordeatarfe.es\/index.php?rest_route=%2Fwp%2Fv2%2Fcomments&post=4552"}],"version-history":[{"count":1,"href":"https:\/\/miradordeatarfe.es\/index.php?rest_route=\/wp\/v2\/posts\/4552\/revisions"}],"predecessor-version":[{"id":4554,"href":"https:\/\/miradordeatarfe.es\/index.php?rest_route=\/wp\/v2\/posts\/4552\/revisions\/4554"}],"wp:featuredmedia":[{"embeddable":true,"href":"https:\/\/miradordeatarfe.es\/index.php?rest_route=\/wp\/v2\/media\/4553"}],"wp:attachment":[{"href":"https:\/\/miradordeatarfe.es\/index.php?rest_route=%2Fwp%2Fv2%2Fmedia&parent=4552"}],"wp:term":[{"taxonomy":"category","embeddable":true,"href":"https:\/\/miradordeatarfe.es\/index.php?rest_route=%2Fwp%2Fv2%2Fcategories&post=4552"},{"taxonomy":"post_tag","embeddable":true,"href":"https:\/\/miradordeatarfe.es\/index.php?rest_route=%2Fwp%2Fv2%2Ftags&post=4552"}],"curies":[{"name":"wp","href":"https:\/\/api.w.org\/{rel}","templated":true}]}}