{"id":4555,"date":"2015-11-16T09:00:05","date_gmt":"2015-11-16T09:00:05","guid":{"rendered":"http:\/\/miradordeatarfe.es\/?p=4555"},"modified":"2015-11-17T08:45:39","modified_gmt":"2015-11-17T08:45:39","slug":"paris-por-jose-enrique-granados","status":"publish","type":"post","link":"https:\/\/miradordeatarfe.es\/?p=4555","title":{"rendered":"\u00abPARIS\u00bb por Jos\u00e9 Enrique Granados"},"content":{"rendered":"<p dir=\"ltr\">Hoy la Gacetilla quiere expresar su solidaridad con el pueblo parisino ante los brutales atentados sufridos en la noche de ayer. El hecho de los acontecimientos ha provocado que la publicaci\u00f3n del d\u00eda de hoy quede para otro momento, manifestando nuestra m\u00e1s tremenda repulsa ante dicho ataque terrorista.<!--more--><\/p>\n<p dir=\"ltr\">Estamos en un mundo global y no podemos permanecer impasibles ante esto. Algunos lo han vestido como una guerra entre civilizaciones, entre dos conceptos del mundo: el occidental y el proveniente del mundo yihadista. Hay que ir m\u00e1s all\u00e1. Nos encontramos ante la vida o la expansi\u00f3n de la muerte.<br \/>\nNo entiendo como esos que matan en nombre de Al\u00e1, no hace mucho tiempo, en nuestra Elvira, en nuestro Al-\u00c1ndalus eran la vanguardia de la ciencia, de la poes\u00eda, del culto a la literatura, la astronom\u00eda, la medicina, la agronom\u00eda, la literatura\u2026\u2026..; hoy se han convertido en uno b\u00e1rbaros que tratan de imponer en nombre de dios, el horror, la desolaci\u00f3n, la barbarie, el caos, la muerte\u2026\u2026..<\/p>\n<p dir=\"ltr\">Lo de ayer en Par\u00eds, lo de hace a\u00f1os en Madrid, Londres o New York, se repite d\u00eda a d\u00eda en otras muchas partes del planeta pero no salta a los medios de comunicaci\u00f3n porque ocurre al otro lado. Las principales v\u00edctimas de los yihadistas no somos los occidentales; son los musulmanes que continuamente sufren las iras de esos iluminados que espoleados por el ansia de control, humillan, violan y matan a sus propios hermanos de religi\u00f3n. No hay una guerra entre occidente y el Islam, como argument\u00f3 Georges Bush para justificar la invasi\u00f3n a Iraq. Hay un continuo sufrimiento de una parte del planeta, la cual ans\u00eda vivir en paz, sometida a la tiran\u00eda del terror. Horror proveniente del hambre, de la injusticia, de la desigualdad, de la ambici\u00f3n por el control de los recursos naturales que permiten que la otra parte, viva en la opulencia.<\/p>\n<p dir=\"ltr\">Hoy quien est\u00e1 en peligro no es el mundo occidental, es la humanidad, es nuestro mundo, es la Tierra.<\/p>\n<p dir=\"ltr\">Seamos capaces desde nuestro peque\u00f1o lugar en el mundo, Atarfe, imponer cordura en nuestros h\u00e1bitos cotidianos para construir un mundo m\u00e1s justo, solidario y tolerante, en donde todas las creencias, ideolog\u00edas, religiones, comportamientos, tengan cabida. Y eso solo se consigue con respeto, deferencia al semejante, considerando nuestras diferencias.<\/p>\n<p dir=\"ltr\">Perm\u00edtanme hoy esta licencia.<\/p>\n","protected":false},"excerpt":{"rendered":"<p>Hoy la Gacetilla quiere expresar su solidaridad con el pueblo parisino ante los brutales atentados&#8230;<\/p>\n","protected":false},"author":1,"featured_media":4556,"comment_status":"closed","ping_status":"closed","sticky":false,"template":"","format":"standard","meta":{"_coblocks_attr":"","_coblocks_dimensions":"","_coblocks_responsive_height":"","_coblocks_accordion_ie_support":"","jetpack_post_was_ever_published":false,"_jetpack_newsletter_access":"","_jetpack_dont_email_post_to_subs":false,"_jetpack_newsletter_tier_id":0,"_jetpack_memberships_contains_paywalled_content":false,"_jetpack_memberships_contains_paid_content":false,"footnotes":"","jetpack_publicize_message":"","jetpack_publicize_feature_enabled":true,"jetpack_social_post_already_shared":false,"jetpack_social_options":{"image_generator_settings":{"template":"highway","default_image_id":0,"enabled":false},"version":2}},"categories":[2,38,15],"tags":[1621,260,677,1622,1620],"class_list":["post-4555","post","type-post","status-publish","format-standard","has-post-thumbnail","hentry","category-atarfe","category-opinion-de-jose-enrique-granados","category-ultimas-noticias","tag-al-andaluz","tag-estado-islamico","tag-humanidad","tag-islam","tag-paris"],"jetpack_publicize_connections":[],"jetpack_featured_media_url":"https:\/\/i0.wp.com\/miradordeatarfe.es\/wp-content\/uploads\/2015\/11\/paris1.jpeg?fit=284%2C177&ssl=1","jetpack_likes_enabled":true,"jetpack_sharing_enabled":true,"_links":{"self":[{"href":"https:\/\/miradordeatarfe.es\/index.php?rest_route=\/wp\/v2\/posts\/4555","targetHints":{"allow":["GET"]}}],"collection":[{"href":"https:\/\/miradordeatarfe.es\/index.php?rest_route=\/wp\/v2\/posts"}],"about":[{"href":"https:\/\/miradordeatarfe.es\/index.php?rest_route=\/wp\/v2\/types\/post"}],"author":[{"embeddable":true,"href":"https:\/\/miradordeatarfe.es\/index.php?rest_route=\/wp\/v2\/users\/1"}],"replies":[{"embeddable":true,"href":"https:\/\/miradordeatarfe.es\/index.php?rest_route=%2Fwp%2Fv2%2Fcomments&post=4555"}],"version-history":[{"count":1,"href":"https:\/\/miradordeatarfe.es\/index.php?rest_route=\/wp\/v2\/posts\/4555\/revisions"}],"predecessor-version":[{"id":4557,"href":"https:\/\/miradordeatarfe.es\/index.php?rest_route=\/wp\/v2\/posts\/4555\/revisions\/4557"}],"wp:featuredmedia":[{"embeddable":true,"href":"https:\/\/miradordeatarfe.es\/index.php?rest_route=\/wp\/v2\/media\/4556"}],"wp:attachment":[{"href":"https:\/\/miradordeatarfe.es\/index.php?rest_route=%2Fwp%2Fv2%2Fmedia&parent=4555"}],"wp:term":[{"taxonomy":"category","embeddable":true,"href":"https:\/\/miradordeatarfe.es\/index.php?rest_route=%2Fwp%2Fv2%2Fcategories&post=4555"},{"taxonomy":"post_tag","embeddable":true,"href":"https:\/\/miradordeatarfe.es\/index.php?rest_route=%2Fwp%2Fv2%2Ftags&post=4555"}],"curies":[{"name":"wp","href":"https:\/\/api.w.org\/{rel}","templated":true}]}}