{"id":45553,"date":"2021-02-26T08:18:01","date_gmt":"2021-02-26T07:18:01","guid":{"rendered":"http:\/\/miradordeatarfe.es\/?p=45553"},"modified":"2021-02-25T18:19:35","modified_gmt":"2021-02-25T17:19:35","slug":"que-bien-me-suena-esto","status":"publish","type":"post","link":"https:\/\/miradordeatarfe.es\/?p=45553","title":{"rendered":"Qu\u00e9 bien me suena esto"},"content":{"rendered":"<h3 style=\"text-align: justify;\">Se acerca el D\u00eda de Andaluc\u00eda. Un d\u00eda festivo para todos los andaluces, un d\u00eda de celebraci\u00f3n. Como todos los a\u00f1os por estas fechas, la Junta de Andaluc\u00eda honra a ciudadanos e instituciones que se han distinguido por su buen hacer.<\/h3>\n<p style=\"text-align: justify;\">Entre ellos, el m\u00fasico granadino Jos\u00e9 Garc\u00eda Rom\u00e1n, con la Bandera de Andaluc\u00eda de las Artes. Compositor y organista, Garc\u00eda Rom\u00e1n ha sido ya galardonado en numerosas ocasiones y est\u00e1 considerado como uno de los m\u00fasicos espa\u00f1oles m\u00e1s singulares del \u00faltimo tercio del siglo XX. La Bandera de Andaluc\u00eda que recibir\u00e1 ma\u00f1ana se une a otras muchas distinciones, como la de Caballero de las Artes y las Letras de Francia, el Premio Andaluc\u00eda de Cultura o el Premio Nacional de M\u00fasica.\u00a0<strong>Jos\u00e9 Antonio Mu\u00f1oz<\/strong>\u00a0se ha acercado a hablar con \u00e9l para escribir\u00a0<a href=\"https:\/\/www.ideal.es\/culturas\/granada-maestra-sensibilidad-20210225210242-nt.html#vca=261558&amp;vso=nw&amp;vmc=20210225070955-1001-100-diaria_manana_granada_0160&amp;vli=re_plant-c-1&amp;vus=_guid_Ly4QnLjZpHbQuHJwzGdeNA%3D%3D\" target=\"_blank\" rel=\"noopener\" data-saferedirecturl=\"https:\/\/www.google.com\/url?q=https:\/\/www.ideal.es\/culturas\/granada-maestra-sensibilidad-20210225210242-nt.html%23vca%3D261558%26vso%3Dnw%26vmc%3D20210225070955-1001-100-diaria_manana_granada_0160%26vli%3Dre_plant-c-1%26vus%3D_guid_Ly4QnLjZpHbQuHJwzGdeNA%253D%253D&amp;source=gmail&amp;ust=1614357637519000&amp;usg=AFQjCNFPdwRSzYp1SFmmRjxrFMpBz4xtyA\">la entrevista que te propongo ahora y con la que puedes conocer un poco m\u00e1s esta extraordinaria figura de la m\u00fasica nacida en Las Gabias en 1945<\/a>. Garc\u00eda Rom\u00e1n habla de m\u00fasica, por supuesto, pero tambi\u00e9n y mucho de Granada y de su pol\u00edtica cultural. Echa la vista atr\u00e1s y afirma con verbo culto que \u00abel protagonismo y las expectativas que ten\u00eda Granada navegan hoy en el mar de la frustraci\u00f3n, aunque con la esperanza de que lo mejor queda por venir, a pesar de que algunos no lo disfrutemos. No se olvide que Granada, capital y provincia, es faro geogr\u00e1fico de la Pen\u00ednsula Ib\u00e9rica, y este simbolismo es un reto de cumbres\u00bb.<\/p>\n<p style=\"text-align: justify;\">Adem\u00e1s de Jos\u00e9 Garc\u00eda Rom\u00e1n, entre los galardonados con la Bandera de Andaluc\u00eda en este 2021 est\u00e1n la bailaora Mar\u00eda Guardia \u2018Mariquilla\u2019; el Centro Art\u00edstico y Literario; el IES Padre Su\u00e1rez; el restaurante Los Manueles; la Cooperativa Agr\u00edcola San Sebasti\u00e1n; el proyecto \u2018Conoce tus fuentes\u2019; el Instituto de Astrof\u00edsica de Andaluc\u00eda; la Asociaci\u00f3n Granadina de P\u00e1rkinson;la atleta Mar\u00eda P\u00e9rez y la Asociaci\u00f3n de V\u00edctimas del Terrorismo. Las banderas se entregar\u00e1n en un acto que tendr\u00e1 lugar en la sede de la Junta en la antigua Escuela Normal, y podr\u00e1s seguirlo en directo en la web de IDEAL.<\/p>\n<p style=\"text-align: justify;\">Y con buenos sonidos seguimos. Porque hoy es el D\u00eda del Implante Coclear, este revolucionario sistema que consigue que las personas sordas vuelvan a o\u00edr. Nada que ver con el &#8216;sencillo&#8217; aud\u00edfono, que se limita a amplificar el sonido antes de llegar al o\u00eddo. El sofisticado implante coclear intenta reemplazar el funcionamiento del o\u00eddo interno, transfiere el sonido directamente al nervio auditivo y de ah\u00ed al cerebro. Es un &#8216;o\u00eddo artificial&#8217;. Pues bien, nuestro Hospital Cl\u00ednico San Cecilio, referencia en Andaluc\u00eda de este tipo de intervenciones, ha realizado ya 1.400 implantes cocleares desde su origen en 1989.\u00a0<strong>\u00c1lvaro L\u00f3pez<\/strong>\u00a0ha escrito un\u00a0<a href=\"https:\/\/www.ideal.es\/granada\/magia-mundo-primera-20210225224403-nt.html#vca=261558&amp;vso=nw&amp;vmc=20210225070955-1001-100-diaria_manana_granada_0160&amp;vli=re_plant-c-1&amp;vus=_guid_Ly4QnLjZpHbQuHJwzGdeNA%3D%3D\" target=\"_blank\" rel=\"noopener\" data-saferedirecturl=\"https:\/\/www.google.com\/url?q=https:\/\/www.ideal.es\/granada\/magia-mundo-primera-20210225224403-nt.html%23vca%3D261558%26vso%3Dnw%26vmc%3D20210225070955-1001-100-diaria_manana_granada_0160%26vli%3Dre_plant-c-1%26vus%3D_guid_Ly4QnLjZpHbQuHJwzGdeNA%253D%253D&amp;source=gmail&amp;ust=1614357637519000&amp;usg=AFQjCNGd3qCw_ksyl4esyafmoLWB96hypw\">amplio y minucioso reportaje en el que, adem\u00e1s de explicar detalladamente todos los intr\u00edngulis t\u00e9cnicos de los implantes cocleares y su evoluci\u00f3n, ha compartido la jornada con varios granadinos que se han beneficiado de esta tecnolog\u00eda m\u00e9dica<\/a>. Y todos le han confirmado con entusiasmo que te cambia la vida. A los &#8216;implantados&#8217;, por su puesto, y a sus familiares y allegados tambi\u00e9n. Como los padres de Paola, a quienes les delatan sus ojos de felicidad viendo a su ni\u00f1a de cuatro a\u00f1os corretear marcando con fuerza los pasos para hagan mucho ruido. Un ruido que hace s\u00f3lo un par de a\u00f1os ella no pod\u00eda o\u00edr.<\/p>\n<p style=\"text-align: justify;\">Hablaba al inicio de esta carta de los distinguidos por la Junta por el D\u00eda de Andaluc\u00eda. Este a\u00f1o, el Granada lo es con la Medalla de Andaluc\u00eda del Deporte, por sus 90 a\u00f1os desde la fundaci\u00f3n del club de f\u00fatbol de nuestra ciudad y coincidiendo con esta hist\u00f3rica etapa en la que ha alcanzado sus m\u00e1s altos niveles competitivos. Y hoy puede dar un paso m\u00e1s en esta plusmarca. Disputa en N\u00e1poles el partido de vuelta de los dieciseisavos de final de la Europa League. Aqu\u00ed, los napolitanos ya comprendieron que este &#8216;desconocido&#8217; Granada es un equipo de cuidado. De aqu\u00ed se llevaron un 2-0 que hoy intentar\u00e1n neutralizar en el campo rebautizado como Diego Armando Maradona. All\u00ed estar\u00e1 tambi\u00e9n nuestro compa\u00f1ero\u00a0<strong>Rafael Lamelas<\/strong>, que hoy en N\u00e1poles ha compartido jornada con la plantilla nazar\u00ed y con el t\u00e9cnico, Diego Mart\u00ednez.\u00a0<a href=\"https:\/\/www.ideal.es\/granadacf\/escenario-hazana-20210225234253-nt.html#vca=261558&amp;vso=nw&amp;vmc=20210225070955-1001-100-diaria_manana_granada_0160&amp;vli=re_plant-c-1&amp;vus=_guid_Ly4QnLjZpHbQuHJwzGdeNA%3D%3D\" target=\"_blank\" rel=\"noopener\" data-saferedirecturl=\"https:\/\/www.google.com\/url?q=https:\/\/www.ideal.es\/granadacf\/escenario-hazana-20210225234253-nt.html%23vca%3D261558%26vso%3Dnw%26vmc%3D20210225070955-1001-100-diaria_manana_granada_0160%26vli%3Dre_plant-c-1%26vus%3D_guid_Ly4QnLjZpHbQuHJwzGdeNA%253D%253D&amp;source=gmail&amp;ust=1614357637519000&amp;usg=AFQjCNHOGIm2cyIeVhMCqz5udMh4zs_4sg\">Te lo cuenta en su cr\u00f3nica previa al partido<\/a>, donde explica que \u00abEl grupo viaj\u00f3 con todos los futbolistas de la primera plantilla y algunos del filial. Diego Mart\u00ednez solo descart\u00f3 a Luis Milla. Roberto Soldado estuvo desde el principio con el grupo, para sorpresa general, decidido a dar el do de pecho\u00bb. Tambi\u00e9n aprovech\u00f3 para dar\u00a0<a href=\"https:\/\/www.ideal.es\/granadacf\/visita-templo-d10s-20210225001824-nt.html#vca=261558&amp;vso=nw&amp;vmc=20210225070955-1001-100-diaria_manana_granada_0160&amp;vli=re_plant-c-1&amp;vus=_guid_Ly4QnLjZpHbQuHJwzGdeNA%3D%3D\" target=\"_blank\" rel=\"noopener\" data-saferedirecturl=\"https:\/\/www.google.com\/url?q=https:\/\/www.ideal.es\/granadacf\/visita-templo-d10s-20210225001824-nt.html%23vca%3D261558%26vso%3Dnw%26vmc%3D20210225070955-1001-100-diaria_manana_granada_0160%26vli%3Dre_plant-c-1%26vus%3D_guid_Ly4QnLjZpHbQuHJwzGdeNA%253D%253D&amp;source=gmail&amp;ust=1614357637519000&amp;usg=AFQjCNFt_RwGAI4VIg_DOu6i1neNwZmu3g\">un largo paseo por la ciudad napolitana y comprobar la pasi\u00f3n de los aficionados por su club de f\u00fatbol<\/a>. El color azul y los distintivos de su equipo est\u00e1n muy presentes en todas las calles, pero a la gente le duele no poder ir al estadio.<\/p>\n<p style=\"text-align: justify;\">JAVIER D\u00cdEZ FORCADA<\/p>\n<p>FOTO: Jos\u00e9 Garc\u00eda Rom\u00e1n, en una foto de archivo, durante un ensayo de la Orquesta Ciudad de Granada. RAM\u00d3N L. P\u00c9REZ<\/p>\n<p>&nbsp;<\/p>\n","protected":false},"excerpt":{"rendered":"<p>Se acerca el D\u00eda de Andaluc\u00eda. Un d\u00eda festivo para todos los andaluces, un d\u00eda&#8230;<\/p>\n","protected":false},"author":1,"featured_media":45554,"comment_status":"closed","ping_status":"closed","sticky":false,"template":"","format":"standard","meta":{"_coblocks_attr":"","_coblocks_dimensions":"","_coblocks_responsive_height":"","_coblocks_accordion_ie_support":"","jetpack_post_was_ever_published":false,"_jetpack_newsletter_access":"","_jetpack_dont_email_post_to_subs":false,"_jetpack_newsletter_tier_id":0,"_jetpack_memberships_contains_paywalled_content":false,"_jetpack_memberships_contains_paid_content":false,"footnotes":"","jetpack_publicize_message":"","jetpack_publicize_feature_enabled":true,"jetpack_social_post_already_shared":false,"jetpack_social_options":{"image_generator_settings":{"template":"highway","default_image_id":0,"enabled":false},"version":2}},"categories":[1161,44,6937,15],"tags":[129,989],"class_list":["post-45553","post","type-post","status-publish","format-standard","has-post-thumbnail","hentry","category-ciudadania","category-noticias-de-hoy","category-sociedad","category-ultimas-noticias","tag-granada","tag-noticias"],"jetpack_publicize_connections":[],"jetpack_featured_media_url":"https:\/\/i0.wp.com\/miradordeatarfe.es\/wp-content\/uploads\/2021\/02\/unnamed-1-1.jpg?fit=600%2C372&ssl=1","jetpack_likes_enabled":true,"jetpack_sharing_enabled":true,"_links":{"self":[{"href":"https:\/\/miradordeatarfe.es\/index.php?rest_route=\/wp\/v2\/posts\/45553","targetHints":{"allow":["GET"]}}],"collection":[{"href":"https:\/\/miradordeatarfe.es\/index.php?rest_route=\/wp\/v2\/posts"}],"about":[{"href":"https:\/\/miradordeatarfe.es\/index.php?rest_route=\/wp\/v2\/types\/post"}],"author":[{"embeddable":true,"href":"https:\/\/miradordeatarfe.es\/index.php?rest_route=\/wp\/v2\/users\/1"}],"replies":[{"embeddable":true,"href":"https:\/\/miradordeatarfe.es\/index.php?rest_route=%2Fwp%2Fv2%2Fcomments&post=45553"}],"version-history":[{"count":1,"href":"https:\/\/miradordeatarfe.es\/index.php?rest_route=\/wp\/v2\/posts\/45553\/revisions"}],"predecessor-version":[{"id":45555,"href":"https:\/\/miradordeatarfe.es\/index.php?rest_route=\/wp\/v2\/posts\/45553\/revisions\/45555"}],"wp:featuredmedia":[{"embeddable":true,"href":"https:\/\/miradordeatarfe.es\/index.php?rest_route=\/wp\/v2\/media\/45554"}],"wp:attachment":[{"href":"https:\/\/miradordeatarfe.es\/index.php?rest_route=%2Fwp%2Fv2%2Fmedia&parent=45553"}],"wp:term":[{"taxonomy":"category","embeddable":true,"href":"https:\/\/miradordeatarfe.es\/index.php?rest_route=%2Fwp%2Fv2%2Fcategories&post=45553"},{"taxonomy":"post_tag","embeddable":true,"href":"https:\/\/miradordeatarfe.es\/index.php?rest_route=%2Fwp%2Fv2%2Ftags&post=45553"}],"curies":[{"name":"wp","href":"https:\/\/api.w.org\/{rel}","templated":true}]}}