{"id":45557,"date":"2021-02-27T08:20:47","date_gmt":"2021-02-27T07:20:47","guid":{"rendered":"http:\/\/miradordeatarfe.es\/?p=45557"},"modified":"2021-02-25T20:49:59","modified_gmt":"2021-02-25T19:49:59","slug":"la-escuela-andaluza-de-salud-publica","status":"publish","type":"post","link":"https:\/\/miradordeatarfe.es\/?p=45557","title":{"rendered":"La Escuela Andaluza de Salud P\u00fablica"},"content":{"rendered":"<h3 class=\"voc-opinion\" style=\"text-align: justify;\">Este centro de prestigio internacional, deber\u00eda ser apoyado por la Junta de Andaluc\u00eda, en lugar de ser absorbido por un ente nuevo<\/h3>\n<div class=\"voc-detail voc-detail-grid\" data-voc-share-selection=\"\">\n<p style=\"text-align: justify;\">El pasado 12 de febrero, la Junta de Andaluc\u00eda abri\u00f3 la consulta p\u00fablica previa al anteproyecto de ley de creaci\u00f3n del Instituto Andaluz de Salud, el \u00f3rgano que absorber\u00e1 a la Escuela Andaluza de Salud P\u00fablica. Todas las instituciones p\u00fablicas y privadas granadinas, salvo el equipo de gobierno del Ayuntamiento de Granada que apoya la absorci\u00f3n, est\u00e1n escandalizadas por esta nueva actitud centralista. \u00bfAcaso Granada no ha perdido ya casi todo lo que ten\u00eda? \u00bfTodav\u00eda precisa mayor tributo el voraz centralismo sevillano? Como muy bien dice Gerardo Cuerva, presidente de la C\u00e1mara de Comercio, si la soluci\u00f3n es integrar la Escuela de Salud en un Instituto, que pongan la sede de dicho Instituto en Granada. \u00bfAcaso no es Granada la ciudad de la salud y la investigaci\u00f3n sociosanitaria en Andaluc\u00eda?<\/p>\n<p style=\"text-align: justify;\">Si al principio de la autonom\u00eda las provincias ten\u00edan capacidad de programar y decidir sobre temas que afectaban a su territorio, esa potestad cada d\u00eda se ha ido restringiendo m\u00e1s. El poder sevillano, emulando al antiguo centralismo madrile\u00f1o, tiene una visi\u00f3n centr\u00edpeta del poder. Si a esa actitud centralista, mostrada tambi\u00e9n por gobiernos anteriores, se une la consigna machacona de los partidos actuales de gobierno en Andaluc\u00eda de que iban a eliminar todos los &#8216;chiringuitos&#8217;, nos encontramos con lo que estamos viviendo: al considerar &#8216;chiringuitos&#8217; mal gestionados al Parque de las Ciencias y a la Escuela de Salud P\u00fablica, revocan su autonom\u00eda al primero (hace ya un a\u00f1o), y pretenden eliminar al segundo, para crear un Instituto de Salud P\u00fablica, \u00e9ste s\u00ed, sevillano, y, por ello, de absoluta solvencia.<\/p>\n<p style=\"text-align: justify;\">Lo que no saben en la Junta de Andaluc\u00eda es que Granada, en los \u00faltimos a\u00f1os, no siempre ha sido sumisa a situaciones injustas y caprichosas del poder. Preg\u00fantenle a Susana D\u00edaz si no fue en Granada donde empez\u00f3 el declive de su mandato, cuando no quer\u00eda acceder a dos hospitales. Actualmente, la Escuela Andaluza de Salud P\u00fablica, creada en 1985, es un referente a nivel internacional en la formaci\u00f3n y la investigaci\u00f3n sanitaria; desarrolla actividades de formaci\u00f3n y consultor\u00eda para la mejora de la salud; es centro colaborador de la Organizaci\u00f3n Mundial de la Salud, y participa con m\u00faltiples asociaciones internacionales de salud p\u00fablica; imparte masters y cursos de expertos reconocidos por la UGR\u2026<\/p>\n<p style=\"text-align: justify;\">Como dice Miguel L\u00f3pez Acu\u00f1a, experto internacional en Salud P\u00fablica, sin militancia de partido y buen conocedor de nuestro centro: \u00abLa Escuela Andaluza de Salud P\u00fablica goza de un amplio prestigio en todo el mundo\u2026 y quienes han formulado la propuesta de eliminarla adolecen de una gran miop\u00eda profesional e institucional, carecen de visi\u00f3n estrat\u00e9gica sectorial y se han equivocado rotunda y peligrosamente\u2026 Esta decisi\u00f3n esconde una acci\u00f3n perversa: el debilitamiento de la Salud P\u00fablica en Andaluc\u00eda, pues lleva consigo la p\u00e9rdida del capital humano, profesional, cient\u00edfico y sanitario que se ha construido durante tres d\u00e9cadas en la EASP\u00bb.<\/p>\n<\/div>\n<div class=\"voc-topics voc-detail-grid\">\n<h3><a class=\"voc-author\" style=\"font-size: 16px;\" title=\"JUAN SANTAELLA\">JUAN SANTAELLA<\/a><\/h3>\n<p>https:\/\/www.ideal.es\/opinion\/escuela-andaluza-salud-20210225183236-nt.html<\/p>\n<\/div>\n","protected":false},"excerpt":{"rendered":"<p>Este centro de prestigio internacional, deber\u00eda ser apoyado por la Junta de Andaluc\u00eda, en lugar&#8230;<\/p>\n","protected":false},"author":1,"featured_media":45558,"comment_status":"closed","ping_status":"closed","sticky":false,"template":"","format":"standard","meta":{"_coblocks_attr":"","_coblocks_dimensions":"","_coblocks_responsive_height":"","_coblocks_accordion_ie_support":"","jetpack_post_was_ever_published":false,"_jetpack_newsletter_access":"","_jetpack_dont_email_post_to_subs":false,"_jetpack_newsletter_tier_id":0,"_jetpack_memberships_contains_paywalled_content":false,"_jetpack_memberships_contains_paid_content":false,"footnotes":"","jetpack_publicize_message":"","jetpack_publicize_feature_enabled":true,"jetpack_social_post_already_shared":false,"jetpack_social_options":{"image_generator_settings":{"template":"highway","default_image_id":0,"enabled":false},"version":2}},"categories":[44,15,10],"tags":[8102,129,55],"class_list":["post-45557","post","type-post","status-publish","format-standard","has-post-thumbnail","hentry","category-noticias-de-hoy","category-ultimas-noticias","category-salud","tag-easp","tag-granada","tag-salud"],"jetpack_publicize_connections":[],"jetpack_featured_media_url":"https:\/\/i0.wp.com\/miradordeatarfe.es\/wp-content\/uploads\/2021\/02\/easp.jpg?fit=680%2C419&ssl=1","jetpack_likes_enabled":true,"jetpack_sharing_enabled":true,"_links":{"self":[{"href":"https:\/\/miradordeatarfe.es\/index.php?rest_route=\/wp\/v2\/posts\/45557","targetHints":{"allow":["GET"]}}],"collection":[{"href":"https:\/\/miradordeatarfe.es\/index.php?rest_route=\/wp\/v2\/posts"}],"about":[{"href":"https:\/\/miradordeatarfe.es\/index.php?rest_route=\/wp\/v2\/types\/post"}],"author":[{"embeddable":true,"href":"https:\/\/miradordeatarfe.es\/index.php?rest_route=\/wp\/v2\/users\/1"}],"replies":[{"embeddable":true,"href":"https:\/\/miradordeatarfe.es\/index.php?rest_route=%2Fwp%2Fv2%2Fcomments&post=45557"}],"version-history":[{"count":1,"href":"https:\/\/miradordeatarfe.es\/index.php?rest_route=\/wp\/v2\/posts\/45557\/revisions"}],"predecessor-version":[{"id":45559,"href":"https:\/\/miradordeatarfe.es\/index.php?rest_route=\/wp\/v2\/posts\/45557\/revisions\/45559"}],"wp:featuredmedia":[{"embeddable":true,"href":"https:\/\/miradordeatarfe.es\/index.php?rest_route=\/wp\/v2\/media\/45558"}],"wp:attachment":[{"href":"https:\/\/miradordeatarfe.es\/index.php?rest_route=%2Fwp%2Fv2%2Fmedia&parent=45557"}],"wp:term":[{"taxonomy":"category","embeddable":true,"href":"https:\/\/miradordeatarfe.es\/index.php?rest_route=%2Fwp%2Fv2%2Fcategories&post=45557"},{"taxonomy":"post_tag","embeddable":true,"href":"https:\/\/miradordeatarfe.es\/index.php?rest_route=%2Fwp%2Fv2%2Ftags&post=45557"}],"curies":[{"name":"wp","href":"https:\/\/api.w.org\/{rel}","templated":true}]}}