{"id":45689,"date":"2021-03-07T10:13:47","date_gmt":"2021-03-07T09:13:47","guid":{"rendered":"http:\/\/miradordeatarfe.es\/?p=45689"},"modified":"2021-03-03T18:16:35","modified_gmt":"2021-03-03T17:16:35","slug":"el-proyecto-valderrubio-ciudad-neuroactiva-premio-salud-de-la-union-europea","status":"publish","type":"post","link":"https:\/\/miradordeatarfe.es\/?p=45689","title":{"rendered":"El proyecto \u2018Valderrubio, ciudad neuroactiva\u2019, premio Salud de la Uni\u00f3n Europea"},"content":{"rendered":"<div class=\"cuerpo\">\n<h3 style=\"text-align: justify;\">En una ceremonia virtual, la Comisi\u00f3n Europea ha premiado las iniciativas destacadas de ciudades, ONG y escuelas que buscan promover estilos de vida saludables.<\/h3>\n<p style=\"text-align: justify;\">Tres proyectos fueron preseleccionados por cada categor\u00eda. El proyecto presentado por los participantes de Valderrubio ha obtenido el tercer puesto, tras Drakenhof Primary School de B\u00e9lgica (segundo premio) y Primary School \u2018Vuk Stefanovi\u0107 Karad\u017ei\u0107\u2019 Doboj de Bosnia Herzegovina (primer premio).<\/p>\n<p style=\"text-align: justify;\">La iniciativa impulsada por el CEIP Juan Pablo I se basa en tres m\u00e1ximas: rigor, humor y amor. La alumna de segundo de la ESO In\u00e9s Garc\u00eda Mart\u00edn ha explicado un proyecto que promueve la salud y el bienestar mediante el emprendimiento y la b\u00fasqueda activa de soluciones.<\/p>\n<p style=\"text-align: justify;\">Para ilustrarlo, ha detallado acciones como los 30 talleres de salud y cerebro sano dirigidas a toda la comunidad. Asimismo, ha incidido en las charlas divulgativas para j\u00f3venes y familias donde expertos en neuropsicolog\u00eda han explicado c\u00f3mo potenciar acciones saludables basada en el movimiento.<\/p>\n<p class=\"img\" style=\"text-align: justify;\">\u00a0<\/p>\n<div class=\"media media-element-container media-default\" style=\"text-align: justify;\">\n<div id=\"file-63405\" class=\"file file-image file-image-jpeg\">\n<h2 class=\"element-invisible\"><img data-recalc-dims=\"1\" loading=\"lazy\" decoding=\"async\" class=\"media-element file-default\" src=\"https:\/\/i0.wp.com\/www.elindependientedegranada.es\/sites\/default\/files\/img_20191202_171904_1614685672.jpg?resize=640%2C480&#038;ssl=1\" alt=\"\" width=\"640\" height=\"480\" data-delta=\"1\" \/><\/h2>\n<p>Una de las actividades que forman parte de esta iniciativa. <span class=\"firma\">f.d<\/span>.<\/div>\n<\/div>\n<p style=\"text-align: justify;\">En su presentaci\u00f3n, tambi\u00e9n han detallado algunas de sus p\u00edldoras neuroactivas difundidas en espacios donde la poblaci\u00f3n pasa un tiempo de espera, como farmacias o el centro de salud. El objetivo es aportar neuroconsejos a la poblaci\u00f3n general, con ejemplos como: \u201c\u00bfSabes que la m\u00fasica estimula el cerebro?\u201d \u201c\u00bfSabes que el ejercicio potencia tu cerebro?\u201d \u201c\u00bfSabes que el movimiento ayuda a estimular tu cognici\u00f3n?\u201d<\/p>\n<p style=\"text-align: justify;\">Para finalizar, ha apelado a que la voz de los j\u00f3venes se escuche en todo el continente para impulsar la salud f\u00edsica y mental de la poblaci\u00f3n, mediante este enfoque creativo y con acciones dise\u00f1adas por los escolares. \u201cNo solo somos el futuro, somos el presente m\u00e1s esperanzador de Europa\u201d, ha concluido.<\/p>\n<h4 style=\"text-align: justify;\">Fin de proyecto<\/h4>\n<p style=\"text-align: justify;\">Este premio supone un impulso para un proyecto de ciencia ciudadana que encara ya su \u00faltima fase donde comprobar\u00e1n la efectividad de sus intervenciones, mediante una evaluaci\u00f3n, en la que est\u00e1n implicados los diferentes agentes sociales.<\/p>\n<p style=\"text-align: justify;\">Esta informaci\u00f3n se plasmar\u00e1 en un \u2018Dec\u00e1logo Neuroactivo\u2019 recomendaciones que abordar\u00e1n todas las etapas del ciclo vital coordinado de forma intergeneracional e impulsado desde la infancia como \u2018promotora de salud\u2019.<\/p>\n<p style=\"text-align: justify;\">En el proyecto, que cuenta con la asesor\u00eda cient\u00edfica del centro de investigaci\u00f3n Mente, Cerebro y Comportamiento de la Universidad de Granada, participan el Centro de Educaci\u00f3n Infantil, Primaria y Secundaria Juan Pablo I, el Centro de D\u00eda para mayores en situaci\u00f3n de dependencia, el Centro ocupacional para personas con deficiencias graves Frida Luna, el Centro de Salud, la Asociaci\u00f3n de Madres y Padres del Alumnado Darahali, el centro Guadalinfo. Asimismo, colaboran el Centro de Rehabilitaci\u00f3n AISSE Sinergia y el Centro de Neurorehabilitaci\u00f3n Neurocenter.<\/p>\n<h4 style=\"text-align: justify;\">Andaluc\u00eda, mejor con ciencia<\/h4>\n<p style=\"text-align: justify;\">\u2018Valderrubio: ciudad neuroactiva\u2019 forma parte del programa de la Fundaci\u00f3n \u2018Andaluc\u00eda, mejor con ciencia\u2019, cofinanciado por la consejer\u00eda de Consejer\u00eda de Transformaci\u00f3n Econ\u00f3mica, Industria, Conocimiento y Universidades de la Junta de Andaluc\u00eda. Esta iniciativa de ciencia ciudadana ha sido seleccionada como pr\u00e1ctica inspiradora por la Fundaci\u00f3n Espa\u00f1ola para la Ciencia y la Tecnolog\u00eda (FECYT).<\/p>\n<p style=\"text-align: justify;\">Hasta el momento, el programa ha contado con 20 proyectos de mejora del entorno en comunidad, 11 de ellos desarrollados en la provincia de Granada.<\/p>\n<div class=\"tags\">\n<div class=\"field field-name-field-taxonomia-economia field-type-taxonomy-term-reference field-label-hidden\">\n<div class=\"field-items\">\n<div class=\"field-item even\"><a href=\"http:\/\/www.elindependientedegranada.es\/tags\/economia\/fundacion-descubre\">Fundaci\u00f3n Descubre<\/a><\/div>\n<\/div>\n<\/div>\n<\/div>\n<div class=\"entrad\">\u00a0<\/div>\n<div class=\"blq-img mainImg\">\n<div class=\"txt\">\n<div class=\"firma\">FOTO:\u00a0 Profesorado y alumnado que participa en el proyecto.<\/div>\n<\/div>\n<\/div>\n<\/div>\n","protected":false},"excerpt":{"rendered":"<p>En una ceremonia virtual, la Comisi\u00f3n Europea ha premiado las iniciativas destacadas de ciudades, ONG&#8230;<\/p>\n","protected":false},"author":1,"featured_media":45690,"comment_status":"closed","ping_status":"closed","sticky":false,"template":"","format":"standard","meta":{"_coblocks_attr":"","_coblocks_dimensions":"","_coblocks_responsive_height":"","_coblocks_accordion_ie_support":"","jetpack_post_was_ever_published":false,"_jetpack_newsletter_access":"","_jetpack_dont_email_post_to_subs":false,"_jetpack_newsletter_tier_id":0,"_jetpack_memberships_contains_paywalled_content":false,"_jetpack_memberships_contains_paid_content":false,"footnotes":"","jetpack_publicize_message":"","jetpack_publicize_feature_enabled":true,"jetpack_social_post_already_shared":false,"jetpack_social_options":{"image_generator_settings":{"template":"highway","default_image_id":0,"enabled":false},"version":2}},"categories":[187,1161,44,15],"tags":[8120,378],"class_list":["post-45689","post","type-post","status-publish","format-standard","has-post-thumbnail","hentry","category-centros-educativos","category-ciudadania","category-noticias-de-hoy","category-ultimas-noticias","tag-investigacion-europa","tag-proyectos"],"jetpack_publicize_connections":[],"jetpack_featured_media_url":"https:\/\/i0.wp.com\/miradordeatarfe.es\/wp-content\/uploads\/2021\/03\/foto-grupo_1614685695.jpg?fit=677%2C427&ssl=1","jetpack_likes_enabled":true,"jetpack_sharing_enabled":true,"_links":{"self":[{"href":"https:\/\/miradordeatarfe.es\/index.php?rest_route=\/wp\/v2\/posts\/45689","targetHints":{"allow":["GET"]}}],"collection":[{"href":"https:\/\/miradordeatarfe.es\/index.php?rest_route=\/wp\/v2\/posts"}],"about":[{"href":"https:\/\/miradordeatarfe.es\/index.php?rest_route=\/wp\/v2\/types\/post"}],"author":[{"embeddable":true,"href":"https:\/\/miradordeatarfe.es\/index.php?rest_route=\/wp\/v2\/users\/1"}],"replies":[{"embeddable":true,"href":"https:\/\/miradordeatarfe.es\/index.php?rest_route=%2Fwp%2Fv2%2Fcomments&post=45689"}],"version-history":[{"count":2,"href":"https:\/\/miradordeatarfe.es\/index.php?rest_route=\/wp\/v2\/posts\/45689\/revisions"}],"predecessor-version":[{"id":45692,"href":"https:\/\/miradordeatarfe.es\/index.php?rest_route=\/wp\/v2\/posts\/45689\/revisions\/45692"}],"wp:featuredmedia":[{"embeddable":true,"href":"https:\/\/miradordeatarfe.es\/index.php?rest_route=\/wp\/v2\/media\/45690"}],"wp:attachment":[{"href":"https:\/\/miradordeatarfe.es\/index.php?rest_route=%2Fwp%2Fv2%2Fmedia&parent=45689"}],"wp:term":[{"taxonomy":"category","embeddable":true,"href":"https:\/\/miradordeatarfe.es\/index.php?rest_route=%2Fwp%2Fv2%2Fcategories&post=45689"},{"taxonomy":"post_tag","embeddable":true,"href":"https:\/\/miradordeatarfe.es\/index.php?rest_route=%2Fwp%2Fv2%2Ftags&post=45689"}],"curies":[{"name":"wp","href":"https:\/\/api.w.org\/{rel}","templated":true}]}}