{"id":45866,"date":"2021-03-14T11:43:22","date_gmt":"2021-03-14T10:43:22","guid":{"rendered":"http:\/\/miradordeatarfe.es\/?p=45866"},"modified":"2021-03-13T14:00:59","modified_gmt":"2021-03-13T13:00:59","slug":"ermita-de-santa-ana","status":"publish","type":"post","link":"https:\/\/miradordeatarfe.es\/?p=45866","title":{"rendered":"\u00bb ERMITA DE SANTA ANA\u00bb Por Juan Manuel G. Segade"},"content":{"rendered":"<h3><b>ATARFE. <\/b>Ermita de Santa ANA. Arquitecto reconstructor: Juan de Dios Wilhelmy ( REGIONES DESVASTADAS) . Atarfe. Granada.1958<\/h3>\n<p>Aunque ahora funcione como parroquia, reconstruida en 1958 por Regiones Devastadas bajo la direcci\u00f3n de Don Juan de Dios Wilhelmy, se trata, sin duda de una capilla \u201cse\u00f1orial\u201d pante\u00f3n de los Enr\u00edquez de la Luna, enterrados en la misma, que debe remontarse al siglo XVIII, del que todav\u00eda se conserva un valioso retablo y varias tallas estofadas de buena factura.<\/p>\n<p>La l\u00e1pida m\u00e1s antigua, situada en el suelo delante del presbiterio, presenta el escudo de la familia, sobre el que se lee:<\/p>\n<p align=\"CENTER\">AQVI YACE EL SE\u00d1OR<br \/>\nDON GONZALO HENRI<br \/>\nQVEZ DE LUNA CAVALLE<br \/>\nRO DE EL REAL DISTIN<br \/>\nGVIDO ORDEN DE<br \/>\nCARLOS TERCERO Y CO<br \/>\nNSEJERO EN EL SVPR<br \/>\nEMO DE CASTILLA. MV<br \/>\nRIO EL DIA 8 DE SEPTI<br \/>\nEMBRE DE EL A\u00d1O DE<br \/>\n1786<br \/>\nREQVIESCAT IN PACE<\/p>\n<p>En las otras l\u00e1pidas incrustadas en los muros laterales constan nombres y fecha de fallecimiento de descendientes familiares:<\/p>\n<ol>\n<li>\n<p>Sra. D\u00aa, Concepci\u00f3n de Campos y Molina. 14-XI-1865<\/p>\n<\/li>\n<\/ol>\n<ol start=\"2\">\n<li>\n<p>Sr. D. Gonzalo Enr\u00edquez de Lunay Rojas Caballero de la Orden de Santiago y Coronel de Infanter\u00eda retirado 24-IX-1845. 83 a\u00f1os 3m20d.<\/p>\n<\/li>\n<\/ol>\n<ol start=\"3\">\n<li>\n<p>D\u00aa. Concepci\u00f3n Enr\u00edquez y Campos 19-I-1838. 24 a\u00f1os<\/p>\n<\/li>\n<\/ol>\n<ol start=\"4\">\n<li>\n<p>D. Antonio Osuna y Guerrero Capit\u00e1n del Regimiento Provincial 9-III-1838. 38 a\u00f1os<\/p>\n<\/li>\n<\/ol>\n<ol start=\"5\">\n<li>\n<p>D\u00aa. Nicolasa Gim\u00e9nez 16-XII-1858. 72 a\u00f1os<\/p>\n<\/li>\n<\/ol>\n<ol start=\"6\">\n<li>\n<p>D\u00aa. Ana Mar\u00eda Gim\u00e9nez S\u00e1nchez 13-V-1864. 18 a\u00f1os<\/p>\n<\/li>\n<\/ol>\n<ol start=\"7\">\n<li>\n<p>D. Jos\u00e9 Gim\u00e9nez S\u00e1nchez3-X-1864. 20 a\u00f1os<\/p>\n<\/li>\n<\/ol>\n<p style=\"text-align: justify;\">Al parecer, se conserv\u00f3 el retablo del s.XVIII y la armadura de madera vista sobre el presbiterio, con cuadrantes sobre canes y lazo de ocho en el peque\u00f1o almizate. Los faldones tienen dos l\u00edneas de lazo, una a mitad de las gualderas, y otra inmediatamente sobre la cinta del almarbate, que se interrumpen en la calle de limas; las tablas est\u00e1n sin almenar y el arrocabe es totalmente liso; tampoco presenta ninguna decoraci\u00f3n pintada.<\/p>\n<p style=\"text-align: justify;\">La nave restaurada se cubre con b\u00f3veda de medio punto rebajado, dejando lunetos ciegos en cada lado, tal y como se hace en otras iglesias de la \u00e9poca (P\u00ed\u00f1ar), aunque en \u00e9stas, los lunetos alberguen ventanas.<\/p>\n<p style=\"text-align: justify;\">Adem\u00e1s de la imagen de Santa Ana, se conserva sobre una repisa lateral una peque\u00f1a talla de San Jos\u00e9 que puede ser de escuela granadina sobre modelos del XVIII con gran minuciosidad en el modelado y estofa. Su perfil iconogr\u00e1fico sigue un modelo bastante popular a juzgar por los ejemplares que he podido ver en toda la provincia. Como curiosidad, tambi\u00e9n permanece colgado en rescripto del Arzobispo garantizando la autenticidad de las reliquias existentes en la ermita (espina de la corona de Jes\u00fas, velo de la virgen, palio de San Jos\u00e9, y huesos de San Joaqu\u00edn), con fecha de 20 de Julio de 1844.<\/p>\n<p><a href=\"https:\/\/i0.wp.com\/miradordeatarfe.es\/wp-content\/uploads\/2021\/03\/20210203140957_01-scaled.jpg?ssl=1\"><img data-recalc-dims=\"1\" loading=\"lazy\" decoding=\"async\" class=\"alignnone wp-image-45871 size-large\" src=\"https:\/\/i0.wp.com\/miradordeatarfe.es\/wp-content\/uploads\/2021\/03\/20210203140957_01.jpg?resize=618%2C953&#038;ssl=1\" alt=\"\" width=\"618\" height=\"953\" srcset=\"https:\/\/i0.wp.com\/miradordeatarfe.es\/wp-content\/uploads\/2021\/03\/20210203140957_01-scaled.jpg?resize=664%2C1024&amp;ssl=1 664w, https:\/\/i0.wp.com\/miradordeatarfe.es\/wp-content\/uploads\/2021\/03\/20210203140957_01-scaled.jpg?resize=194%2C300&amp;ssl=1 194w, https:\/\/i0.wp.com\/miradordeatarfe.es\/wp-content\/uploads\/2021\/03\/20210203140957_01-scaled.jpg?resize=768%2C1185&amp;ssl=1 768w, https:\/\/i0.wp.com\/miradordeatarfe.es\/wp-content\/uploads\/2021\/03\/20210203140957_01-scaled.jpg?resize=996%2C1536&amp;ssl=1 996w, https:\/\/i0.wp.com\/miradordeatarfe.es\/wp-content\/uploads\/2021\/03\/20210203140957_01-scaled.jpg?resize=1327%2C2048&amp;ssl=1 1327w, https:\/\/i0.wp.com\/miradordeatarfe.es\/wp-content\/uploads\/2021\/03\/20210203140957_01-scaled.jpg?resize=1320%2C2037&amp;ssl=1 1320w, https:\/\/i0.wp.com\/miradordeatarfe.es\/wp-content\/uploads\/2021\/03\/20210203140957_01-scaled.jpg?w=1659&amp;ssl=1 1659w\" sizes=\"auto, (max-width: 618px) 100vw, 618px\" \/><\/a><br \/>\nErmita de Santa ANA<br \/>\nArquitecto: Juan de Dios Wilhelmy (Regiones Devastadas)<br \/>\nATARFE. Granada<br \/>\n1958 (Reconstrucci\u00f3n). Original del s.XVIII<\/p>\n<p>&nbsp;<\/p>\n<p>&nbsp;<\/p>\n<p>&nbsp;<\/p>\n<p><a href=\"https:\/\/i0.wp.com\/miradordeatarfe.es\/wp-content\/uploads\/2021\/03\/20210203141204_02-scaled.jpg?ssl=1\"><img data-recalc-dims=\"1\" loading=\"lazy\" decoding=\"async\" class=\"alignnone wp-image-45875 size-large\" src=\"https:\/\/i0.wp.com\/miradordeatarfe.es\/wp-content\/uploads\/2021\/03\/20210203141204_02.jpg?resize=618%2C953&#038;ssl=1\" alt=\"\" width=\"618\" height=\"953\" srcset=\"https:\/\/i0.wp.com\/miradordeatarfe.es\/wp-content\/uploads\/2021\/03\/20210203141204_02-scaled.jpg?resize=664%2C1024&amp;ssl=1 664w, https:\/\/i0.wp.com\/miradordeatarfe.es\/wp-content\/uploads\/2021\/03\/20210203141204_02-scaled.jpg?resize=194%2C300&amp;ssl=1 194w, https:\/\/i0.wp.com\/miradordeatarfe.es\/wp-content\/uploads\/2021\/03\/20210203141204_02-scaled.jpg?resize=768%2C1185&amp;ssl=1 768w, https:\/\/i0.wp.com\/miradordeatarfe.es\/wp-content\/uploads\/2021\/03\/20210203141204_02-scaled.jpg?resize=996%2C1536&amp;ssl=1 996w, https:\/\/i0.wp.com\/miradordeatarfe.es\/wp-content\/uploads\/2021\/03\/20210203141204_02-scaled.jpg?resize=1327%2C2048&amp;ssl=1 1327w, https:\/\/i0.wp.com\/miradordeatarfe.es\/wp-content\/uploads\/2021\/03\/20210203141204_02-scaled.jpg?resize=1320%2C2037&amp;ssl=1 1320w, https:\/\/i0.wp.com\/miradordeatarfe.es\/wp-content\/uploads\/2021\/03\/20210203141204_02-scaled.jpg?w=1659&amp;ssl=1 1659w\" sizes=\"auto, (max-width: 618px) 100vw, 618px\" \/><\/a><\/p>\n<p>&nbsp;<\/p>\n<p>fotos realizadas en los a\u00f1os 80 y articulo de<\/p>\n<h3><strong>JUAN MANUEL GOMEZ SEGADE<\/strong>\u00a0DE SU TESIS: \u00abARTE ACTUAL Y ARQUITEXTURA RELIGIOSA\/LOS TEMPLOS DE GRANADA Y SU PROVINCIA. TOMO IV<\/h3>\n","protected":false},"excerpt":{"rendered":"<p>ATARFE. Ermita de Santa ANA. Arquitecto reconstructor: Juan de Dios Wilhelmy ( REGIONES DESVASTADAS) &#8230;.<\/p>\n","protected":false},"author":1,"featured_media":45872,"comment_status":"closed","ping_status":"closed","sticky":false,"template":"","format":"standard","meta":{"_coblocks_attr":"","_coblocks_dimensions":"","_coblocks_responsive_height":"","_coblocks_accordion_ie_support":"","jetpack_post_was_ever_published":false,"_jetpack_newsletter_access":"","_jetpack_dont_email_post_to_subs":false,"_jetpack_newsletter_tier_id":0,"_jetpack_memberships_contains_paywalled_content":false,"_jetpack_memberships_contains_paid_content":false,"footnotes":"","jetpack_publicize_message":"","jetpack_publicize_feature_enabled":true,"jetpack_social_post_already_shared":false,"jetpack_social_options":{"image_generator_settings":{"template":"highway","default_image_id":0,"enabled":false},"version":2}},"categories":[2,1225,8075,44,15],"tags":[81,8143,1125],"class_list":["post-45866","post","type-post","status-publish","format-standard","has-post-thumbnail","hentry","category-atarfe","category-ha-de-atarfe","category-juan-manuel-g-segade","category-noticias-de-hoy","category-ultimas-noticias","tag-atarfe","tag-ermita-de-santa-ana","tag-historia"],"jetpack_publicize_connections":[],"jetpack_featured_media_url":"https:\/\/i0.wp.com\/miradordeatarfe.es\/wp-content\/uploads\/2021\/03\/20210203141108_01-scaled.jpg?fit=2560%2C1659&ssl=1","jetpack_likes_enabled":true,"jetpack_sharing_enabled":true,"_links":{"self":[{"href":"https:\/\/miradordeatarfe.es\/index.php?rest_route=\/wp\/v2\/posts\/45866","targetHints":{"allow":["GET"]}}],"collection":[{"href":"https:\/\/miradordeatarfe.es\/index.php?rest_route=\/wp\/v2\/posts"}],"about":[{"href":"https:\/\/miradordeatarfe.es\/index.php?rest_route=\/wp\/v2\/types\/post"}],"author":[{"embeddable":true,"href":"https:\/\/miradordeatarfe.es\/index.php?rest_route=\/wp\/v2\/users\/1"}],"replies":[{"embeddable":true,"href":"https:\/\/miradordeatarfe.es\/index.php?rest_route=%2Fwp%2Fv2%2Fcomments&post=45866"}],"version-history":[{"count":6,"href":"https:\/\/miradordeatarfe.es\/index.php?rest_route=\/wp\/v2\/posts\/45866\/revisions"}],"predecessor-version":[{"id":45876,"href":"https:\/\/miradordeatarfe.es\/index.php?rest_route=\/wp\/v2\/posts\/45866\/revisions\/45876"}],"wp:featuredmedia":[{"embeddable":true,"href":"https:\/\/miradordeatarfe.es\/index.php?rest_route=\/wp\/v2\/media\/45872"}],"wp:attachment":[{"href":"https:\/\/miradordeatarfe.es\/index.php?rest_route=%2Fwp%2Fv2%2Fmedia&parent=45866"}],"wp:term":[{"taxonomy":"category","embeddable":true,"href":"https:\/\/miradordeatarfe.es\/index.php?rest_route=%2Fwp%2Fv2%2Fcategories&post=45866"},{"taxonomy":"post_tag","embeddable":true,"href":"https:\/\/miradordeatarfe.es\/index.php?rest_route=%2Fwp%2Fv2%2Ftags&post=45866"}],"curies":[{"name":"wp","href":"https:\/\/api.w.org\/{rel}","templated":true}]}}