{"id":45981,"date":"2021-03-19T11:47:58","date_gmt":"2021-03-19T10:47:58","guid":{"rendered":"http:\/\/miradordeatarfe.es\/?p=45981"},"modified":"2024-04-01T23:43:03","modified_gmt":"2024-04-01T21:43:03","slug":"al-rico-coyote-por-fabiola-ga-montijano","status":"publish","type":"post","link":"https:\/\/miradordeatarfe.es\/?p=45981","title":{"rendered":"\u00abAL RICO COYOTE\u00bb por Fabiola G\u00aa Montijano"},"content":{"rendered":"<h3 align=\"JUSTIFY\"><span style=\"font-size: medium;\">\u00bfQui\u00e9n es esa mujer rubia, alta de ojos azules y tan elegante vistiendo gabardina?, parece una inglesa.<\/span><span style=\"font-size: medium;\">Me han dicho que es la mujer del heladero que se ha instalado en la calle del cine, Trini y Fernando se llaman.<\/span><\/h3>\n<p align=\"JUSTIFY\"><span style=\"font-size: medium;\">As\u00ed empieza el relato del negocio familiar <strong>\u201cHelados Garc\u00eda, el Valenciano\u201d<\/strong> o <strong>\u201cHelader\u00eda los Valencianos\u201d<\/strong> ubicado en la calle Enrique Ruiz Cabello n\u00ba1 en donde alquilaron dos habitaciones, una para vivir y otra para montar la helader\u00eda en el municipio de Atarfe. Cuarenta a\u00f1os de andadura ofreciendo ricos helados, polos, granizados, horchata, bombones, leche rizada y coyotes, estos \u00faltimos forman parte del recuerdo de quienes tuvieron la ocasi\u00f3n de saborearlos. Cuarenta a\u00f1os dan para muchas an\u00e9cdotas pero empecemos por el principio, hablemos de Fernando y Trini.<\/span><\/p>\n<p align=\"JUSTIFY\"><span style=\"font-size: medium;\">Mi padre, natural de Jijona, Alicante como buen heladero que se precie trabajaba en invierno elaborando turr\u00f3n y peladillas y en verano vendiendo horchata y granizados empujando el t\u00edpico carrito a la edad de 14 a\u00f1os nada menos que en Oran (Argelia). Conservo un franco franc\u00e9s de aquella \u00e9poca quiz\u00e1 el franco al que hac\u00eda referencia en su vejez cuando nos contaba sus comienzos en el arte heladero.<\/span><\/p>\n<p align=\"JUSTIFY\"><span style=\"font-size: medium;\"><a href=\"https:\/\/i0.wp.com\/miradordeatarfe.es\/wp-content\/uploads\/2021\/03\/heladeria-familiab-scaled.jpg?ssl=1\"><img data-recalc-dims=\"1\" loading=\"lazy\" decoding=\"async\" class=\"alignnone wp-image-46008 size-full\" src=\"https:\/\/i0.wp.com\/miradordeatarfe.es\/wp-content\/uploads\/2021\/03\/heladeria-familiab-scaled.jpg?resize=640%2C489&#038;ssl=1\" alt=\"\" width=\"640\" height=\"489\" srcset=\"https:\/\/i0.wp.com\/miradordeatarfe.es\/wp-content\/uploads\/2021\/03\/heladeria-familiab-scaled.jpg?w=2560&amp;ssl=1 2560w, https:\/\/i0.wp.com\/miradordeatarfe.es\/wp-content\/uploads\/2021\/03\/heladeria-familiab-scaled.jpg?resize=300%2C229&amp;ssl=1 300w, https:\/\/i0.wp.com\/miradordeatarfe.es\/wp-content\/uploads\/2021\/03\/heladeria-familiab-scaled.jpg?resize=1024%2C783&amp;ssl=1 1024w, https:\/\/i0.wp.com\/miradordeatarfe.es\/wp-content\/uploads\/2021\/03\/heladeria-familiab-scaled.jpg?resize=768%2C587&amp;ssl=1 768w, https:\/\/i0.wp.com\/miradordeatarfe.es\/wp-content\/uploads\/2021\/03\/heladeria-familiab-scaled.jpg?resize=1536%2C1174&amp;ssl=1 1536w, https:\/\/i0.wp.com\/miradordeatarfe.es\/wp-content\/uploads\/2021\/03\/heladeria-familiab-scaled.jpg?resize=2048%2C1565&amp;ssl=1 2048w, https:\/\/i0.wp.com\/miradordeatarfe.es\/wp-content\/uploads\/2021\/03\/heladeria-familiab-scaled.jpg?resize=1320%2C1009&amp;ssl=1 1320w, https:\/\/i0.wp.com\/miradordeatarfe.es\/wp-content\/uploads\/2021\/03\/heladeria-familiab-scaled.jpg?w=1920&amp;ssl=1 1920w\" sizes=\"auto, (max-width: 640px) 100vw, 640px\" \/><\/a>Mi madre, natural de Pinos Puente tambi\u00e9n comenz\u00f3 a trabajar a la misma edad que mi padre, ejerc\u00eda de ni\u00f1era entre Madrid y Marbella, precisamente en esta localidad costera muy diferente a la de hoy en d\u00eda, en el paseo principal se encontraba el kiosco de helados \u201cLa Flor de Valencia\u201d, all\u00ed se conocieron Trini y Fernando y tras unos a\u00f1os de noviazgo se casaron, marcharon para Jijona con la intenci\u00f3n de ganarse el pan en esas tierras pero mi abuela materna, mi mama Trini , viv\u00eda sola, era viuda y su prole de siete miembros, hijas e hijos como tantos otros emigraron , unos a Am\u00e9rica, otros a Francia y la \u00fanica que quedaba en Espa\u00f1a era mi madre as\u00ed que decidieron probar suerte y montar la helader\u00eda en Pinos Puente donde ya hab\u00eda una instalada regentada por paisanos de mi padre con los que antes de empezar la temporada del helado se reun\u00eda para fijar precios y debatir f\u00f3rmulas que llevaran a la elaboraci\u00f3n de un buen helado, eran tiempos en los que los gremios de sectores comerciales e industriales funcionaban , fue entonces cuando tras hacer su estudio de mercado recalaron en Atarfe como mejor opci\u00f3n, un pueblo bien comunicado con la capital por el tranv\u00eda y con fama de pr\u00f3spero por su industria azucarera, yesera, de abonos o alcoholera entre otras.<\/span><\/p>\n<p align=\"JUSTIFY\"><span style=\"font-size: medium;\">Muchas son las an\u00e9cdotas que podr\u00eda contar pero quiero resaltar la vivida un 19 de abril de 1956, fecha tan conocida por los atarfe\u00f1os y que en este 2021 toma especial relevancia, aquel d\u00eda por fin lleg\u00f3 el fluido el\u00e9ctrico al negocio , energ\u00eda tan necesaria para echar a funcionar la moderna mantecadora y conservar el helado . Hasta entonces la elaboraci\u00f3n de tan rico producto necesitaba de mucho brazo y de las barras de hielo que vend\u00eda \u201cel Moles\u201d, justo en el momento en que mi padre le da al interruptor de la corriente el suelo tembl\u00f3 y \u00e9l dijo: \u201c\u00a1mare megua! como viene de fuerte la corriente\u201d y es que acababa de dar un enorme terremoto, a\u00fan me parece ver a mi padre negro de risa contando este hecho que concluyo indicando que la olla utilizada para elaborar las cremas del helado fue tambi\u00e9n requerida por mi madrina, Pepa Zapaticos para hacer el puchero que diera de comer a los obreros de Regiones Devastadas que vinieron para arreglar las maltrechas viviendas tras el movimiento s\u00edsmico.<\/span><\/p>\n<p align=\"JUSTIFY\"><span style=\"font-size: medium;\"><a href=\"https:\/\/i0.wp.com\/miradordeatarfe.es\/wp-content\/uploads\/2021\/03\/heladeria-Fabiola.jpg?ssl=1\"><img data-recalc-dims=\"1\" loading=\"lazy\" decoding=\"async\" class=\"alignnone wp-image-46009 size-full\" src=\"https:\/\/i0.wp.com\/miradordeatarfe.es\/wp-content\/uploads\/2021\/03\/heladeria-Fabiola.jpg?resize=640%2C655&#038;ssl=1\" alt=\"\" width=\"640\" height=\"655\" srcset=\"https:\/\/i0.wp.com\/miradordeatarfe.es\/wp-content\/uploads\/2021\/03\/heladeria-Fabiola.jpg?w=2279&amp;ssl=1 2279w, https:\/\/i0.wp.com\/miradordeatarfe.es\/wp-content\/uploads\/2021\/03\/heladeria-Fabiola.jpg?resize=293%2C300&amp;ssl=1 293w, https:\/\/i0.wp.com\/miradordeatarfe.es\/wp-content\/uploads\/2021\/03\/heladeria-Fabiola.jpg?resize=1000%2C1024&amp;ssl=1 1000w, https:\/\/i0.wp.com\/miradordeatarfe.es\/wp-content\/uploads\/2021\/03\/heladeria-Fabiola.jpg?resize=768%2C786&amp;ssl=1 768w, https:\/\/i0.wp.com\/miradordeatarfe.es\/wp-content\/uploads\/2021\/03\/heladeria-Fabiola.jpg?resize=1500%2C1536&amp;ssl=1 1500w, https:\/\/i0.wp.com\/miradordeatarfe.es\/wp-content\/uploads\/2021\/03\/heladeria-Fabiola.jpg?resize=2001%2C2048&amp;ssl=1 2001w, https:\/\/i0.wp.com\/miradordeatarfe.es\/wp-content\/uploads\/2021\/03\/heladeria-Fabiola.jpg?resize=1320%2C1351&amp;ssl=1 1320w, https:\/\/i0.wp.com\/miradordeatarfe.es\/wp-content\/uploads\/2021\/03\/heladeria-Fabiola.jpg?w=1920&amp;ssl=1 1920w\" sizes=\"auto, (max-width: 640px) 100vw, 640px\" \/><\/a>Numerosos son los recuerdos que podr\u00eda compartir con todos vosotros acerca del negocio familiar en el que tanto mis hermanos y hermana como yo trabaj\u00e1bamos cada verano con el inicio de la temporada un 19 de marzo y la finalizaci\u00f3n de la misma un 12 de octubre, como tambi\u00e9n numerosas son las im\u00e1genes de vecinos y vecinas de Atarfe al entrar en los distintos establecimientos de \u201c Helados Garc\u00eda \u201c que tuvo diferentes ubicaciones a lo largo de los a\u00f1os, la perplejidad al escuchar por parte de alg\u00fan cliente pedir un helado de \u201cdevolviura\u201d en lugar de tutifruti ,echar de menos el ba\u00f1o en el enorme barre\u00f1o en el que una vez enfriadas las cremas, mis hermanos y yo esper\u00e1bamos nuestro turno para refrescarnos en los calurosos veranos en el patio de la calle Barquillo, conservar a\u00fan el olor a \u201c az\u00facar quemada \u201c en el obrador de la Calle San Antonio, o las charlas de las vecinas en un momento de descanso en el Paseo de Santa Ana , el polvo al barrer la puerta del establecimiento cuando la calle del cine no estaba asfaltada o la emoci\u00f3n al ver a Santa Ana al salir de la Iglesia en cuya plaza finalmente se ubic\u00f3 la \u201cHelader\u00eda los Valencianos \u201c hasta su cierre definitivo all\u00e1 por 1991.<\/span><\/p>\n<p align=\"JUSTIFY\"><span style=\"font-size: medium;\">Hoy tengo a bien conservar muchos enseres de cada una de las ubicaciones como tambi\u00e9n bastantes documentos de \u201cHelados Garc\u00eda , el Valenciano \u201c , desprenderme de ello ni puedo ni quiero pues forman parte de mi vida una vida llena de ricos helados, polos y granizados, no en balde yo misma me presentaba en el colegio diciendo que era la \u201cm\u00e1s fresca del pueblo\u201d . <\/span><\/p>\n<p align=\"JUSTIFY\"><span style=\"font-size: medium;\">Llega marzo y empieza la temporada no dej\u00e9is de tomaros un rico helado en una helader\u00eda por suerte Atarfe cuenta con una y muy buena.<\/span><\/p>\n<p align=\"JUSTIFY\"><span style=\"font-size: medium;\">\u00a1Al rico coyote, vecinas y vecinos!<\/span><\/p>\n<p align=\"JUSTIFY\"><span style=\"font-size: medium;\">Fabiola Garc\u00eda Montijano. <\/span><\/p>\n<p align=\"JUSTIFY\">NOTA INFORMATIVA: TAL DIA COMO HOY COMENZABA LA APERTURA DE LA HELADERIA. SIRVA ESTE ARTICULO DE HOMENAJE .<\/p>\n<p align=\"JUSTIFY\"><a href=\"https:\/\/i0.wp.com\/miradordeatarfe.es\/wp-content\/uploads\/2021\/03\/heladeria-Rafab.jpg?ssl=1\"><img data-recalc-dims=\"1\" loading=\"lazy\" decoding=\"async\" class=\"alignnone wp-image-46011 size-full\" src=\"https:\/\/i0.wp.com\/miradordeatarfe.es\/wp-content\/uploads\/2021\/03\/heladeria-Rafab.jpg?resize=640%2C406&#038;ssl=1\" alt=\"\" width=\"640\" height=\"406\" srcset=\"https:\/\/i0.wp.com\/miradordeatarfe.es\/wp-content\/uploads\/2021\/03\/heladeria-Rafab.jpg?w=1877&amp;ssl=1 1877w, https:\/\/i0.wp.com\/miradordeatarfe.es\/wp-content\/uploads\/2021\/03\/heladeria-Rafab.jpg?resize=300%2C190&amp;ssl=1 300w, https:\/\/i0.wp.com\/miradordeatarfe.es\/wp-content\/uploads\/2021\/03\/heladeria-Rafab.jpg?resize=1024%2C649&amp;ssl=1 1024w, https:\/\/i0.wp.com\/miradordeatarfe.es\/wp-content\/uploads\/2021\/03\/heladeria-Rafab.jpg?resize=768%2C487&amp;ssl=1 768w, https:\/\/i0.wp.com\/miradordeatarfe.es\/wp-content\/uploads\/2021\/03\/heladeria-Rafab.jpg?resize=1536%2C974&amp;ssl=1 1536w, https:\/\/i0.wp.com\/miradordeatarfe.es\/wp-content\/uploads\/2021\/03\/heladeria-Rafab.jpg?resize=1320%2C837&amp;ssl=1 1320w\" sizes=\"auto, (max-width: 640px) 100vw, 640px\" \/><\/a><\/p>\n<p align=\"JUSTIFY\">\u00a0<\/p>\n","protected":false},"excerpt":{"rendered":"<p>\u00bfQui\u00e9n es esa mujer rubia, alta de ojos azules y tan elegante vistiendo gabardina?, parece&#8230;<\/p>\n","protected":false},"author":1,"featured_media":46007,"comment_status":"closed","ping_status":"closed","sticky":false,"template":"","format":"standard","meta":{"_coblocks_attr":"","_coblocks_dimensions":"","_coblocks_responsive_height":"","_coblocks_accordion_ie_support":"","jetpack_post_was_ever_published":false,"_jetpack_newsletter_access":"","_jetpack_dont_email_post_to_subs":false,"_jetpack_newsletter_tier_id":0,"_jetpack_memberships_contains_paywalled_content":false,"_jetpack_memberships_contains_paid_content":false,"footnotes":"","jetpack_publicize_message":"","jetpack_publicize_feature_enabled":true,"jetpack_social_post_already_shared":false,"jetpack_social_options":{"image_generator_settings":{"template":"highway","default_image_id":0,"enabled":false},"version":2}},"categories":[2,10796,1225,186,44,15],"tags":[8154,8155,8156],"class_list":["post-45981","post","type-post","status-publish","format-standard","has-post-thumbnail","hentry","category-atarfe","category-fabiola-ga-montijano","category-ha-de-atarfe","category-instituciones","category-noticias-de-hoy","category-ultimas-noticias","tag-heladeria","tag-montijano","tag-vcalenciano"],"jetpack_publicize_connections":[],"jetpack_featured_media_url":"https:\/\/i0.wp.com\/miradordeatarfe.es\/wp-content\/uploads\/2021\/03\/heladeria-papab-scaled.jpg?fit=2560%2C1694&ssl=1","jetpack_likes_enabled":true,"jetpack_sharing_enabled":true,"_links":{"self":[{"href":"https:\/\/miradordeatarfe.es\/index.php?rest_route=\/wp\/v2\/posts\/45981","targetHints":{"allow":["GET"]}}],"collection":[{"href":"https:\/\/miradordeatarfe.es\/index.php?rest_route=\/wp\/v2\/posts"}],"about":[{"href":"https:\/\/miradordeatarfe.es\/index.php?rest_route=\/wp\/v2\/types\/post"}],"author":[{"embeddable":true,"href":"https:\/\/miradordeatarfe.es\/index.php?rest_route=\/wp\/v2\/users\/1"}],"replies":[{"embeddable":true,"href":"https:\/\/miradordeatarfe.es\/index.php?rest_route=%2Fwp%2Fv2%2Fcomments&post=45981"}],"version-history":[{"count":3,"href":"https:\/\/miradordeatarfe.es\/index.php?rest_route=\/wp\/v2\/posts\/45981\/revisions"}],"predecessor-version":[{"id":46012,"href":"https:\/\/miradordeatarfe.es\/index.php?rest_route=\/wp\/v2\/posts\/45981\/revisions\/46012"}],"wp:featuredmedia":[{"embeddable":true,"href":"https:\/\/miradordeatarfe.es\/index.php?rest_route=\/wp\/v2\/media\/46007"}],"wp:attachment":[{"href":"https:\/\/miradordeatarfe.es\/index.php?rest_route=%2Fwp%2Fv2%2Fmedia&parent=45981"}],"wp:term":[{"taxonomy":"category","embeddable":true,"href":"https:\/\/miradordeatarfe.es\/index.php?rest_route=%2Fwp%2Fv2%2Fcategories&post=45981"},{"taxonomy":"post_tag","embeddable":true,"href":"https:\/\/miradordeatarfe.es\/index.php?rest_route=%2Fwp%2Fv2%2Ftags&post=45981"}],"curies":[{"name":"wp","href":"https:\/\/api.w.org\/{rel}","templated":true}]}}