{"id":46013,"date":"2021-03-21T11:41:23","date_gmt":"2021-03-21T10:41:23","guid":{"rendered":"http:\/\/miradordeatarfe.es\/?p=46013"},"modified":"2023-10-21T18:57:33","modified_gmt":"2023-10-21T16:57:33","slug":"proyecto-el-amanecer-de-madinat-ilbira-en-la-vega","status":"publish","type":"post","link":"https:\/\/miradordeatarfe.es\/?p=46013","title":{"rendered":"PROYECTO: \u201cEL AMANECER DE MADINAT ILBIRA EN LA VEGA\u201d"},"content":{"rendered":"<h3>LA ASOCIACI\u00d3N LA CORA DE ILBIRA SE PRESENT\u00d3 EN MEDIO DE LA PANDEMIA A LA CONVOCATORIA DE DIPUTACI\u00d3N PROVINCIAL DE GRANADA : Convocatoria De Subvenciones Para Entidades Sin \u00c1nimo De Lucro De La Provincia de Granada 2020 , CON UN PROYECTO QUE HA SIDO SUBVENCIONADO Y RECONOCIDO POR DICHA ENTIDAD.<\/h3>\n<p>Este proyecto surge a partir de un grupo de personas que comparten una pasi\u00f3n por la protecci\u00f3n del patrimonio hist\u00f3rico arqueol\u00f3gico de Madinat Ilbira, yacimiento que fue centro\u00a0 nuclear de primer orden que controlaba econ\u00f3mica y pol\u00edticamente, junta a Granada, al menosel territorio de la Vega de Granada en \u00e9poca visigoda y alto medieval.<\/p>\n<p>Se trataba de una ciudad principal, capital de una cora o regi\u00f3n de la parte oriental de Andaluc\u00eda durante emirato independiente y el Califato cordob\u00e9s hasta su ca\u00edda en el a\u00f1o 1010, a\u00f1o en que tambi\u00e9n se destruye \u00e9sta ciudad. situado en las cumbres y laderas de Sierra Elvira, en los t\u00e9rminos municipales de Atarfe y parte de Pinos Puente.<\/p>\n<p>El proyecto se denomina <strong>\u201cEl amanecer de Madinat Ilbira\u201d<\/strong> porque todas las personas que formamos la Asociaci\u00f3n \u201cLa Cora de Ilbira\u201d tenemos inter\u00e9s en \u201csacar a la luz\u201d esa extensa ciudad por descubrir y todo lo que conlleva de interpretaci\u00f3n de la historia de nuestra vega, el modo de vida de la sociedad tardorromana, el tr\u00e1nsito a la cultura musulmana, el nacimiento de la capital, Granada.<\/p>\n<p>Consideramos imprescindible acercar Sierra Elvira a las personas que vivimos en su entorno y aquellas otras que quieran conocer su historia, su geolog\u00eda, su flora y fauna y sus aguas termales.<\/p>\n<p>El proyecto consta de un Objetivo General:<\/p>\n<p><strong>Recuperar los valores hist\u00f3ricos, culturales y arqueol\u00f3gicos de Madinat Ilbira<\/strong><\/p>\n<p>Que se concretan en 3 Objetivos Espec\u00edficos:<\/p>\n<p>1.- Promover el conocimiento y la participaci\u00f3n de la poblaci\u00f3n en general sobre el pasado hist\u00f3rico del entorno de Madinat Ilbira.<br \/>\n2.- Impulsar en la poblaci\u00f3n escolar de los centros educativos de la vega el acercamiento a la historia y entorno geogr\u00e1fico de Madinat Ilbira y su interpretaci\u00f3n e influencia en nuestra<br \/>\nsociedad actual.<br \/>\n3.- Generar un grupo de voluntariado cultural y medio ambiental que colabore en la difusi\u00f3n y protecci\u00f3n del patrimonio hist\u00f3rico arqueol\u00f3gico Atarfe y Pinos Puente<\/p>\n<p>&nbsp;<\/p>\n<p>LAS ACTIVIDADES QUE SE NOS HAN SUBVENCIONADO POR DIPUTACI\u00d3N DE GRANADA SON:<\/p>\n<p>1.-Creaci\u00f3n y mantenimiento de p\u00e1gina web, blog y cuentas en redes sociales, as\u00ed como publicaciones peri\u00f3dicas y\/o digitales o impresas<\/p>\n<p>2.- Organizaci\u00f3n de Webinario ,Mesas redondas,Conferencias, sobre: \u201cEl papel de las mujeres en la sociedad de Al Andalus\u201d.<\/p>\n","protected":false},"excerpt":{"rendered":"<p>LA ASOCIACI\u00d3N LA CORA DE ILBIRA SE PRESENT\u00d3 EN MEDIO DE LA PANDEMIA A LA&#8230;<\/p>\n","protected":false},"author":1,"featured_media":46014,"comment_status":"closed","ping_status":"closed","sticky":false,"template":"","format":"standard","meta":{"_coblocks_attr":"","_coblocks_dimensions":"","_coblocks_responsive_height":"","_coblocks_accordion_ie_support":"","jetpack_post_was_ever_published":false,"_jetpack_newsletter_access":"","_jetpack_dont_email_post_to_subs":false,"_jetpack_newsletter_tier_id":0,"_jetpack_memberships_contains_paywalled_content":false,"_jetpack_memberships_contains_paid_content":false,"footnotes":"","jetpack_publicize_message":"","jetpack_publicize_feature_enabled":true,"jetpack_social_post_already_shared":false,"jetpack_social_options":{"image_generator_settings":{"template":"highway","default_image_id":0,"enabled":false},"version":2}},"categories":[187,9029,5359,10431],"tags":[4651,313],"class_list":["post-46013","post","type-post","status-publish","format-standard","has-post-thumbnail","hentry","category-centros-educativos","category-la-cora-de-ilbira","category-madinat-ilbira","category-medina-elvira-2","tag-diputacion-de-granada","tag-proyecto"],"jetpack_publicize_connections":[],"jetpack_featured_media_url":"https:\/\/i0.wp.com\/miradordeatarfe.es\/wp-content\/uploads\/2021\/03\/2021.jpg?fit=500%2C375&ssl=1","jetpack_likes_enabled":true,"jetpack_sharing_enabled":true,"_links":{"self":[{"href":"https:\/\/miradordeatarfe.es\/index.php?rest_route=\/wp\/v2\/posts\/46013","targetHints":{"allow":["GET"]}}],"collection":[{"href":"https:\/\/miradordeatarfe.es\/index.php?rest_route=\/wp\/v2\/posts"}],"about":[{"href":"https:\/\/miradordeatarfe.es\/index.php?rest_route=\/wp\/v2\/types\/post"}],"author":[{"embeddable":true,"href":"https:\/\/miradordeatarfe.es\/index.php?rest_route=\/wp\/v2\/users\/1"}],"replies":[{"embeddable":true,"href":"https:\/\/miradordeatarfe.es\/index.php?rest_route=%2Fwp%2Fv2%2Fcomments&post=46013"}],"version-history":[{"count":2,"href":"https:\/\/miradordeatarfe.es\/index.php?rest_route=\/wp\/v2\/posts\/46013\/revisions"}],"predecessor-version":[{"id":64235,"href":"https:\/\/miradordeatarfe.es\/index.php?rest_route=\/wp\/v2\/posts\/46013\/revisions\/64235"}],"wp:featuredmedia":[{"embeddable":true,"href":"https:\/\/miradordeatarfe.es\/index.php?rest_route=\/wp\/v2\/media\/46014"}],"wp:attachment":[{"href":"https:\/\/miradordeatarfe.es\/index.php?rest_route=%2Fwp%2Fv2%2Fmedia&parent=46013"}],"wp:term":[{"taxonomy":"category","embeddable":true,"href":"https:\/\/miradordeatarfe.es\/index.php?rest_route=%2Fwp%2Fv2%2Fcategories&post=46013"},{"taxonomy":"post_tag","embeddable":true,"href":"https:\/\/miradordeatarfe.es\/index.php?rest_route=%2Fwp%2Fv2%2Ftags&post=46013"}],"curies":[{"name":"wp","href":"https:\/\/api.w.org\/{rel}","templated":true}]}}