{"id":46039,"date":"2021-03-22T11:34:46","date_gmt":"2021-03-22T10:34:46","guid":{"rendered":"http:\/\/miradordeatarfe.es\/?p=46039"},"modified":"2021-03-21T13:39:27","modified_gmt":"2021-03-21T12:39:27","slug":"paco-jimenez-de-casa-ajsaris-por-remedios-sanchez","status":"publish","type":"post","link":"https:\/\/miradordeatarfe.es\/?p=46039","title":{"rendered":"\u00abPACO JIM\u00c9NEZ, DE CASA AJSARIS\u00bb por Remedios S\u00e1nchez"},"content":{"rendered":"<h3 align=\"JUSTIFY\"><span style=\"font-family: arial, helvetica, sans-serif;\"><span style=\"font-size: medium;\"><span lang=\"es-ES\"><span style=\"font-size: 12pt;\">Frente a la colina roja, donde La Alhambra se yergue en plenitud de encanto, est\u00e1 su hermano el Albaic\u00edn, que encierra la historia m\u00e1s aut\u00e9ntica, m\u00e1s bella y m\u00e1s verdadera de Granada. All\u00ed, entre sus intrincados callejones, donde la luna juega al escondite con los surtidores cuando el sol se oculta, est\u00e1 Casa Ajsaris, uno de los mejores museos privados de Espa\u00f1a, lo tengo escrito.<\/span> <\/span><\/span><\/span><\/h3>\n<p align=\"JUSTIFY\"><span style=\"font-family: arial, helvetica, sans-serif; font-size: 12pt;\"><span lang=\"es-ES\">Aparte de un espacio muse\u00edstico, ha sido siempre el carmen con jard\u00edn abierto para muchos por dos granadinos ejercientes que han hecho del arte una forma de amar esta tierra no siempre agradecida como debiera con sus mejores hijos. <\/span><\/span><\/p>\n<p align=\"JUSTIFY\"><span style=\"font-family: arial, helvetica, sans-serif; font-size: 12pt;\"><span lang=\"es-ES\">Haciendo memoria, recuerdo que visit\u00e9 su hogar por primera vez all\u00e1 por 2006; all\u00ed acud\u00ed con mi maestra, la escritora Mariluz Escribano, y me qued\u00e9 fascinada por sus espectaculares tallas de Pedro de Mena o sus pinturas de Bertucchi, Bocanegra, L\u00f3pez-Mezquita, Morcillo o Apperley, en una n\u00f3mina extens\u00edsima de calidad dif\u00edcilmente equiparable. Todo en armon\u00eda perfecta y con la Alhambra como fondo de una vida plena y compartida que se antojaba trazada para la protecci\u00f3n del patrimonio y el cuidado exquisito de la belleza. Despu\u00e9s de disfrutar de su tesoro, tan apasionadamente explicado por Juanma Segura, nos sentamos en la paz armoniosa del patio que era primavera de flores y all\u00ed escuch\u00e9 con su tono siempre templado, prudente hasta el extremo, hablar a Paco Jim\u00e9nez. Paco, mirada profunda, de esas que parece que traspasan y descubren cualquier secreto, y sonrisa de gal\u00e1n de cine que evidenciaba tambi\u00e9n una inmensa ternura, era\/es el cincuenta por ciento de la construcci\u00f3n de una colecci\u00f3n art\u00edstica privada hecha a golpes de sacrificios y de esfuerzo. Y la tarde fue perfecta, tanto como para que la recuerde tantos a\u00f1os despu\u00e9s, a pesar de que ha habido otras visitas posteriores, algunas con pol\u00edticos que se comprometieron a buscar un espacio para que todos los granadinos pudieran disfrutar de tanta arm\u00f3nica belleza que ambos quer\u00edan donar a Granada. Juntos, Paco y Juanma, Juanma y Paco, no s\u00f3lo han logrado no s\u00f3lo una colecci\u00f3n inigualable sino un equilibrio personal perfecto que daba pie al sosiego de unas conversaciones compartidas que permiten la discrepancia y luego mirarse a los ojos con una sonrisa que revela aprecio y respeto mutuo. Juanma desde la pasi\u00f3n que da el conocimiento; Paco, con igual profundidad, ejerciendo de moderaci\u00f3n y templanza, en la complicidad de un gesto compartido con Juanma. <\/span><\/span><\/p>\n<p align=\"JUSTIFY\"><span style=\"font-family: arial, helvetica, sans-serif; font-size: 12pt;\"><span lang=\"es-ES\">Pero, hace hoy diez d\u00edas, justo antes de que la primavera abrazara las calles, Paco Jim\u00e9nez se nos fue, se le fue a Granada y a su Albaic\u00edn, con esa discreci\u00f3n que era rasgo esencial de su car\u00e1cter. Su vida es ejemplo de aquellos versos de Fern\u00e1ndez de Andrada en su \u2018Ep\u00edstola Moral a Fabio\u2019: \u201cUna mediana vida yo posea,\/ un estilo com\u00fan y moderado,\/ que no note nadie que lo vea\u201d. Hoy, por ese estilo moderado, por esa delicadeza cargada de generosidad, por abrir su casa al mundo y querer -con Juanma- donar a Granada su legado art\u00edstico (algo que debi\u00f3 rubricarse hace mucho, para su tranquilidad), quiero decir su nombre con voz de lluvia, para que no se olvide nunca, para que todos sepan que esta ciudad la habitan tambi\u00e9n personas excepcionales que, cuando se marchan, se convierten en ruise\u00f1or, en brisa, en manantial, en alma. Y que esas personas son eternas.<\/span><\/span><\/p>\n<p align=\"JUSTIFY\">FOTO: GRANADA SINGULAR<\/p>\n<p align=\"JUSTIFY\">\u00a0<\/p>\n","protected":false},"excerpt":{"rendered":"<p>Frente a la colina roja, donde La Alhambra se yergue en plenitud de encanto, est\u00e1&#8230;<\/p>\n","protected":false},"author":1,"featured_media":46040,"comment_status":"closed","ping_status":"closed","sticky":false,"template":"","format":"standard","meta":{"_coblocks_attr":"","_coblocks_dimensions":"","_coblocks_responsive_height":"","_coblocks_accordion_ie_support":"","jetpack_post_was_ever_published":false,"_jetpack_newsletter_access":"","_jetpack_dont_email_post_to_subs":false,"_jetpack_newsletter_tier_id":0,"_jetpack_memberships_contains_paywalled_content":false,"_jetpack_memberships_contains_paid_content":false,"footnotes":"","jetpack_publicize_message":"","jetpack_publicize_feature_enabled":true,"jetpack_social_post_already_shared":false,"jetpack_social_options":{"image_generator_settings":{"template":"highway","default_image_id":0,"enabled":false},"version":2}},"categories":[44,6914,15],"tags":[],"class_list":["post-46039","post","type-post","status-publish","format-standard","has-post-thumbnail","hentry","category-noticias-de-hoy","category-opinion-de-reme-sanchez","category-ultimas-noticias"],"jetpack_publicize_connections":[],"jetpack_featured_media_url":"https:\/\/i0.wp.com\/miradordeatarfe.es\/wp-content\/uploads\/2021\/03\/MINIATURA-CASA-AJSARIS.jpg?fit=800%2C550&ssl=1","jetpack_likes_enabled":true,"jetpack_sharing_enabled":true,"_links":{"self":[{"href":"https:\/\/miradordeatarfe.es\/index.php?rest_route=\/wp\/v2\/posts\/46039","targetHints":{"allow":["GET"]}}],"collection":[{"href":"https:\/\/miradordeatarfe.es\/index.php?rest_route=\/wp\/v2\/posts"}],"about":[{"href":"https:\/\/miradordeatarfe.es\/index.php?rest_route=\/wp\/v2\/types\/post"}],"author":[{"embeddable":true,"href":"https:\/\/miradordeatarfe.es\/index.php?rest_route=\/wp\/v2\/users\/1"}],"replies":[{"embeddable":true,"href":"https:\/\/miradordeatarfe.es\/index.php?rest_route=%2Fwp%2Fv2%2Fcomments&post=46039"}],"version-history":[{"count":1,"href":"https:\/\/miradordeatarfe.es\/index.php?rest_route=\/wp\/v2\/posts\/46039\/revisions"}],"predecessor-version":[{"id":46041,"href":"https:\/\/miradordeatarfe.es\/index.php?rest_route=\/wp\/v2\/posts\/46039\/revisions\/46041"}],"wp:featuredmedia":[{"embeddable":true,"href":"https:\/\/miradordeatarfe.es\/index.php?rest_route=\/wp\/v2\/media\/46040"}],"wp:attachment":[{"href":"https:\/\/miradordeatarfe.es\/index.php?rest_route=%2Fwp%2Fv2%2Fmedia&parent=46039"}],"wp:term":[{"taxonomy":"category","embeddable":true,"href":"https:\/\/miradordeatarfe.es\/index.php?rest_route=%2Fwp%2Fv2%2Fcategories&post=46039"},{"taxonomy":"post_tag","embeddable":true,"href":"https:\/\/miradordeatarfe.es\/index.php?rest_route=%2Fwp%2Fv2%2Ftags&post=46039"}],"curies":[{"name":"wp","href":"https:\/\/api.w.org\/{rel}","templated":true}]}}