{"id":4612,"date":"2015-11-20T09:17:50","date_gmt":"2015-11-20T09:17:50","guid":{"rendered":"http:\/\/miradordeatarfe.es\/?p=4612"},"modified":"2015-11-21T10:57:35","modified_gmt":"2015-11-21T10:57:35","slug":"atarfe-programa-una-semana-de-acercamiento-al-flamenco-y-la-cultura-gitana","status":"publish","type":"post","link":"https:\/\/miradordeatarfe.es\/?p=4612","title":{"rendered":"ATARFE programa una semana de acercamiento al flamenco y la cultura gitana"},"content":{"rendered":"<p><span class=\"contenidos_subtitulo\">La Concejal\u00eda de Cultura programa un ciclo de actividades culturales para \u00abacercar la cultura gitana y romper estereotipos\u00bb. El programa incluye exposici\u00f3n de fotograf\u00edas, cuentos, debates y m\u00fasica.<br \/>\n<\/span><!--more--><\/p>\n<div>Atarfe celebra el <strong>D\u00eda del Flamenco<\/strong> y <strong>D\u00eda de los Gitanos Andaluces<\/strong>, que se conmemoran los d\u00edas 16 y 22 de noviembre respectivamente, con un programa de actividades que incluye exposici\u00f3n de fotograf\u00edas, conferencias, m\u00fasica y debates. Con el lema \u2018<em>El flamenco y los gitanos andaluces<\/em>\u2019, la Concejal\u00eda de Cultura ha puesto en marcha un ciclo de actividades a lo largo de esta semana que arranca hoy, martes, en el colegio p\u00fablico Atalaya con la lectura de cuentos gitanos a cargo de la Asociaci\u00f3n de Mujeres Gitanas ROMI.<\/div>\n<div><\/div>\n<div>Este martes, a las 17 horas, se inaugura en el Centro Cultural Medina Elvira una exposici\u00f3n de fotograf\u00edas en torno a la mujer gitana y a continuaci\u00f3n tendr\u00e1 lugar una conferencia que lleva por t\u00edtulo \u2018<em>El flamenco y los gitanos andaluces<\/em>\u2019.<\/div>\n<div><\/div>\n<div>El mi\u00e9rcoles 18, a las 18 horas, las asociaciones Soro Cali y Chavorros organizan una fiesta infantil en el antiguo cine de Atarfe.<\/div>\n<div><\/div>\n<div>Para el jueves se ha organizado un debate, a las 18 horas, en Radio Il\u00edberis sobre las perspectivas y futuro de los j\u00f3venes gitanos andaluces.<\/div>\n<div>El programa se cierra el domingo con un concierto de grupos de flamenco local a partir de las 19:30 horas en el Centro Cultural medina Elvira.<\/div>\n<div><\/div>\n<div>La concejal de Cultura, <strong>Fabiola Garc\u00eda Montijano<\/strong>, ha destacado que la programaci\u00f3n tiene como objetivo \u201cacercar la cultura gitana al resto de la sociedad atarfe\u00f1a, destacar la \u00a0influencia que ha tenido en el patrimonio andaluz la singularidad del flamenco, hoy Patrimonio Cultural Inmaterial de la Humanidad, y romper estereotipos para suprimir definitivamente las barreras del rechazo y marginaci\u00f3n\u201d.<\/div>\n<div><\/div>\n<div>El Ayuntamiento de Atarfe quiere agradecer la colaboraci\u00f3n para el desarrollo de las actividades del <strong>Centro P\u00fablico Atalaya<\/strong>, el <strong>Consorcio Vega-Sierra Elvira<\/strong>, el <strong>Plan Intervenci\u00f3n Integral de Familias Gitanas<\/strong> (PiCGA), la <strong>Asociaci\u00f3n de la Mujer Gitana ROMI<\/strong>, la <strong>Asociaci\u00f3n Sociocultural Sori Cali<\/strong> y<strong> la Asociaci\u00f3n Chavorros<\/strong>.<\/div>\n<div><\/div>\n<div>\u00a0<img data-recalc-dims=\"1\" decoding=\"async\" src=\"https:\/\/i0.wp.com\/www.ciudadatarfe.com\/data\/fotos_contenidos_web\/1416_1706_20151117093749.jpg?w=640\" alt=\"\" border=\"0\" \/><\/div>\n<div><\/div>\n<p><a href=\"http:\/\/bit.ly\/1Mz19nO\">http:\/\/bit.ly\/1Mz19nO<\/a><\/p>\n<div align=\"right\"><a href=\"http:\/\/www.ciudadatarfe.com\/index.php\"><img data-recalc-dims=\"1\" decoding=\"async\" src=\"https:\/\/i0.wp.com\/www.ciudadatarfe.com\/imagenes\/boton_volver.gif?w=640\" alt=\"Volver al Listado\" align=\"absmiddle\" border=\"0\" \/><\/a><\/div>\n","protected":false},"excerpt":{"rendered":"<p>La Concejal\u00eda de Cultura programa un ciclo de actividades culturales para \u00abacercar la cultura gitana&#8230;<\/p>\n","protected":false},"author":1,"featured_media":4664,"comment_status":"closed","ping_status":"closed","sticky":false,"template":"","format":"standard","meta":{"_coblocks_attr":"","_coblocks_dimensions":"","_coblocks_responsive_height":"","_coblocks_accordion_ie_support":"","jetpack_post_was_ever_published":false,"_jetpack_newsletter_access":"","_jetpack_dont_email_post_to_subs":false,"_jetpack_newsletter_tier_id":0,"_jetpack_memberships_contains_paywalled_content":false,"_jetpack_memberships_contains_paid_content":false,"footnotes":"","jetpack_publicize_message":"","jetpack_publicize_feature_enabled":true,"jetpack_social_post_already_shared":false,"jetpack_social_options":{"image_generator_settings":{"template":"highway","default_image_id":0,"enabled":false},"version":2}},"categories":[2,187,15],"tags":[81,1644,830,1173,1645],"class_list":["post-4612","post","type-post","status-publish","format-standard","has-post-thumbnail","hentry","category-atarfe","category-centros-educativos","category-ultimas-noticias","tag-atarfe","tag-barreras","tag-ceip-atalaya","tag-gitanos","tag-marginacion"],"jetpack_publicize_connections":[],"jetpack_featured_media_url":"https:\/\/i0.wp.com\/miradordeatarfe.es\/wp-content\/uploads\/2015\/11\/bandera_gitana.png?fit=220%2C147&ssl=1","jetpack_likes_enabled":true,"jetpack_sharing_enabled":true,"_links":{"self":[{"href":"https:\/\/miradordeatarfe.es\/index.php?rest_route=\/wp\/v2\/posts\/4612","targetHints":{"allow":["GET"]}}],"collection":[{"href":"https:\/\/miradordeatarfe.es\/index.php?rest_route=\/wp\/v2\/posts"}],"about":[{"href":"https:\/\/miradordeatarfe.es\/index.php?rest_route=\/wp\/v2\/types\/post"}],"author":[{"embeddable":true,"href":"https:\/\/miradordeatarfe.es\/index.php?rest_route=\/wp\/v2\/users\/1"}],"replies":[{"embeddable":true,"href":"https:\/\/miradordeatarfe.es\/index.php?rest_route=%2Fwp%2Fv2%2Fcomments&post=4612"}],"version-history":[{"count":2,"href":"https:\/\/miradordeatarfe.es\/index.php?rest_route=\/wp\/v2\/posts\/4612\/revisions"}],"predecessor-version":[{"id":4614,"href":"https:\/\/miradordeatarfe.es\/index.php?rest_route=\/wp\/v2\/posts\/4612\/revisions\/4614"}],"wp:featuredmedia":[{"embeddable":true,"href":"https:\/\/miradordeatarfe.es\/index.php?rest_route=\/wp\/v2\/media\/4664"}],"wp:attachment":[{"href":"https:\/\/miradordeatarfe.es\/index.php?rest_route=%2Fwp%2Fv2%2Fmedia&parent=4612"}],"wp:term":[{"taxonomy":"category","embeddable":true,"href":"https:\/\/miradordeatarfe.es\/index.php?rest_route=%2Fwp%2Fv2%2Fcategories&post=4612"},{"taxonomy":"post_tag","embeddable":true,"href":"https:\/\/miradordeatarfe.es\/index.php?rest_route=%2Fwp%2Fv2%2Ftags&post=4612"}],"curies":[{"name":"wp","href":"https:\/\/api.w.org\/{rel}","templated":true}]}}