{"id":46144,"date":"2021-03-29T10:43:07","date_gmt":"2021-03-29T08:43:07","guid":{"rendered":"http:\/\/miradordeatarfe.es\/?p=46144"},"modified":"2021-03-23T17:46:38","modified_gmt":"2021-03-23T16:46:38","slug":"la-ugr-ofrece-ayudas-para-el-entorno-virtual-para-el-curso-2021-22","status":"publish","type":"post","link":"https:\/\/miradordeatarfe.es\/?p=46144","title":{"rendered":"La UGR ofrece ayudas para el entorno virtual para el curso 2021\/22"},"content":{"rendered":"<section>\n<div class=\"container\">\n<div class=\"row publi-border\">\n<div class=\"col-md-12 publicidad-item\">\u00a0<\/div>\n<\/div>\n<\/div>\n<\/section>\n<header class=\"single-new-header\">\n<h3 style=\"text-align: justify;\">Se pretende que hasta 1.520 estudiantes reciban la cesi\u00f3n de un port\u00e1til durante el curso acad\u00e9mico y una ayuda de 350 euros.El plazo de solicitud es hasta el 24 de mayo |<\/h3>\n<\/header>\n<section>\n<div class=\"row single-new-content\">\n<div class=\"col-md-8 content-left\">\n<div class=\"single-new-header-meta text-muted\" style=\"text-align: justify;\">\u00a0<\/div>\n<div class=\"single-new-content\">\n<p style=\"text-align: justify;\">La Universidad de Granada, en el marco de colaboraci\u00f3n de la Conferencia de Rectores de las Universidades Espa\u00f1olas (CRUE), dispondr\u00e1 de un paquete de ayudas enmarcadas en las Becas Santander Tecnolog\u00eda \/ Conecta. \u00c9stas estar\u00e1n destinadas a paliar el d\u00e9ficit de accesos a medios tecnol\u00f3gicos por parte del estudiantado universitario para seguir con normalidad la docencia y evaluaci\u00f3n online para el pr\u00f3ximo curso 2021\/22. El plazo de solicitud es hasta el 24 de mayo.<ins id=\"revive-0-4\" data-revive-zoneid=\"48\" data-revive-id=\"3675e576db6d1cc6cb6554b6e5954dc7\" data-revive-seq=\"4\" data-revive-loaded=\"1\"><\/ins><\/p>\n<p style=\"text-align: justify;\">El contexto del Covid-19 ha propiciado que el programa de Becas Santander Tecnolog\u00eda \/ Conecta facilite y promueva que hasta un m\u00e1ximo de 1.520 estudiantes matriculados en las universidades participantes reciban una subvenci\u00f3n que consiste en la cesi\u00f3n de un port\u00e1til durante el curso acad\u00e9mico y una ayuda de 350 euros en concepto de conectividad para el siguiente periodo acad\u00e9mico.<\/p>\n<div class=\"teads-inread\" style=\"text-align: justify;\">\n<div>\u00a0<\/div>\n<\/div>\n<div class=\"code-block code-block-70b1b7fc60ecf882f79eef3c3eb82c3d code-block-81 ai-viewport-1 ai-viewport-2\" style=\"text-align: justify;\"><ins id=\"revive-0-6\" data-revive-zoneid=\"106\" data-revive-id=\"3675e576db6d1cc6cb6554b6e5954dc7\" data-revive-seq=\"6\" data-revive-loaded=\"1\"><\/p>\n<div id=\"beacon_1714a8d2cb\"><img loading=\"lazy\" decoding=\"async\" src=\"https:\/\/granadadigitaladserver.granadadigital.es\/www\/delivery\/lg.php?bannerid=2078&amp;campaignid=1394&amp;zoneid=106&amp;loc=https%3A%2F%2Fwww.granadadigital.es%2Fugr-universidad-granada-ofrece-ayudas-entorno-virtual-curso-proximo-becas-estudiantes%2F&amp;referer=https%3A%2F%2Fwww.granadadigital.es%2F&amp;cb=1714a8d2cb\" alt=\"\" width=\"0\" height=\"0\" \/>Podr\u00e1 optar al programa aquel estudiantado universitario matriculado en el curso 2021\/22 en estudios de grado, postgrado o doctorado de las universidades adscritas al acuerdo de la CRUE. Adem\u00e1s, se priorizar\u00e1 las candidaturas de los beneficiarios de beca de car\u00e1cter general del Ministerio de Educaci\u00f3n y Formaci\u00f3n Profesional (MEFP), beca social de la Universidad de Granada (UGR) o la beca del Plan Propio de la UGR.<\/div>\n<p><\/ins><\/div>\n<p style=\"text-align: justify;\">FOTO: El plazo de solicitud es hasta el 24 de mayo |<\/p>\n<p style=\"text-align: justify;\">Foto: Archivo GD<\/p>\n<\/div>\n<\/div>\n<\/div>\n<\/section>\n","protected":false},"excerpt":{"rendered":"<p>\u00a0 Se pretende que hasta 1.520 estudiantes reciban la cesi\u00f3n de un port\u00e1til durante el&#8230;<\/p>\n","protected":false},"author":1,"featured_media":46145,"comment_status":"closed","ping_status":"closed","sticky":false,"template":"","format":"standard","meta":{"_coblocks_attr":"","_coblocks_dimensions":"","_coblocks_responsive_height":"","_coblocks_accordion_ie_support":"","jetpack_post_was_ever_published":false,"_jetpack_newsletter_access":"","_jetpack_dont_email_post_to_subs":false,"_jetpack_newsletter_tier_id":0,"_jetpack_memberships_contains_paywalled_content":false,"_jetpack_memberships_contains_paid_content":false,"footnotes":"","jetpack_publicize_message":"","jetpack_publicize_feature_enabled":true,"jetpack_social_post_already_shared":false,"jetpack_social_options":{"image_generator_settings":{"template":"highway","default_image_id":0,"enabled":false},"version":2}},"categories":[187,44,6937,6920,15],"tags":[8170,35,2213],"class_list":["post-46144","post","type-post","status-publish","format-standard","has-post-thumbnail","hentry","category-centros-educativos","category-noticias-de-hoy","category-sociedad","category-tecnologia","category-ultimas-noticias","tag-dotacion","tag-tecnologia","tag-ugr"],"jetpack_publicize_connections":[],"jetpack_featured_media_url":"https:\/\/i0.wp.com\/miradordeatarfe.es\/wp-content\/uploads\/2021\/03\/4a139f70-7448-4d3e-9f4a-3f17ba7cdbce-1010x674-1.jpeg?fit=1010%2C674&ssl=1","jetpack_likes_enabled":true,"jetpack_sharing_enabled":true,"_links":{"self":[{"href":"https:\/\/miradordeatarfe.es\/index.php?rest_route=\/wp\/v2\/posts\/46144","targetHints":{"allow":["GET"]}}],"collection":[{"href":"https:\/\/miradordeatarfe.es\/index.php?rest_route=\/wp\/v2\/posts"}],"about":[{"href":"https:\/\/miradordeatarfe.es\/index.php?rest_route=\/wp\/v2\/types\/post"}],"author":[{"embeddable":true,"href":"https:\/\/miradordeatarfe.es\/index.php?rest_route=\/wp\/v2\/users\/1"}],"replies":[{"embeddable":true,"href":"https:\/\/miradordeatarfe.es\/index.php?rest_route=%2Fwp%2Fv2%2Fcomments&post=46144"}],"version-history":[{"count":1,"href":"https:\/\/miradordeatarfe.es\/index.php?rest_route=\/wp\/v2\/posts\/46144\/revisions"}],"predecessor-version":[{"id":46146,"href":"https:\/\/miradordeatarfe.es\/index.php?rest_route=\/wp\/v2\/posts\/46144\/revisions\/46146"}],"wp:featuredmedia":[{"embeddable":true,"href":"https:\/\/miradordeatarfe.es\/index.php?rest_route=\/wp\/v2\/media\/46145"}],"wp:attachment":[{"href":"https:\/\/miradordeatarfe.es\/index.php?rest_route=%2Fwp%2Fv2%2Fmedia&parent=46144"}],"wp:term":[{"taxonomy":"category","embeddable":true,"href":"https:\/\/miradordeatarfe.es\/index.php?rest_route=%2Fwp%2Fv2%2Fcategories&post=46144"},{"taxonomy":"post_tag","embeddable":true,"href":"https:\/\/miradordeatarfe.es\/index.php?rest_route=%2Fwp%2Fv2%2Ftags&post=46144"}],"curies":[{"name":"wp","href":"https:\/\/api.w.org\/{rel}","templated":true}]}}