{"id":46207,"date":"2021-04-02T11:21:44","date_gmt":"2021-04-02T09:21:44","guid":{"rendered":"http:\/\/miradordeatarfe.es\/?p=46207"},"modified":"2021-03-25T19:34:25","modified_gmt":"2021-03-25T18:34:25","slug":"el-atarfeno-jorge-r-puche-presenta-en-la-2-su-video-sobre-antonio-chamorro-daza","status":"publish","type":"post","link":"https:\/\/miradordeatarfe.es\/?p=46207","title":{"rendered":"EL ATARFE\u00d1O JORGE R. PUCHE PRESENTA EN LA 2 SU VIDEO SOBRE ANTONIO CHAMORRO DAZA"},"content":{"rendered":"<h3 style=\"text-align: justify;\"><span class=\"d2edcug0 hpfvmrgz qv66sw1b c1et5uql rrkovp55 a8c37x1j keod5gw0 nxhoafnm aigsh9s9 d3f4x2em fe6kdd0r mau55g9w c8b282yb iv3no6db jq4qci2q a3bd9o3v knj5qynh oo9gr5id hzawbc8m\" dir=\"auto\">\u00abLa ciencia olvidada, d\u00edas de silencio y rosas\u00bb, el documental realizado por el Atarfe\u00f1o<strong> Jorge Rodr\u00edguez Puche,<\/strong> sobre la vida en el exilio del cient\u00edfico granadino Antonio Chamorro Daza, ser\u00e1 emitido el pr\u00f3ximo Domingo 4 de Abril a las 21:30 en la 2 de TVE.<\/span><\/h3>\n<p style=\"text-align: justify;\">Para difundir la vida y obra de Antonio Chamorro la C\u00e1tedra ha elaborado un documental, dirigido y realizado por Jorge Rodr\u00edguez Puche, que lleva por t\u00edtulo La ciencia olvidada: d\u00edas de silencio y rosas. Para ello ha contado con la ayuda del Vice rectorado de estudiantes, la Asociaci\u00f3n de Antiguos Alumnos de la Facultad de Medicina de Granada, la Sociedad Espa\u00f1ola de Contracepci\u00f3n y el ayuntamiento de Huesa (Ja\u00e9n), la ciudad natal del protagonista.<\/p>\n<p style=\"text-align: justify;\"><strong>Antonio Chamorro Daza (1903-2003)<\/strong><\/p>\n<p><main role=\"main\"><\/p>\n<div class=\"layout-content\">\n<div class=\"region region-content\">\n<div id=\"block-ugr-content\" class=\"block block-system block-system-main-block\">\n<article class=\"node node--type-extended-page node--promoted node--view-mode-full\" role=\"article\" data-history-node-id=\"70\">\n<div class=\"node__content\">\n<div class=\"field field--name-field-extended-page-body field--type-entity-reference-revisions field--label-hidden field__items\">\n<div class=\"field__item\">\n<div class=\"paragraph paragraph--type--rich-text paragraph--view-mode--default\">\n<div class=\"clearfix text-formatted field field--name-field-rich-text-text field--type-text-long field--label-hidden field__item\">\n<p style=\"text-align: justify;\">Relegado al olvido, fiel a sus principios pol\u00edticos y a su vocaci\u00f3n cient\u00edfica. Una vida de silencio, m\u00e9ritos no reconocidos, siempre anhelando un merecido regreso.<\/p>\n<p class=\"fusion-responsive-typography-calculated\" style=\"text-align: justify;\" data-fontsize=\"18\" data-lineheight=\"27px\">Este documental nos muestras la vida y la obra de Antonio Chamorro, el cient\u00edfico espa\u00f1ol que realiz\u00f3 importantes trabajos en Par\u00eds sobre hormonas, c\u00e1ncer de mama, y otros temas, y que hasta el momento en Espa\u00f1a es poco conocido. Con motivo de conmemorarse este a\u00f1o los 80 a\u00f1os de exilio republicano, con todo lujo de detalles fuimos conociendo las peripecias de este investigador con grabaciones de personas que le conocieron, datos escritos que se encontraron en su vivienda,los lugares donde ejerci\u00f3, su vida personal y acad\u00e9mica en Francia y las veces que visit\u00f3 Granada.Un documental muy complet\u00edsimo y ameno.<\/p>\n<p style=\"text-align: justify;\">Antonio Chamorro desarroll\u00f3 su actividad cient\u00edfica durante m\u00e1s de 30 a\u00f1os en el Institut du Radium de Paris, una secci\u00f3n del laboratorio Pasteur. Oculto en el hospital, dedico sus largas noches a la investigaci\u00f3n de la hormonologia, centr\u00e1ndose entre otras, en la patogenia del cancer de mama. Estudios totalmente innovadores y referentes para nuestra \u00e9poca. Recibi\u00f3, entre otros, el premio Monthuse-Meniere por la Academia Nacional de Francia en 1952.<\/p>\n<p style=\"text-align: justify;\">Personaje en\u00e9rgico y l\u00facido hasta el fin de sus d\u00edas, siempre ligado a la figura de su maestro Alejandro Otero, Antonio fue candidato en las elecciones a diputados a cortes por el PSOE 1933 y Vicepresidente de la UGT de Granada, as\u00ed como encargado de la valija diplom\u00e1tica y secretario en las Embajadas de Espa\u00f1a en Berl\u00edn y Par\u00eds.<\/p>\n<p style=\"text-align: justify;\">El documental, impulsado por la c\u00e1tedra de investigaci\u00f3n Antonio Chamorro &#8211; Alejandro Otero de la Universidad de Granada, est\u00e1 dirigido y realizado por Jorge Rodr\u00edguez Puche, con gui\u00f3n original de Ana Garc\u00eda Mart\u00ednez, m\u00fasica original de Germ\u00e1n Garc\u00eda P\u00e9rez, imagen de Rafael Moya, Jorge R. Castrillo y Jorge R. Puche, infograf\u00eda de Rafael M. Cuadros, asesor\u00eda de Enriqueta Barranco y Fernando Gir\u00f3n, y producci\u00f3n de Aperos de Video.<\/p>\n<p>NO TE OLVIDES :<\/p>\n<h3><span class=\"d2edcug0 hpfvmrgz qv66sw1b c1et5uql rrkovp55 a8c37x1j keod5gw0 nxhoafnm aigsh9s9 d3f4x2em fe6kdd0r mau55g9w c8b282yb iv3no6db jq4qci2q a3bd9o3v knj5qynh oo9gr5id hzawbc8m\" dir=\"auto\">Domingo 4 de Abril a las 21:30 en la 2 de TVE<\/span><\/h3>\n<p><a href=\"https:\/\/i0.wp.com\/miradordeatarfe.es\/wp-content\/uploads\/2021\/03\/article.jpg?ssl=1\"><img data-recalc-dims=\"1\" loading=\"lazy\" decoding=\"async\" class=\"alignnone wp-image-46210 size-full\" src=\"https:\/\/i0.wp.com\/miradordeatarfe.es\/wp-content\/uploads\/2021\/03\/article.jpg?resize=600%2C794&#038;ssl=1\" alt=\"\" width=\"600\" height=\"794\" srcset=\"https:\/\/i0.wp.com\/miradordeatarfe.es\/wp-content\/uploads\/2021\/03\/article.jpg?w=600&amp;ssl=1 600w, https:\/\/i0.wp.com\/miradordeatarfe.es\/wp-content\/uploads\/2021\/03\/article.jpg?resize=227%2C300&amp;ssl=1 227w\" sizes=\"auto, (max-width: 600px) 100vw, 600px\" \/><\/a><\/p>\n<p>&nbsp;<\/p>\n<\/div>\n<\/div>\n<\/div>\n<\/div>\n<\/div>\n<\/article>\n<\/div>\n<\/div>\n<\/div>\n<p><\/main><\/p>\n","protected":false},"excerpt":{"rendered":"<p>\u00abLa ciencia olvidada, d\u00edas de silencio y rosas\u00bb, el documental realizado por el Atarfe\u00f1o Jorge&#8230;<\/p>\n","protected":false},"author":1,"featured_media":46208,"comment_status":"closed","ping_status":"closed","sticky":false,"template":"","format":"standard","meta":{"_coblocks_attr":"","_coblocks_dimensions":"","_coblocks_responsive_height":"","_coblocks_accordion_ie_support":"","jetpack_post_was_ever_published":false,"_jetpack_newsletter_access":"","_jetpack_dont_email_post_to_subs":false,"_jetpack_newsletter_tier_id":0,"_jetpack_memberships_contains_paywalled_content":false,"_jetpack_memberships_contains_paid_content":false,"footnotes":"","jetpack_publicize_message":"","jetpack_publicize_feature_enabled":true,"jetpack_social_post_already_shared":false,"jetpack_social_options":{"image_generator_settings":{"template":"highway","default_image_id":0,"enabled":false},"version":2}},"categories":[1161,44,7671,15],"tags":[6724,8179],"class_list":["post-46207","post","type-post","status-publish","format-standard","has-post-thumbnail","hentry","category-ciudadania","category-noticias-de-hoy","category-politica","category-ultimas-noticias","tag-antonio-chamorro","tag-la-ciencia-olvidada"],"jetpack_publicize_connections":[],"jetpack_featured_media_url":"https:\/\/i0.wp.com\/miradordeatarfe.es\/wp-content\/uploads\/2021\/03\/CARNET-MEDICO.jpg?fit=700%2C428&ssl=1","jetpack_likes_enabled":true,"jetpack_sharing_enabled":true,"_links":{"self":[{"href":"https:\/\/miradordeatarfe.es\/index.php?rest_route=\/wp\/v2\/posts\/46207","targetHints":{"allow":["GET"]}}],"collection":[{"href":"https:\/\/miradordeatarfe.es\/index.php?rest_route=\/wp\/v2\/posts"}],"about":[{"href":"https:\/\/miradordeatarfe.es\/index.php?rest_route=\/wp\/v2\/types\/post"}],"author":[{"embeddable":true,"href":"https:\/\/miradordeatarfe.es\/index.php?rest_route=\/wp\/v2\/users\/1"}],"replies":[{"embeddable":true,"href":"https:\/\/miradordeatarfe.es\/index.php?rest_route=%2Fwp%2Fv2%2Fcomments&post=46207"}],"version-history":[{"count":3,"href":"https:\/\/miradordeatarfe.es\/index.php?rest_route=\/wp\/v2\/posts\/46207\/revisions"}],"predecessor-version":[{"id":46212,"href":"https:\/\/miradordeatarfe.es\/index.php?rest_route=\/wp\/v2\/posts\/46207\/revisions\/46212"}],"wp:featuredmedia":[{"embeddable":true,"href":"https:\/\/miradordeatarfe.es\/index.php?rest_route=\/wp\/v2\/media\/46208"}],"wp:attachment":[{"href":"https:\/\/miradordeatarfe.es\/index.php?rest_route=%2Fwp%2Fv2%2Fmedia&parent=46207"}],"wp:term":[{"taxonomy":"category","embeddable":true,"href":"https:\/\/miradordeatarfe.es\/index.php?rest_route=%2Fwp%2Fv2%2Fcategories&post=46207"},{"taxonomy":"post_tag","embeddable":true,"href":"https:\/\/miradordeatarfe.es\/index.php?rest_route=%2Fwp%2Fv2%2Ftags&post=46207"}],"curies":[{"name":"wp","href":"https:\/\/api.w.org\/{rel}","templated":true}]}}