{"id":46250,"date":"2021-04-02T10:15:37","date_gmt":"2021-04-02T08:15:37","guid":{"rendered":"http:\/\/miradordeatarfe.es\/?p=46250"},"modified":"2021-03-31T17:11:26","modified_gmt":"2021-03-31T15:11:26","slug":"comunicadoras-granada-arranca-su-canal-de-podcast-con-un-ciclo-dedicado-a-rescatar-a-grandes-mujeres-olvidadas-por-la-historia","status":"publish","type":"post","link":"https:\/\/miradordeatarfe.es\/?p=46250","title":{"rendered":"Comunicadoras Granada arranca su Canal de Podcast con un ciclo dedicado a rescatar a grandes mujeres olvidadas por la historia"},"content":{"rendered":"<h3 style=\"text-align: justify;\">La primera entrega del proyecto reflexiona sobre la valiente pintora granadina Aurelia Navarro y su obra de 1908, \u00abDesnudo de Mujer\u201d que actualmente se exhibe en el Museo del Prado.<\/h3>\n<p style=\"text-align: justify;\"><strong>La Asociaci\u00f3n Comunicadoras Granada<\/strong>, formada por mujeres profesionales de la comunicaci\u00f3n de la provincia que defiende la plena igualdad en el \u00e1mbito de los medios de comunicaci\u00f3n y la publicidad, pone en marcha un nuevo canal para difundir los valores de la igualdad en la comunicaci\u00f3n, en este caso se trata de un Canal de Podcast en la plataforma Ivoox(<a href=\"https:\/\/www.ivoox.com\/perfil-comunicadorasgranada_aj_24353943_1.html\">https:\/\/www.ivoox.com\/perfil-comunicadorasgranada_aj_24353943_1.html<\/a>)<\/p>\n<p style=\"text-align: justify;\">El canal de contenidos de audio se presenta con un ciclo dedicado a rescatar del ostracismo a mujeres olvidadas y silenciadas por la historia, seg\u00fan informa la asociaci\u00f3n.<\/p>\n<p style=\"text-align: justify;\">En la primera entrega del proyecto se reflexiona sobre la granadina Aurelia Navarro Moreno y su cuadro \u00abDesnudo de Mujer\u00bb, una obra que realiz\u00f3 en 1908, con la que desde Granada reivindic\u00f3 la capacidad t\u00e9cnica y solvencia art\u00edstica de la mujer y por la que obtuvo la tercera menci\u00f3n en la mayor muestra que hab\u00eda por aquel entonces en Espa\u00f1a, la Exposici\u00f3n Nacional de Bellas Artes de Madrid.\u00a0\u00a0<\/p>\n<p class=\"sumari\" style=\"text-align: justify;\">\u00abEn un ambiente social conseervador, machista y mis\u00f3gino, Aurelia Navarro fue obligada a desistir y abandonar su prometedora carrera ante la presi\u00f3n familiar y la falta de reconocimiento por parte de la sociedad granadina\u00bb<\/p>\n<p style=\"text-align: justify;\">La exposici\u00f3n \u00abInvitadas\u00bb, que actualmente se exhibe en el Museo Nacional del Prado, ha supuesto \u00abla excusa perfecta\u00bb para recuperar la memoria de esta artista nacida en 1882. \u00abValiente, con las ideas muy claras y con una personalidad muy carism\u00e1tica, fue completamente ninguneada y vio frenada su carrera art\u00edstica en un mundo de hombres. En un ambiente social conservador, machista y mis\u00f3gino, Aurelia fue obligada a desistir y abandonar su prometedora carrera ante la presi\u00f3n familiar y la falta de reconocimiento por parte de la sociedad granadina\u00bb, apunta el colectivo.<\/p>\n<p style=\"text-align: justify;\">En la confecci\u00f3n de este relato sonoro en torno a la figura y obra de Aurelia Navarro,se ha contado con la participaci\u00f3n de la catedr\u00e1tica de la Historia del Arte de la Universidad de Sevilla, <strong>Magdalena Ill\u00e1n<\/strong>; la historiadora del arte y autora de libros como <em>\u201cDiccionario de mujeres pintoras en la Andaluc\u00eda del siglo XIX<\/em>\u201d <strong>Matilde Torres L\u00f3pez<\/strong>;\u00a0<strong>Ariadna Ruiz Ruigo<\/strong>, investigadora y profesora predoctoral de historia del arte en la Universidad Complutense de Madrid e integrante del grupo de investigaci\u00f3n SuMa Universidad M\u00c1S Museo; <strong>Mar\u00eda Dolores Santos Moreno<\/strong>, investigadora autora de la tesis doctoral <em>Pintura del siglo XIX en Granada. Arte y Sociedad<\/em> y el testimonio <strong>Antonio Navarro<\/strong>, sobrino nieto de Aurelia, en representaci\u00f3n de la familia, que actualmente trabaja para rescatar la obra y memoria de una t\u00eda abuela de la que nada sab\u00edan.<\/p>\n<p style=\"text-align: justify;\">Con este nuevo proyecto, desde Comunicadoras Granada, \u00abse pretende dar a conocer y otorgar el valor que merecen tantas mujeres de las que apenas ha quedado rastro, porque la historia, generalmente contada y escrita por hombres, las ocult\u00f3 neg\u00e1ndoles su papel e importancia y arrebat\u00e1ndoles su trascendencia\u00bb, valora <strong>Delia Molina<\/strong>, una de las autoras del posdcast.<\/p>\n<p style=\"text-align: justify;\">Por su parte <strong>Mar\u00eda Jos\u00e9 Anguita<\/strong>, otra de las profesionales al frente del proyecto, dice que \u00abpoco a poco, a trav\u00e9s de este ciclo de podcast, se pondr\u00e1 voz a la vida y obra de mujeres granadinas valientes y luchadoras que fueron contracorriente y que viven y vivieron conforme a un ideal de igualdad\u00bb.\u00a0<\/p>\n<p style=\"text-align: justify;\">En las pr\u00f3ximas entregas las protagonistas ser\u00e1n mujeres como <strong>Sagrario Luna<\/strong>, periodista y comunicadora musical, autora de las biograf\u00edas de The Jam, The Clash y Fela Kuti o <strong>Margarita Carretero Garc\u00eda<\/strong>, la primera doctora que sali\u00f3 de la Facultad de Medicina de Granada despu\u00e9s de casi cuatro siglos y medio de existencia de la instituci\u00f3n, en 1967.<\/p>\n<div style=\"text-align: justify;\">El primer episodio del Podcast de Comunicadoras Granada se puede escuchar en el enlace: <a href=\"https:\/\/www.ivoox.com\/rescatando-nuestra-historia-aurelia-navarro-audios-mp3_rf_66356459_1.html\">https:\/\/www.ivoox.com\/rescatando-nuestra-historia-aurelia-navarro-audios.<\/a><\/div>\n","protected":false},"excerpt":{"rendered":"<p>La primera entrega del proyecto reflexiona sobre la valiente pintora granadina Aurelia Navarro y su&#8230;<\/p>\n","protected":false},"author":1,"featured_media":46251,"comment_status":"closed","ping_status":"closed","sticky":false,"template":"","format":"standard","meta":{"_coblocks_attr":"","_coblocks_dimensions":"","_coblocks_responsive_height":"","_coblocks_accordion_ie_support":"","jetpack_post_was_ever_published":false,"_jetpack_newsletter_access":"","_jetpack_dont_email_post_to_subs":false,"_jetpack_newsletter_tier_id":0,"_jetpack_memberships_contains_paywalled_content":false,"_jetpack_memberships_contains_paid_content":false,"footnotes":"","jetpack_publicize_message":"","jetpack_publicize_feature_enabled":true,"jetpack_social_post_already_shared":false,"jetpack_social_options":{"image_generator_settings":{"template":"highway","default_image_id":0,"enabled":false},"version":2}},"categories":[14,7721,44,15],"tags":[41,1125,19],"class_list":["post-46250","post","type-post","status-publish","format-standard","has-post-thumbnail","hentry","category-feminismo","category-mujeres-que-cambiaron-la-historia","category-noticias-de-hoy","category-ultimas-noticias","tag-feminismo","tag-historia","tag-mujeres"],"jetpack_publicize_connections":[],"jetpack_featured_media_url":"https:\/\/i0.wp.com\/miradordeatarfe.es\/wp-content\/uploads\/2021\/03\/podcast_comunicadoras.jpg?fit=650%2C325&ssl=1","jetpack_likes_enabled":true,"jetpack_sharing_enabled":true,"_links":{"self":[{"href":"https:\/\/miradordeatarfe.es\/index.php?rest_route=\/wp\/v2\/posts\/46250","targetHints":{"allow":["GET"]}}],"collection":[{"href":"https:\/\/miradordeatarfe.es\/index.php?rest_route=\/wp\/v2\/posts"}],"about":[{"href":"https:\/\/miradordeatarfe.es\/index.php?rest_route=\/wp\/v2\/types\/post"}],"author":[{"embeddable":true,"href":"https:\/\/miradordeatarfe.es\/index.php?rest_route=\/wp\/v2\/users\/1"}],"replies":[{"embeddable":true,"href":"https:\/\/miradordeatarfe.es\/index.php?rest_route=%2Fwp%2Fv2%2Fcomments&post=46250"}],"version-history":[{"count":1,"href":"https:\/\/miradordeatarfe.es\/index.php?rest_route=\/wp\/v2\/posts\/46250\/revisions"}],"predecessor-version":[{"id":46252,"href":"https:\/\/miradordeatarfe.es\/index.php?rest_route=\/wp\/v2\/posts\/46250\/revisions\/46252"}],"wp:featuredmedia":[{"embeddable":true,"href":"https:\/\/miradordeatarfe.es\/index.php?rest_route=\/wp\/v2\/media\/46251"}],"wp:attachment":[{"href":"https:\/\/miradordeatarfe.es\/index.php?rest_route=%2Fwp%2Fv2%2Fmedia&parent=46250"}],"wp:term":[{"taxonomy":"category","embeddable":true,"href":"https:\/\/miradordeatarfe.es\/index.php?rest_route=%2Fwp%2Fv2%2Fcategories&post=46250"},{"taxonomy":"post_tag","embeddable":true,"href":"https:\/\/miradordeatarfe.es\/index.php?rest_route=%2Fwp%2Fv2%2Ftags&post=46250"}],"curies":[{"name":"wp","href":"https:\/\/api.w.org\/{rel}","templated":true}]}}