{"id":463,"date":"2015-03-18T09:19:40","date_gmt":"2015-03-18T09:19:40","guid":{"rendered":"http:\/\/miradordeatarfe.es\/?p=463"},"modified":"2015-03-19T08:53:27","modified_gmt":"2015-03-19T08:53:27","slug":"domingo-perez-municipio-172-de-la-provincia-de-granada","status":"publish","type":"post","link":"https:\/\/miradordeatarfe.es\/?p=463","title":{"rendered":"Domingo P\u00e9rez, municipio 172 de la provincia de Granada"},"content":{"rendered":"<p>La entidad local aut\u00f3noma se segrega de Iznalloz tras 12 a\u00f1os de autogobierno. Enhorabuena a todas las personas que desde tiempo venian reivindicando su independencia de Iznalloz.<!--more--><\/p>\n<p>El Consejo de Gobierno de la Junta de Andaluc\u00eda ha aprobado la creaci\u00f3n del municipio de Domingo P\u00e9rez de Granada, por segregaci\u00f3n del t\u00e9rmino municipal de Iznalloz: tras esta decisi\u00f3n, el n\u00famero de localidades que integran la comunidad aut\u00f3noma asciende a 777, y de ellas, 172 se encuentran en la provincia granadina, que es la que m\u00e1s tiene.<\/p>\n<p>Domingo P\u00e9rez de Granada nace como municipio tras una experiencia de 12 a\u00f1os de autogobierno, iniciada en 2003 al constituirse como Entidad Local Aut\u00f3noma (ELA), entonces bajo la denominaci\u00f3n de Domingo P\u00e9rez. El cambio de nombre se debe a la coincidencia con una localidad de Toledo.<\/p>\n<p>El expediente de segregaci\u00f3n ha podido culminar al ser anterior a la entrada en vigor de la Ley de Racionalizaci\u00f3n y Sostenibilidad de la Administraci\u00f3n Local, recurrida por el Gobierno andaluz ante el Tribunal Constitucional. Esta norma no permite segregaciones de n\u00facleos de menos de 5.000 habitantes.<\/p>\n<p>El nuevo municipio cuenta con 888 habitantes y una superficie de 48,93 kil\u00f3metros cuadrados, el 15,78 por ciento del t\u00e9rmino original de Iznalloz. Su casco urbano se encuentra a una distancia de 20,8 kil\u00f3metros por carretera del n\u00facleo en el que tiene su sede el Ayuntamiento del que se ha segregado; la delimitaci\u00f3n del t\u00e9rmino es la misma que la establecida para la ELA.<\/p>\n<p>La Consejer\u00eda de Administraci\u00f3n Local y Relaciones Institucionales, encargada de tramitar el expediente, considera que Domingo P\u00e9rez de Granada cumple todos los requisitos que marca la Ley de Autonom\u00eda Local. Entre otros aspectos, destaca su adecuada infraestructura administrativa y de instalaciones, as\u00ed como una equilibrada gesti\u00f3n econ\u00f3mico-financiera mantenida durante los a\u00f1os de autogesti\u00f3n como ELA. De igual modo, la Junta se\u00f1ala que la segregaci\u00f3n no causar\u00e1 perjuicio econ\u00f3mico al municipio matriz.<\/p>\n<p>La solicitud de segregaci\u00f3n fue aprobada el 1 de diciembre de 2011 por el Ayuntamiento de Iznalloz. Una vez registrada la iniciativa, se sigui\u00f3 el procedimiento previsto en la Ley de Autonom\u00eda Local de Andaluc\u00eda. Entre otros tr\u00e1mites, se dio audiencia a los ayuntamientos de Guadahortuna, Montej\u00edcar, P\u00ed\u00f1ar y Campot\u00e9jar, dado que sus t\u00e9rminos municipales son colindantes con el \u00e1mbito territorial de la ELA.<\/p>\n<p>Asimismo, se llev\u00f3 a cabo el proceso de informaci\u00f3n p\u00fablica con las correspondientes publicaciones en el Bolet\u00edn Oficial de la Junta de Andaluc\u00eda (BOJA) y en el Bolet\u00edn Oficial de la Provincia de Granada. Tambi\u00e9n se han tenido en cuenta los pronunciamientos de los plenos del Ayuntamiento de Iznalloz, la Diputaci\u00f3n de Granada y la Comisi\u00f3n Permanente del Consejo Andaluz de Concertaci\u00f3n Local.<\/p>\n<p class=\"compLadillo\">Decimos\u00e9ptimo municipio constituido en tres d\u00e9cadas<\/p>\n<p>El decreto de segregaci\u00f3n establece un periodo de tres meses, a partir de su publicaci\u00f3n en el BOJA, para la constituci\u00f3n de la Comisi\u00f3n Gestora. Este \u00f3rgano de gobierno provisional estar\u00e1 presidido por la persona titular de la presidencia de la ELA e integrado por seis vocales que ser\u00e1n propuestos y designados en funci\u00f3n de los resultados de los comicios locales del pr\u00f3ximo 24 de mayo. En este caso, y debido al calendario legalmente previsto, el territorio segregado a\u00fan tendr\u00e1 la consideraci\u00f3n de ELA a efectos electorales.<\/p>\n<p>Domingo P\u00e9rez de Granada es el decimos\u00e9ptimo municipio que se constituye en las m\u00e1s de tres d\u00e9cadas de la autonom\u00eda andaluza. El \u00faltimo, aprobado por el Consejo de Gobierno el 3 de febrero, fue el de J\u00e1tar, segregado de Arenas del Rey (Granada).<\/p>\n<p>Respecto al criterio demogr\u00e1fico, que la ley estatal de reforma local fija en 5.000 habitantes como m\u00ednimo para una segregaci\u00f3n, la Junta se\u00f1ala que los municipios con poblaci\u00f3n similar a la de Domingo P\u00e9rez de Granada &#8211;menos de 1.000 habitantes&#8211; son actualmente 200 en Andaluc\u00eda &#8211;el 25,77 por ciento de los que hay en la comunidad&#8211; y 62 en la provincia granadina &#8211;el 36,26 por ciento del total provincial&#8211;.<\/p>\n<p>El nuevo municipio cuenta con 888 habitantes y una superficie de 48,93 kil\u00f3metros cuadrados, el 15,78 por ciento del t\u00e9rmino original de Iznalloz. Su casco urbano se encuentra a una distancia de 20,8 kil\u00f3metros por carretera del n\u00facleo en el que tiene su sede el Ayuntamiento del que se ha segregado; la delimitaci\u00f3n del t\u00e9rmino es la misma que la establecida para la ELA.<\/p>\n<p><b>Domingo P\u00e9rez<\/b> es un municipio en la provincia de Granada y comunidad aut\u00f3noma de Andaluc\u00eda. Est\u00e1 situada al norte de la comarca de Los Montes, a 48 kil\u00f3metros de Granada, a una altitud de 981 metros. Enclavado en un peque\u00f1o valle, entre montes, su territorio es atravesado por el r\u00edo Cubillas y el arroyo de Cucarrete. Su temperatura es unos cinco grados inferior a la de la capital granadina, lo que hace que sus veranos sean frescos y los inviernos fr\u00edos.<\/p>\n<p>Adem\u00e1s de la entrada por el oeste que une con Dehesas Viejas, Benal\u00faa de las Villas y Alcal\u00e1 la Real entre otras, tiene la localidad varios accesos, entre los que destacan: la entrada norte, que acerca a los viajeros que provienen de Montej\u00edcar y de los cercanos pueblos de la provincia de Ja\u00e9n como Huelma, la entrada este, que une por medio de una carretera y de un camino vecinal a P\u00ed\u00f1ar; y la entrada sur, antigua carretera de Granada, que nos une con P\u00ed\u00f1ar e Iznalloz .<\/p>\n<p>Durante el per\u00edodo de dominaci\u00f3n musulmana fue una antigua alquer\u00eda, destacando la riqueza de su tierra para el cereal y el girasol. A mediados del siglo XX los terrenos del pueblo fueron vendidos a 217 habitantes por el Marqu\u00e9s de Albayda en 1959 (por 11 millones y medio de pesetas) se empez\u00f3 a diversificar el cultivo, siendo hoy el olivar su principal riqueza.<\/p>\n<p>Los n\u00facleos de poblaci\u00f3n que abarca la Entidad Local Aut\u00f3noma son Domingo P\u00e9rez, Ca\u00f1atabla y Cot\u00edlfar, que engloban a otros cortijos menores como Casa Nueva, Terre, Venta Nueva, Mosquera, Ca\u00f1ada Hermosa, El Salado y El Saladillo.<\/p>\n<p>La superficie total del territorio es de 50 kil\u00f3metros cuadrados, y est\u00e1 repartida en los siguientes n\u00facleos de poblaci\u00f3n:<\/p>\n<ul>\n<li>Domingo P\u00e9rez: 5 kil\u00f3metros cuadrados.<\/li>\n<li>Ca\u00f1atalba: 0,14 kil\u00f3metros cuadrados.<\/li>\n<li>Cot\u00edlfar: 0,8 kil\u00f3metros cuadrados.<\/li>\n<\/ul>\n<p>&nbsp;<\/p>\n","protected":false},"excerpt":{"rendered":"<p>La entidad local aut\u00f3noma se segrega de Iznalloz tras 12 a\u00f1os de autogobierno. Enhorabuena a&#8230;<\/p>\n","protected":false},"author":1,"featured_media":464,"comment_status":"closed","ping_status":"closed","sticky":false,"template":"","format":"standard","meta":{"_coblocks_attr":"","_coblocks_dimensions":"","_coblocks_responsive_height":"","_coblocks_accordion_ie_support":"","jetpack_post_was_ever_published":false,"_jetpack_newsletter_access":"","_jetpack_dont_email_post_to_subs":false,"_jetpack_newsletter_tier_id":0,"_jetpack_memberships_contains_paywalled_content":false,"_jetpack_memberships_contains_paid_content":false,"footnotes":"","jetpack_publicize_message":"","jetpack_publicize_feature_enabled":true,"jetpack_social_post_already_shared":false,"jetpack_social_options":{"image_generator_settings":{"template":"highway","default_image_id":0,"enabled":false},"version":2}},"categories":[15],"tags":[233,232,234],"class_list":["post-463","post","type-post","status-publish","format-standard","has-post-thumbnail","hentry","category-ultimas-noticias","tag-domingo-perez","tag-independencia","tag-segregacion"],"jetpack_publicize_connections":[],"jetpack_featured_media_url":"https:\/\/i0.wp.com\/miradordeatarfe.es\/wp-content\/uploads\/2015\/03\/avda.-corralicos-antigua-ctra.-iznalloz.jpg?fit=760%2C428&ssl=1","jetpack_likes_enabled":true,"jetpack_sharing_enabled":true,"_links":{"self":[{"href":"https:\/\/miradordeatarfe.es\/index.php?rest_route=\/wp\/v2\/posts\/463","targetHints":{"allow":["GET"]}}],"collection":[{"href":"https:\/\/miradordeatarfe.es\/index.php?rest_route=\/wp\/v2\/posts"}],"about":[{"href":"https:\/\/miradordeatarfe.es\/index.php?rest_route=\/wp\/v2\/types\/post"}],"author":[{"embeddable":true,"href":"https:\/\/miradordeatarfe.es\/index.php?rest_route=\/wp\/v2\/users\/1"}],"replies":[{"embeddable":true,"href":"https:\/\/miradordeatarfe.es\/index.php?rest_route=%2Fwp%2Fv2%2Fcomments&post=463"}],"version-history":[{"count":1,"href":"https:\/\/miradordeatarfe.es\/index.php?rest_route=\/wp\/v2\/posts\/463\/revisions"}],"predecessor-version":[{"id":465,"href":"https:\/\/miradordeatarfe.es\/index.php?rest_route=\/wp\/v2\/posts\/463\/revisions\/465"}],"wp:featuredmedia":[{"embeddable":true,"href":"https:\/\/miradordeatarfe.es\/index.php?rest_route=\/wp\/v2\/media\/464"}],"wp:attachment":[{"href":"https:\/\/miradordeatarfe.es\/index.php?rest_route=%2Fwp%2Fv2%2Fmedia&parent=463"}],"wp:term":[{"taxonomy":"category","embeddable":true,"href":"https:\/\/miradordeatarfe.es\/index.php?rest_route=%2Fwp%2Fv2%2Fcategories&post=463"},{"taxonomy":"post_tag","embeddable":true,"href":"https:\/\/miradordeatarfe.es\/index.php?rest_route=%2Fwp%2Fv2%2Ftags&post=463"}],"curies":[{"name":"wp","href":"https:\/\/api.w.org\/{rel}","templated":true}]}}