{"id":46301,"date":"2021-04-03T10:25:40","date_gmt":"2021-04-03T08:25:40","guid":{"rendered":"http:\/\/miradordeatarfe.es\/?p=46301"},"modified":"2021-03-31T17:33:57","modified_gmt":"2021-03-31T15:33:57","slug":"y-por-que-no-un-erasmus-en-el-campo-100-jovenes-podran-hacerlo-el-curso-que-viene","status":"publish","type":"post","link":"https:\/\/miradordeatarfe.es\/?p=46301","title":{"rendered":"\u00bfY por qu\u00e9 no un Erasmus en el campo? 100 j\u00f3venes podr\u00e1n hacerlo el curso que viene"},"content":{"rendered":"<h3 style=\"text-align: justify;\">El lugar de destino ser\u00e1n municipios con menos de cinco mil habitantes. En Espa\u00f1a, hay unos 6.800 municipios en esa situaci\u00f3n. Cuando se instalen all\u00ed, los j\u00f3venes podr\u00e1n desarrollar diferentes proyectos, donde el abanico ser\u00eda muy amplio<\/h3>\n<p><main class=\"main main-home\"><\/p>\n<div id=\"noticia\" class=\"cnt-article estirar\" data-portal=\"programa\" data-seccion=\"hora_25\" data-subseccion=\"\" data-url=\"https:\/\/cadenaser.com\/programa\/2021\/03\/30\/hora_25\/1617132156_673232.html\" data-titulo=\"\u00bfY por qu\u00e9 no un Erasmus en el campo? 100 j\u00f3venes podr\u00e1n hacerlo el curso que viene | Hora 25 | Cadena SER\" data-id-comentarios=\"1617132742-6c60004c212444948322c53ac22769de\" data-tags-ids=\"124241,75362,88367,26379,66423,65954,26179,28040,73526\" data-twitter-title=\"\u00bfY por qu\u00e9 no un Erasmus en el campo? 100 j\u00f3venes podr\u00e1n hacerlo el curso que viene\" data-twitter-site=\"@Hora25\" data-og-title=\"\u00bfY por qu\u00e9 no un Erasmus en el campo? 100 j\u00f3venes podr\u00e1n hacerlo el curso que viene\">\n<article>\n<div class=\"cnt-izq\">\n<div class=\"cnt-body\">\n<div id=\"cuerpo_noticia_r\" class=\"cuerpo\">\n<p style=\"text-align: justify;\">Los universitarios espa\u00f1oles se van a estudiar a Roma, Par\u00eds o Berl\u00edn. Pero\u00a0<strong>\u00bfpor qu\u00e9 no formarse en la Espa\u00f1a rural?<\/strong>\u00a0Es la iniciativa que se pondr\u00e1 en marcha el curso que viene: un centenar de j\u00f3venes podr\u00e1n hacer un\u00a0<a title=\"El Gobierno prepara un 'Erasmus rural' para que los j\u00f3venes tengan su primera experiencia laboral en pueblos\" href=\"https:\/\/cadenaser.com\/ser\/2021\/03\/30\/sociedad\/1617094826_147307.html\"><em><strong>Erasmus rural.<\/strong><\/em><\/a>\u00a0El objetivo es que estudiantes de \u00faltimos a\u00f1os de Grado y Formaci\u00f3n Profesional hagan\u00a0<strong>pr\u00e1cticas en entornos rurales o en riesgo de\u00a0<a title=\"Despoblaci\u00f3n\" href=\"https:\/\/cadenaser.com\/tag\/despoblacion\/a\/\">despoblaci\u00f3n<\/a><\/strong>, impulsando el crecimiento econ\u00f3mico de esos territorios.<\/p>\n<p style=\"text-align: justify;\">Teresa Ribera, vicepresidenta cuarta del Gobierno y ministra para la Transici\u00f3n Ecol\u00f3gica y el Reto Demogr\u00e1fico explica que la clave es\u00a0<strong>\u00abconsolidar una empat\u00eda emocional<\/strong>, como ha hecho el Programa Erasmus de la Uni\u00f3n Europea\u00bb.<\/p>\n<div id=\"_wmass_19924899999998615\" style=\"text-align: justify;\">\n<div id=\"jw-9861500805\">El lugar de destino ser\u00e1n <strong>municipios con menos de cinco mil habitantes.<\/strong>\u00a0En Espa\u00f1a, hay unos 6.800 municipios en esa situaci\u00f3n. Cuando se instalen all\u00ed, los j\u00f3venes podr\u00e1n desarrollar diferentes proyectos, donde el abanico ser\u00eda muy amplio: \u00abPueden trabajar en una cooperativa, consolidar un proyecto de investigaci\u00f3n arqueol\u00f3gica o acompa\u00f1ar en un centro de innovaci\u00f3n a iniciativas de emprendimiento locales\u00bb, explica Ribera.<\/div>\n<\/div>\n<p style=\"text-align: justify;\">Estos j\u00f3venes, en definitiva,\u00a0<strong>se instalar\u00e1n por un tiempo en los puntos calientes de la despoblaci\u00f3n en Espa\u00f1a.<\/strong>\u00a0En uno de esos municipios que est\u00e1n intentando parar la despoblaci\u00f3n vive Armando Soria. Es el alcalde de Urri\u00e9s, en Arag\u00f3n y puede presumir de haber revertido una tendencia negativa. \u00abEn 2015, ten\u00edamos 36 habitantes censados. Ahora, 51. La media de edad ha bajado de 75 a 45 a\u00f1os. La nueva poblaci\u00f3n que ha venido quiere trabajar e invertir en el mundo rural\u00bb, explica Soria.<\/p>\n<p style=\"text-align: justify;\"><strong>En ning\u00fan momento han querido ofrecer techo gratis a los que quisieran instalarse<\/strong>, porque el alcalde cree que se trata de medidas desesperadas. Sostiene Soria que se trata de \u00abpan para hoy y hambre para ma\u00f1ana\u00bb y est\u00e1 convencido de que esas medidas no evitan que, con el tiempo, esas personas vuelvan a marcharse.<\/p>\n<p style=\"text-align: justify;\">Fernando Collantes, profesor de Historia Econ\u00f3mica de la Universidad de Oviedo, cree que\u00a0<strong>la opci\u00f3n de un Erasmus rural es positiva.<\/strong>\u00a0Aunque reconoce que el efecto cuantitativo ser\u00e1 limitado, cree que va en al buena direcci\u00f3n porque \u00abno todo es dinero\u00bb. Este investigador &#8211; uno de los mayores expertos en despoblaci\u00f3n en Espa\u00f1a &#8211; explica que es un error obsesionarse con retener la poblaci\u00f3n: \u00abSi una f\u00e9rrea dictadura nos encerrara a todos en nuestros municipios y pusiera unos muros para que no pudi\u00e9ramos salir, nuestro mundo rural seguir\u00eda despobl\u00e1ndose, por la edad de esa poblaci\u00f3n. Se mueren. La clave es atraer a nuevos pobladores\u00bb.<\/p>\n<p style=\"text-align: justify;\">Entre esos nuevos pobladores, han jugado un papel clave los inmigrantes que han llegado a Espa\u00f1a en los \u00faltimos 20 a\u00f1os. Es el caso de Zita Kioreanu, que vive en La Almunia de\u00a0<strong>Do\u00f1a Godina, un municipio de ocho mil habitantes, en el que el 30% de poblaci\u00f3n es inmigrante.<\/strong>\u00a0La mayor\u00eda son rumanos, pero el censo registra hasta cincuenta nacionalidades diferentes. Ahora, ella es concejala del ayuntamiento, pero hace 20 a\u00f1os era una joven que llegaba de Transilvania con su hijo peque\u00f1o para reencontrarse con su marido, tambi\u00e9n rumano.<\/p>\n<p style=\"text-align: justify;\">Empez\u00f3 recogiendo cerezas y \u00e9l encontr\u00f3 trabajo como transportista. Aunque al principio s\u00ed fue un cambio radical, cree que es la mejor decisi\u00f3n que tomaron: \u00abPara m\u00ed el choque fue el clima. Ahora, todo lo veo bonito, precioso y m\u00edo.\u00a0<strong>Siento que nac\u00ed aqu\u00ed\u00bb.<\/strong><\/p>\n<p style=\"text-align: justify;\">Fernando Collantes explica que el caso de Zita Kioreanu no es excepcional y\u00a0<strong>los inmigrantes han sido imprescindibles para la revitalizaci\u00f3n demogr\u00e1fica de la Espa\u00f1a rural.<\/strong>\u00a0\u00abTenemos que estar muy contentos con la asimilaci\u00f3n que se ha producido en las \u00faltimas d\u00e9cadas\u00bb, concluye. Aunque los medios ponemos siempre el foco en la inversi\u00f3n, el alcalde de Urr\u00edes cree tambi\u00e9n que el mundo rural tiene que hacer una reflexi\u00f3n y sacudirse la carga peyorativa que tienen los pueblos. \u00abHa habido desidia institucional y medi\u00e1tica y nos han ense\u00f1ado siempre la imagen del Paco Mart\u00ednez Soria. El hijo que se quedaba en el mundo rural era el &#8216;perdedor&#8217; Tenemos que decir que vivir en un pueblo es un privilegio\u00bb, resume Soria.<\/p>\n<\/div>\n<\/div>\n<\/div>\n<\/article>\n<\/div>\n<p><\/main><\/p>\n<div class=\"cnt-metas\">\n<div class=\"autor\"><a href=\"https:\/\/cadenaser.com\/autor\/marisol_rojas_lopez\/a\/\">MARISOL ROJAS<\/a><\/div>\n<div>\u00a0<\/div>\n<div>FOTO: El Gobierno prepara un &#8216;Erasmus rural&#8217; para que los j\u00f3venes tengan su primera experiencia laboral en pueblos<\/div>\n<div>\u00a0<\/div>\n<div>https:\/\/cadenaser.com\/programa\/2021\/03\/30\/hora_25\/1617132156_673232.html<\/div>\n<p><time datetime=\"2021-03-30\"><abbr title=\"Central European Summer Time\"><\/abbr><\/time><\/div>\n","protected":false},"excerpt":{"rendered":"<p>El lugar de destino ser\u00e1n municipios con menos de cinco mil habitantes. En Espa\u00f1a, hay&#8230;<\/p>\n","protected":false},"author":1,"featured_media":46302,"comment_status":"closed","ping_status":"closed","sticky":false,"template":"","format":"standard","meta":{"_coblocks_attr":"","_coblocks_dimensions":"","_coblocks_responsive_height":"","_coblocks_accordion_ie_support":"","jetpack_post_was_ever_published":false,"_jetpack_newsletter_access":"","_jetpack_dont_email_post_to_subs":false,"_jetpack_newsletter_tier_id":0,"_jetpack_memberships_contains_paywalled_content":false,"_jetpack_memberships_contains_paid_content":false,"footnotes":"","jetpack_publicize_message":"","jetpack_publicize_feature_enabled":true,"jetpack_social_post_already_shared":false,"jetpack_social_options":{"image_generator_settings":{"template":"highway","default_image_id":0,"enabled":false},"version":2}},"categories":[1161,44,6937,15],"tags":[8187,8188],"class_list":["post-46301","post","type-post","status-publish","format-standard","has-post-thumbnail","hentry","category-ciudadania","category-noticias-de-hoy","category-sociedad","category-ultimas-noticias","tag-eramus","tag-rural"],"jetpack_publicize_connections":[],"jetpack_featured_media_url":"https:\/\/i0.wp.com\/miradordeatarfe.es\/wp-content\/uploads\/2021\/03\/1617132156_673232_1617198490_sumariofototexto_normal.jpg?fit=600%2C440&ssl=1","jetpack_likes_enabled":true,"jetpack_sharing_enabled":true,"_links":{"self":[{"href":"https:\/\/miradordeatarfe.es\/index.php?rest_route=\/wp\/v2\/posts\/46301","targetHints":{"allow":["GET"]}}],"collection":[{"href":"https:\/\/miradordeatarfe.es\/index.php?rest_route=\/wp\/v2\/posts"}],"about":[{"href":"https:\/\/miradordeatarfe.es\/index.php?rest_route=\/wp\/v2\/types\/post"}],"author":[{"embeddable":true,"href":"https:\/\/miradordeatarfe.es\/index.php?rest_route=\/wp\/v2\/users\/1"}],"replies":[{"embeddable":true,"href":"https:\/\/miradordeatarfe.es\/index.php?rest_route=%2Fwp%2Fv2%2Fcomments&post=46301"}],"version-history":[{"count":1,"href":"https:\/\/miradordeatarfe.es\/index.php?rest_route=\/wp\/v2\/posts\/46301\/revisions"}],"predecessor-version":[{"id":46303,"href":"https:\/\/miradordeatarfe.es\/index.php?rest_route=\/wp\/v2\/posts\/46301\/revisions\/46303"}],"wp:featuredmedia":[{"embeddable":true,"href":"https:\/\/miradordeatarfe.es\/index.php?rest_route=\/wp\/v2\/media\/46302"}],"wp:attachment":[{"href":"https:\/\/miradordeatarfe.es\/index.php?rest_route=%2Fwp%2Fv2%2Fmedia&parent=46301"}],"wp:term":[{"taxonomy":"category","embeddable":true,"href":"https:\/\/miradordeatarfe.es\/index.php?rest_route=%2Fwp%2Fv2%2Fcategories&post=46301"},{"taxonomy":"post_tag","embeddable":true,"href":"https:\/\/miradordeatarfe.es\/index.php?rest_route=%2Fwp%2Fv2%2Ftags&post=46301"}],"curies":[{"name":"wp","href":"https:\/\/api.w.org\/{rel}","templated":true}]}}