{"id":46353,"date":"2021-04-05T11:11:24","date_gmt":"2021-04-05T09:11:24","guid":{"rendered":"http:\/\/miradordeatarfe.es\/?p=46353"},"modified":"2021-04-03T17:17:52","modified_gmt":"2021-04-03T15:17:52","slug":"el-relevo-de-sandra-por-remedios-sanchez","status":"publish","type":"post","link":"https:\/\/miradordeatarfe.es\/?p=46353","title":{"rendered":"\u00abEL RELEVO DE SANDRA\u00bb por Remedios S\u00e1nchez"},"content":{"rendered":"<p align=\"JUSTIFY\"><span style=\"font-family: Times New Roman, serif;\"><span style=\"font-size: medium;\"><span lang=\"es-ES\">Cuando marzo termina y nievan jazmines en Sevilla, desde los Madriles Pedro S\u00e1nchez se ha percatado de que no controlaba todo el pa\u00eds. Pedro I \u201cEl guapo\u201d andaba recoloc\u00e1ndose el pelo en el espejo y se ha acordado, as\u00ed, de pronto, que por aqu\u00ed abajo el PSOE regional andaluz anda tens\u00e1ndole la cuerda desde que el mundo es mundo y la mandam\u00e1s verdiblanca se llama Susana y se apellida D\u00edaz. Por tanto, ni corto ni perezoso, le ha pedido al primer tiralevitas que pasaba por all\u00ed los \u2018Comentarios de la Guerra de las Galias\u2019, a ver si captaba la manera en que Julio C\u00e9sar dome\u00f1\u00f3 a las tribus galas y se convirti\u00f3 en c\u00f3nsul y dictador perpetuo. <\/span><\/span><\/span><\/p>\n<p align=\"JUSTIFY\"><span style=\"font-family: Times New Roman, serif;\"><span style=\"font-size: medium;\"><span lang=\"es-ES\">Lo que pasa es que en Moncloa nunca han sido mucho de leer, con lo que le han pasado un nosequ\u00e9 de las Galias que empieza as\u00ed: \u201cEstamos en el a\u00f1o 50 antes de Jesucristo. Toda la Galia est\u00e1 ocupada por los romanos\u2026 \u00bfToda? \u00a1No! Una aldea poblada por irreductibles galos resiste, todav\u00eda y como siempre, al invasor\u201d. Lo cual que Pedro se ha remirado el comic de Goscinny&amp;Uderzo y se ha quedado desconcertado, claro, porque aqu\u00ed acaban dejando a C\u00e9sar y sus legiones como una panda de in\u00fatiles. <\/span><\/span><\/span><\/p>\n<p align=\"JUSTIFY\"><span style=\"font-family: Times New Roman, serif;\"><span style=\"font-size: medium;\"><span lang=\"es-ES\">Y, como le han fastidiado la tarde, se ha puesto a recordar frases de \u2018El pr\u00edncipe\u2019 de Maquiavelo, que \u00e9se s\u00ed que se lo sabe de memoria, mayormente porque Pedro no est\u00e1 ahora para que nadie le toque las palmas (ni siquiera al comp\u00e1s) despu\u00e9s de la marcha de Iglesias, notoriamente el momento m\u00e1s dulce de un mandato cargado de angustia. Por eso, antes de que llegue el congreso regional a finales del 2021, ha decidido dar un aviso a navegantes. Tal vez debieron bastarle las declaraciones de Sandra Garc\u00eda unas semanas antes afirmando \u201cCreo que Ferraz ser\u00e1 respetuoso con la autonom\u00eda del PSOE andaluz\u00bb para ver por qui\u00e9n empezar. Sandra, que con su actitud y compromiso es un modelo de gestora, no cumpli\u00f3 las expectativas del amado l\u00edder y por eso la cesan: por su capacidad, elegancia y talento; para darle una bofetada a Susana D\u00edaz en la cara de la ya exdelegada y tratando de dividir nombrando a otro granadino (S\u00e1nchez no es el \u00fanico que ha le\u00eddo a Maquiavelo), seguramente valioso como es Pedro Fern\u00e1ndez, pero para el que seguro que no hubiera faltado un alto cargo sin mover a Sandra, una mujer carism\u00e1tica que ha ejercido en un a\u00f1o dur\u00edsimo de manera eficiente, respetuosa y sensata. Es decir, exactamente el perfil que debiera tener hoy la clase p\u00fablica, tan poco proclive al consenso y al di\u00e1logo, a pesar de que es precisamente lo que Espa\u00f1a necesita: un poco de serenidad y menos guerrillas internas. Porque algunos que mandan no se dan cuenta del da\u00f1o que causan<\/span><\/span><\/span> <span style=\"font-family: Times New Roman, serif;\"><span style=\"font-size: medium;\"><span lang=\"es-ES\">con gestos como \u00e9stos a la confianza en un partido que reivindica la igualdad (en el PSOE-A hay muchas mujeres preparadas gestionando, aunque mejor no nombrarlas no vaya a ser que las destituyan). Por eso no cabe otra que Sandra Garc\u00eda sea llamada ahora para otra tarea acorde a su val\u00eda. Si no, parecer\u00eda que el socialismo no aprecia la lealtad y la coherencia de gente imprescindible que, con su credibilidad personal por bandera, le suma apoyos, lo fortalece y lo ha llevado al lugar de privilegio que hoy tiene.<\/span><\/span><\/span><\/p>\n","protected":false},"excerpt":{"rendered":"<p>Cuando marzo termina y nievan jazmines en Sevilla, desde los Madriles Pedro S\u00e1nchez se ha&#8230;<\/p>\n","protected":false},"author":1,"featured_media":46354,"comment_status":"closed","ping_status":"closed","sticky":false,"template":"","format":"standard","meta":{"_coblocks_attr":"","_coblocks_dimensions":"","_coblocks_responsive_height":"","_coblocks_accordion_ie_support":"","jetpack_post_was_ever_published":false,"_jetpack_newsletter_access":"","_jetpack_dont_email_post_to_subs":false,"_jetpack_newsletter_tier_id":0,"_jetpack_memberships_contains_paywalled_content":false,"_jetpack_memberships_contains_paid_content":false,"footnotes":"","jetpack_publicize_message":"","jetpack_publicize_feature_enabled":true,"jetpack_social_post_already_shared":false,"jetpack_social_options":{"image_generator_settings":{"template":"highway","default_image_id":0,"enabled":false},"version":2}},"categories":[1161,7671,6914,15],"tags":[8192,7029],"class_list":["post-46353","post","type-post","status-publish","format-standard","has-post-thumbnail","hentry","category-ciudadania","category-politica","category-opinion-de-reme-sanchez","category-ultimas-noticias","tag-delegacion","tag-sandra-garcia"],"jetpack_publicize_connections":[],"jetpack_featured_media_url":"https:\/\/i0.wp.com\/miradordeatarfe.es\/wp-content\/uploads\/2021\/04\/sandra-garcia-klpF-U130982101121X2G-624x385%40Diario-Sur.jpg?fit=624%2C385&ssl=1","jetpack_likes_enabled":true,"jetpack_sharing_enabled":true,"_links":{"self":[{"href":"https:\/\/miradordeatarfe.es\/index.php?rest_route=\/wp\/v2\/posts\/46353","targetHints":{"allow":["GET"]}}],"collection":[{"href":"https:\/\/miradordeatarfe.es\/index.php?rest_route=\/wp\/v2\/posts"}],"about":[{"href":"https:\/\/miradordeatarfe.es\/index.php?rest_route=\/wp\/v2\/types\/post"}],"author":[{"embeddable":true,"href":"https:\/\/miradordeatarfe.es\/index.php?rest_route=\/wp\/v2\/users\/1"}],"replies":[{"embeddable":true,"href":"https:\/\/miradordeatarfe.es\/index.php?rest_route=%2Fwp%2Fv2%2Fcomments&post=46353"}],"version-history":[{"count":1,"href":"https:\/\/miradordeatarfe.es\/index.php?rest_route=\/wp\/v2\/posts\/46353\/revisions"}],"predecessor-version":[{"id":46355,"href":"https:\/\/miradordeatarfe.es\/index.php?rest_route=\/wp\/v2\/posts\/46353\/revisions\/46355"}],"wp:featuredmedia":[{"embeddable":true,"href":"https:\/\/miradordeatarfe.es\/index.php?rest_route=\/wp\/v2\/media\/46354"}],"wp:attachment":[{"href":"https:\/\/miradordeatarfe.es\/index.php?rest_route=%2Fwp%2Fv2%2Fmedia&parent=46353"}],"wp:term":[{"taxonomy":"category","embeddable":true,"href":"https:\/\/miradordeatarfe.es\/index.php?rest_route=%2Fwp%2Fv2%2Fcategories&post=46353"},{"taxonomy":"post_tag","embeddable":true,"href":"https:\/\/miradordeatarfe.es\/index.php?rest_route=%2Fwp%2Fv2%2Ftags&post=46353"}],"curies":[{"name":"wp","href":"https:\/\/api.w.org\/{rel}","templated":true}]}}