{"id":46385,"date":"2021-04-06T10:05:12","date_gmt":"2021-04-06T08:05:12","guid":{"rendered":"http:\/\/miradordeatarfe.es\/?p=46385"},"modified":"2021-04-04T21:10:23","modified_gmt":"2021-04-04T19:10:23","slug":"ninos-mutantes-se-estrenan-en-la-gran-pantalla-el-proximo-9-de-abril","status":"publish","type":"post","link":"https:\/\/miradordeatarfe.es\/?p=46385","title":{"rendered":"Ni\u00f1os Mutantes se estrenan en la gran pantalla el pr\u00f3ximo 9 de abril"},"content":{"rendered":"<header class=\"single-new-header\">\n<h2 class=\"single-subtitle\">&#8216;Nunca olvidar\u00e9 esta noche&#8217;, la pel\u00edcula del concierto de Ventanas, se podr\u00e1 disfrutar en Kin\u00e9polis Granada<\/h2>\n<\/header>\n<section>\n<div class=\"row single-new-content\">\n<div class=\"col-md-8 content-left\">\n<div class=\"single-new-header-meta text-muted\">\u00a0<\/div>\n<div class=\"single-new-content\">\n<p>En estos tiempos raros que nos ha tocado vivir, y que parece que no se terminan nunca, se nota que\u00a0<strong>Ni\u00f1os Mutantes<\/strong> tienen unas ganas inmensas de volver a girar para reencontrarse con su p\u00fablico. Y es por eso que no dejan de buscar \u2014y encontrar\u2014 nuevas formas de llevar su m\u00fasica en vivo a todos los rincones que hoy d\u00eda no pueden visitar, a todos esos fans que esperan ansiosos el momento en que puedan disfrutarles sobre un escenario.<\/p>\n<p>Hace unos d\u00edas deleitaron con el exitoso directo de\u00a0<strong>Contraventanas<\/strong>, un concierto en streaming realizado desde su local de ensayo y emitido a trav\u00e9s de sus redes sociales para celebrar el primer aniversario de\u00a0<strong>Ventanas<\/strong>. Las mismas canciones, en pa\u00f1os menores y sin aditivos, en un ejercicio de reducci\u00f3n al esqueleto de todos esos temas que fueron creados a partir de la interacci\u00f3n con diferentes productores en el estudio de grabaci\u00f3n.<\/p>\n<div class=\"code-block code-block-70b1b7fc60ecf882f79eef3c3eb82c3d code-block-81 ai-viewport-1 ai-viewport-2\"><ins id=\"revive-0-6\" data-revive-zoneid=\"106\" data-revive-id=\"3675e576db6d1cc6cb6554b6e5954dc7\" data-revive-seq=\"6\" data-revive-loaded=\"1\"><\/p>\n<div id=\"beacon_e59ee3190a\">Un aperitivo perfecto para abrir boca de cara al estreno en cines de \u2018Nunca Olvidar\u00e9 esta noche\u2019, La pel\u00edcula del concierto de Ventanas. Este film fue grabado durante su actuaci\u00f3n del pasado mes de octubre en el Teatro CajaGranada, en un directo que fue, adem\u00e1s, la primera presentaci\u00f3n oficial de su disco y el reencuentro con sus seguidores tras tantos meses de aislamiento.<\/div>\n<p><\/ins><\/div>\n<p>A lo largo de casi dos horas, las canciones interpretadas en vivo se entremezclan con momentos de reflexi\u00f3n en boca de Juan Alberto, Nani, Andr\u00e9s y Migue, que se sinceran ante las c\u00e1maras sobre c\u00f3mo les ha cambiado la pandemia.<\/p>\n<p>Tras varios aplazamientos e intentos frustrados por la evoluci\u00f3n de la situaci\u00f3n sanitaria en nuestro pa\u00eds, el film llega por fin este viernes 9 de abril a\u00a0<strong>Kin\u00e9polis Granada<\/strong>, de la mano de\u00a0<strong>Cervezas Alhambra<\/strong>\u00a0como uno de sus proyectos de apoyo a la m\u00fasica en estos momentos tan complicados. Un concierto para ser visto y escuchado en cines y, a la vez, una historia emocionante de amor por la m\u00fasica y de lucha contra las dificultades.<\/p>\n<\/div>\n<p><a href=\"https:\/\/i0.wp.com\/miradordeatarfe.es\/wp-content\/uploads\/2021\/04\/unnamed-4-1-1010x1413-1.jpg?ssl=1\"><img data-recalc-dims=\"1\" loading=\"lazy\" decoding=\"async\" class=\"alignnone wp-image-46386 size-full\" src=\"https:\/\/i0.wp.com\/miradordeatarfe.es\/wp-content\/uploads\/2021\/04\/unnamed-4-1-1010x1413-1.jpg?resize=640%2C895&#038;ssl=1\" alt=\"\" width=\"640\" height=\"895\" srcset=\"https:\/\/i0.wp.com\/miradordeatarfe.es\/wp-content\/uploads\/2021\/04\/unnamed-4-1-1010x1413-1.jpg?w=1010&amp;ssl=1 1010w, https:\/\/i0.wp.com\/miradordeatarfe.es\/wp-content\/uploads\/2021\/04\/unnamed-4-1-1010x1413-1.jpg?resize=214%2C300&amp;ssl=1 214w, https:\/\/i0.wp.com\/miradordeatarfe.es\/wp-content\/uploads\/2021\/04\/unnamed-4-1-1010x1413-1.jpg?resize=732%2C1024&amp;ssl=1 732w, https:\/\/i0.wp.com\/miradordeatarfe.es\/wp-content\/uploads\/2021\/04\/unnamed-4-1-1010x1413-1.jpg?resize=768%2C1074&amp;ssl=1 768w\" sizes=\"auto, (max-width: 640px) 100vw, 640px\" \/><\/a><\/p>\n<div class=\"single-new-content\">\n<p>FOTO: El cortometraje incluye reflexiones personales de los artistas | Foto: Gabinete<\/p>\n<\/div>\n<\/div>\n<\/div>\n<\/section>\n","protected":false},"excerpt":{"rendered":"<p>&#8216;Nunca olvidar\u00e9 esta noche&#8217;, la pel\u00edcula del concierto de Ventanas, se podr\u00e1 disfrutar en Kin\u00e9polis&#8230;<\/p>\n","protected":false},"author":1,"featured_media":46387,"comment_status":"closed","ping_status":"closed","sticky":false,"template":"","format":"standard","meta":{"_coblocks_attr":"","_coblocks_dimensions":"","_coblocks_responsive_height":"","_coblocks_accordion_ie_support":"","jetpack_post_was_ever_published":false,"_jetpack_newsletter_access":"","_jetpack_dont_email_post_to_subs":false,"_jetpack_newsletter_tier_id":0,"_jetpack_memberships_contains_paywalled_content":false,"_jetpack_memberships_contains_paid_content":false,"footnotes":"","jetpack_publicize_message":"","jetpack_publicize_feature_enabled":true,"jetpack_social_post_already_shared":false,"jetpack_social_options":{"image_generator_settings":{"template":"highway","default_image_id":0,"enabled":false},"version":2}},"categories":[44,6920,15],"tags":[],"class_list":["post-46385","post","type-post","status-publish","format-standard","has-post-thumbnail","hentry","category-noticias-de-hoy","category-tecnologia","category-ultimas-noticias"],"jetpack_publicize_connections":[],"jetpack_featured_media_url":"https:\/\/i0.wp.com\/miradordeatarfe.es\/wp-content\/uploads\/2021\/04\/unnamed-4-1-1010x1413-2.jpg?fit=1001%2C754&ssl=1","jetpack_likes_enabled":true,"jetpack_sharing_enabled":true,"_links":{"self":[{"href":"https:\/\/miradordeatarfe.es\/index.php?rest_route=\/wp\/v2\/posts\/46385","targetHints":{"allow":["GET"]}}],"collection":[{"href":"https:\/\/miradordeatarfe.es\/index.php?rest_route=\/wp\/v2\/posts"}],"about":[{"href":"https:\/\/miradordeatarfe.es\/index.php?rest_route=\/wp\/v2\/types\/post"}],"author":[{"embeddable":true,"href":"https:\/\/miradordeatarfe.es\/index.php?rest_route=\/wp\/v2\/users\/1"}],"replies":[{"embeddable":true,"href":"https:\/\/miradordeatarfe.es\/index.php?rest_route=%2Fwp%2Fv2%2Fcomments&post=46385"}],"version-history":[{"count":1,"href":"https:\/\/miradordeatarfe.es\/index.php?rest_route=\/wp\/v2\/posts\/46385\/revisions"}],"predecessor-version":[{"id":46388,"href":"https:\/\/miradordeatarfe.es\/index.php?rest_route=\/wp\/v2\/posts\/46385\/revisions\/46388"}],"wp:featuredmedia":[{"embeddable":true,"href":"https:\/\/miradordeatarfe.es\/index.php?rest_route=\/wp\/v2\/media\/46387"}],"wp:attachment":[{"href":"https:\/\/miradordeatarfe.es\/index.php?rest_route=%2Fwp%2Fv2%2Fmedia&parent=46385"}],"wp:term":[{"taxonomy":"category","embeddable":true,"href":"https:\/\/miradordeatarfe.es\/index.php?rest_route=%2Fwp%2Fv2%2Fcategories&post=46385"},{"taxonomy":"post_tag","embeddable":true,"href":"https:\/\/miradordeatarfe.es\/index.php?rest_route=%2Fwp%2Fv2%2Ftags&post=46385"}],"curies":[{"name":"wp","href":"https:\/\/api.w.org\/{rel}","templated":true}]}}