{"id":46414,"date":"2021-04-07T11:20:37","date_gmt":"2021-04-07T09:20:37","guid":{"rendered":"http:\/\/miradordeatarfe.es\/?p=46414"},"modified":"2021-04-06T14:22:29","modified_gmt":"2021-04-06T12:22:29","slug":"intimidad-y-nuevas-tecnologias-por-jose-vaquero","status":"publish","type":"post","link":"https:\/\/miradordeatarfe.es\/?p=46414","title":{"rendered":"\u00abINTIMIDAD Y NUEVAS TECNOLOG\u00cdAS\u00bb por Jos\u00e9 Vaquero"},"content":{"rendered":"<h3 style=\"text-align: justify;\">Con el auge de las nuevas tecnolog\u00edas, parece que nos ha entrado la man\u00eda de hacer p\u00fablico lo que es privado. Hemos aprendido de los personajillos televisivos que, sin ning\u00fan pudor, exhiben su vida privada. \u00bfSomos conscientes del peligro que ello entra\u00f1a? No pensamos que ofrecer nuestros datos a terceros, puede traernos consecuencias desagradables. Debemos asegurarnos de la identidad del destinatario.<\/h3>\n<p style=\"text-align: justify;\">Basta darse un paseo por la red para observar numerosos ejemplos que corroboran mi opini\u00f3n: v\u00eddeos \u00edntimos que destruyen la reputaci\u00f3n de alguien, datos personales que circulan sin la autorizaci\u00f3n del interesado, datos falsos con el objeto de calumniar, injuriar, amenazar o hasta suplantar la identidad de alguien\u2026.<\/p>\n<p style=\"text-align: justify;\">Los usuarios de las nuevas tecnolog\u00edas debemos ser conscientes de ello, y respetar algunas normas que todos deber\u00edamos cumplir. Entre ellas, podemos citar las siguientes: evitar la publicaci\u00f3n de informaci\u00f3n personal \u00edntima en las redes, sean datos o fotos de familiares, amigos o menores de edad, sin el consentimiento expl\u00edcito de ellos o de los padres de los ni\u00f1os; controlar las publicaciones de nuestros hijos menores de edad que, sin saberlo, pueden ser v\u00edctimas de graves delitos, tales como la extorsi\u00f3n, la pornograf\u00eda infantil, la pederastia o el tr\u00e1fico de personas; almacenar, si es posible, nuestros datos, en los dispositivos de memoria interna o externa de que dispongamos. Nos aseguran que, encriptados en la \u201cnube\u201d, est\u00e1n seguros, pero debemos pensar que todo lo que es susceptible de encriptarse, tambi\u00e9n lo es de lo contrario. Un experto hacker podr\u00eda conseguirlo. De hecho, existen empresas que han sido extorsionadas, amenaz\u00e1ndolas con la publicaci\u00f3n de datos sensibles.<\/p>\n<p style=\"text-align: justify;\">No pretendo, con mis palabras, infundir miedo en el uso de las nuevas tecnolog\u00edas, que han venido para quedarse, y que puedan usarse en multitud de aplicaciones concebidas para el progreso y el bienestar de la sociedad. Lo que s\u00ed reafirmo es que debemos utilizarlas de una forma racional, para no llevarnos sorpresas. Y siempre preservando el derecho a la intimidad. No todo vale en el uso del derecho a la libertad de expresi\u00f3n, que debe tener sus propias limitaciones, sobre todo cuando choque frontalmente con el aludido con anterioridad.<\/p>\n","protected":false},"excerpt":{"rendered":"<p>Con el auge de las nuevas tecnolog\u00edas, parece que nos ha entrado la man\u00eda de&#8230;<\/p>\n","protected":false},"author":1,"featured_media":0,"comment_status":"closed","ping_status":"closed","sticky":false,"template":"","format":"standard","meta":{"_coblocks_attr":"","_coblocks_dimensions":"","_coblocks_responsive_height":"","_coblocks_accordion_ie_support":"","jetpack_post_was_ever_published":false,"_jetpack_newsletter_access":"","_jetpack_dont_email_post_to_subs":false,"_jetpack_newsletter_tier_id":0,"_jetpack_memberships_contains_paywalled_content":false,"_jetpack_memberships_contains_paid_content":false,"footnotes":"","jetpack_publicize_message":"","jetpack_publicize_feature_enabled":true,"jetpack_social_post_already_shared":false,"jetpack_social_options":{"image_generator_settings":{"template":"highway","default_image_id":0,"enabled":false},"version":2}},"categories":[7926,44,6920,15],"tags":[8200,2369,709],"class_list":["post-46414","post","type-post","status-publish","format-standard","hentry","category-opinion-de-jose-vaquero","category-noticias-de-hoy","category-tecnologia","category-ultimas-noticias","tag-calumnias","tag-datos","tag-nuevas-tecnologias"],"jetpack_publicize_connections":[],"jetpack_featured_media_url":"","jetpack_likes_enabled":true,"jetpack_sharing_enabled":true,"_links":{"self":[{"href":"https:\/\/miradordeatarfe.es\/index.php?rest_route=\/wp\/v2\/posts\/46414","targetHints":{"allow":["GET"]}}],"collection":[{"href":"https:\/\/miradordeatarfe.es\/index.php?rest_route=\/wp\/v2\/posts"}],"about":[{"href":"https:\/\/miradordeatarfe.es\/index.php?rest_route=\/wp\/v2\/types\/post"}],"author":[{"embeddable":true,"href":"https:\/\/miradordeatarfe.es\/index.php?rest_route=\/wp\/v2\/users\/1"}],"replies":[{"embeddable":true,"href":"https:\/\/miradordeatarfe.es\/index.php?rest_route=%2Fwp%2Fv2%2Fcomments&post=46414"}],"version-history":[{"count":1,"href":"https:\/\/miradordeatarfe.es\/index.php?rest_route=\/wp\/v2\/posts\/46414\/revisions"}],"predecessor-version":[{"id":46415,"href":"https:\/\/miradordeatarfe.es\/index.php?rest_route=\/wp\/v2\/posts\/46414\/revisions\/46415"}],"wp:attachment":[{"href":"https:\/\/miradordeatarfe.es\/index.php?rest_route=%2Fwp%2Fv2%2Fmedia&parent=46414"}],"wp:term":[{"taxonomy":"category","embeddable":true,"href":"https:\/\/miradordeatarfe.es\/index.php?rest_route=%2Fwp%2Fv2%2Fcategories&post=46414"},{"taxonomy":"post_tag","embeddable":true,"href":"https:\/\/miradordeatarfe.es\/index.php?rest_route=%2Fwp%2Fv2%2Ftags&post=46414"}],"curies":[{"name":"wp","href":"https:\/\/api.w.org\/{rel}","templated":true}]}}