{"id":46418,"date":"2021-04-09T09:02:41","date_gmt":"2021-04-09T07:02:41","guid":{"rendered":"http:\/\/miradordeatarfe.es\/?p=46418"},"modified":"2021-04-06T17:45:19","modified_gmt":"2021-04-06T15:45:19","slug":"clinicas-dentix-reabren-62-centros","status":"publish","type":"post","link":"https:\/\/miradordeatarfe.es\/?p=46418","title":{"rendered":"Cl\u00ednicas Dentix: reabren 62 centros"},"content":{"rendered":"<div class=\"\" data-type=\"ALineContentIntroController\" data-rendering=\"ContentTitle\">\n<div class=\"grid-wrap padding-top\">\n<div class=\"grid-col\">\u00a0<\/div>\n<\/div>\n<\/div>\n<div class=\"\" data-type=\"ALineBookmarkSharePrintContainerController\" data-rendering=\"BookmarkSharePrintContainer\">\n<h3 class=\"social js-socialshare social--left social--nocount save-share\" style=\"text-align: justify;\" data-selector=\"social-share\">\u00a0Un acuerdo que da frutos.La Administraci\u00f3n Concursal de Dentix ha informado de que, tras el acuerdo alcanzado, vuelven a abrir sus puertas 62 de las 180 cl\u00ednicas dentales que cerraron, lo que es una buena noticia.<\/h3>\n<\/div>\n<div class=\"grid-wrap\">\n<div class=\"grid-col grid-three-quarters\">\n<div class=\"\" data-type=\"ALineSectionRendererController\" data-rendering=\"SectionRenderer\" data-datasource=\"{E1D80D4E-672F-4EDC-86AD-D5AC47E5C805}\">\n<div>\n<div>\n<div>\n<div class=\"wysiwyg\" data-plugin=\"readMore\" data-plugin-settings=\"#readMoreSettings\">\n<div class=\"panel panel--secondary padding-large panel--fat-titles panel--fontsize-large\" data-selector=\"panel\">\n<div class=\"\" data-type=\"ALineParagraphController\" data-rendering=\"Paragraph\" data-datasource=\"{1FC16861-A389-4856-A475-562F2D8F36D9}\">\n<div class=\"wysiwyg\" data-selector=\"paragraph-content\">\n<h2 style=\"text-align: justify;\">Miles de afectados podr\u00e1n seguir sus tratamientos<\/h2>\n<p style=\"text-align: justify;\">El<strong>\u00a0<a href=\"https:\/\/www.ocu.org\/consumo-familia\/derechos-consumidor\/noticias\/acuerdo-dentix\">acuerdo al que lleg\u00f3 hace unas semanas la Administraci\u00f3n Concursal de Dentix<\/a>\u00a0con el fondo Advent Internacional y las entidades financieras<\/strong>\u00a0ha dado como resultado\u00a0<strong>una soluci\u00f3n<\/strong>\u00a0para que muchos de los afectados por el cierre de las cl\u00ednicas que hab\u00edan financiado sus tratamientos puedan continuar con ellos, sin ning\u00fan coste adicional.<\/p>\n<p style=\"text-align: justify;\">Para ello,\u00a0<strong>se reabren al menos 62 cl\u00ednicas<\/strong>\u00a0repartidas por toda Espa\u00f1a: te facilitamos informaci\u00f3n sobre cu\u00e1les son esas cl\u00ednicas, seg\u00fan el listado facilitado por la Administraci\u00f3n Concursal:<\/p>\n<p style=\"text-align: justify;\"><a class=\"btn btn--secondary btn--large\" role=\"button\" href=\"https:\/\/www.ocu.org\/-\/media\/ocu\/resources\/company%20information\/movilizate\/listado%20dentix.pdf?rev=54361a3c-b9e1-4aa6-bf00-e38b5e8ab914&amp;hash=46FC9B52624521590CF6316C5E4AE89E\" target=\"_blank\" rel=\"noopener\">CONSULTA AQU\u00cd EL LISTADO DE CL\u00cdNICAS DENTIX REABIERTAS<\/a><\/p>\n<p style=\"text-align: justify;\">Seg\u00fan se ha indicado, los usuarios afectados ser\u00e1n citados poco a poco en estos centros.<\/p>\n<p style=\"text-align: justify;\">Adem\u00e1s, la Administraci\u00f3n Concursal ha puesto a su disposici\u00f3n un tel\u00e9fono gratuito de atenci\u00f3n a los pacientes afectados\u00a0<strong>900 835 010<\/strong>. Tambi\u00e9n pueden informarse en www.dentix.com<\/p>\n<h2 style=\"text-align: justify;\">OCU aplaude el acuerdo y pide soluciones para todos<\/h2>\n<p style=\"text-align: justify;\">La reapertura de estas cl\u00ednicas es una gran noticia,\u00a0<strong>un paso adelante para resolver el problema de los usuarios afectados<\/strong>. No obstante, desde OCU seguimos insistiendo en la\u00a0<strong>necesidad de que se adopte un acuerdo global<\/strong>, que incluya no solo a quienes financiaron su tratamiento, sino tambi\u00e9n a quienes pagaron en efectivo y a quienes sin haber finalizado el tratamiento ya hab\u00edan abonado la totalidad por adelantado.<\/p>\n<p style=\"text-align: justify;\">M\u00e1s de 3.000 afectados por el cierre de Dentix se han movilizado con OCU y han confiado en nosotros para ayudarles a resolver su problema: seguiremos insistiendo en que se den soluciones para todos ellos.<\/p>\n<\/div>\n<\/div>\n<\/div>\n<\/div>\n<\/div>\n<\/div>\n<\/div>\n<\/div>\n<\/div>\n<\/div>\n","protected":false},"excerpt":{"rendered":"<p>\u00a0 \u00a0Un acuerdo que da frutos.La Administraci\u00f3n Concursal de Dentix ha informado de que, tras&#8230;<\/p>\n","protected":false},"author":1,"featured_media":46419,"comment_status":"closed","ping_status":"closed","sticky":false,"template":"","format":"standard","meta":{"_coblocks_attr":"","_coblocks_dimensions":"","_coblocks_responsive_height":"","_coblocks_accordion_ie_support":"","jetpack_post_was_ever_published":false,"_jetpack_newsletter_access":"","_jetpack_dont_email_post_to_subs":false,"_jetpack_newsletter_tier_id":0,"_jetpack_memberships_contains_paywalled_content":false,"_jetpack_memberships_contains_paid_content":false,"footnotes":"","jetpack_publicize_message":"","jetpack_publicize_feature_enabled":true,"jetpack_social_post_already_shared":false,"jetpack_social_options":{"image_generator_settings":{"template":"highway","default_image_id":0,"enabled":false},"version":2}},"categories":[1161,44,15,10],"tags":[8202,8201],"class_list":["post-46418","post","type-post","status-publish","format-standard","has-post-thumbnail","hentry","category-ciudadania","category-noticias-de-hoy","category-ultimas-noticias","category-salud","tag-clinica","tag-dentix"],"jetpack_publicize_connections":[],"jetpack_featured_media_url":"https:\/\/i0.wp.com\/miradordeatarfe.es\/wp-content\/uploads\/2021\/04\/dentix-k3f-1248x770%40El-Comercio.jpg?fit=1248%2C770&ssl=1","jetpack_likes_enabled":true,"jetpack_sharing_enabled":true,"_links":{"self":[{"href":"https:\/\/miradordeatarfe.es\/index.php?rest_route=\/wp\/v2\/posts\/46418","targetHints":{"allow":["GET"]}}],"collection":[{"href":"https:\/\/miradordeatarfe.es\/index.php?rest_route=\/wp\/v2\/posts"}],"about":[{"href":"https:\/\/miradordeatarfe.es\/index.php?rest_route=\/wp\/v2\/types\/post"}],"author":[{"embeddable":true,"href":"https:\/\/miradordeatarfe.es\/index.php?rest_route=\/wp\/v2\/users\/1"}],"replies":[{"embeddable":true,"href":"https:\/\/miradordeatarfe.es\/index.php?rest_route=%2Fwp%2Fv2%2Fcomments&post=46418"}],"version-history":[{"count":1,"href":"https:\/\/miradordeatarfe.es\/index.php?rest_route=\/wp\/v2\/posts\/46418\/revisions"}],"predecessor-version":[{"id":46420,"href":"https:\/\/miradordeatarfe.es\/index.php?rest_route=\/wp\/v2\/posts\/46418\/revisions\/46420"}],"wp:featuredmedia":[{"embeddable":true,"href":"https:\/\/miradordeatarfe.es\/index.php?rest_route=\/wp\/v2\/media\/46419"}],"wp:attachment":[{"href":"https:\/\/miradordeatarfe.es\/index.php?rest_route=%2Fwp%2Fv2%2Fmedia&parent=46418"}],"wp:term":[{"taxonomy":"category","embeddable":true,"href":"https:\/\/miradordeatarfe.es\/index.php?rest_route=%2Fwp%2Fv2%2Fcategories&post=46418"},{"taxonomy":"post_tag","embeddable":true,"href":"https:\/\/miradordeatarfe.es\/index.php?rest_route=%2Fwp%2Fv2%2Ftags&post=46418"}],"curies":[{"name":"wp","href":"https:\/\/api.w.org\/{rel}","templated":true}]}}