{"id":46501,"date":"2021-04-12T11:00:41","date_gmt":"2021-04-12T09:00:41","guid":{"rendered":"http:\/\/miradordeatarfe.es\/?p=46501"},"modified":"2021-04-11T22:26:55","modified_gmt":"2021-04-11T20:26:55","slug":"atarfe-manana-comienza-la-xii-feria-de-la-ciencia","status":"publish","type":"post","link":"https:\/\/miradordeatarfe.es\/?p=46501","title":{"rendered":"ATARFE: MA\u00d1ANA COMIENZA LA XII FERIA DE LA CIENCIA"},"content":{"rendered":"<div class=\"o9v6fnle cxmmr5t8 oygrvhab hcukyx3x c1et5uql ii04i59q\">\u00a0<\/div>\n<div class=\"o9v6fnle cxmmr5t8 oygrvhab hcukyx3x c1et5uql ii04i59q\">\n<h3 dir=\"auto\">Durante tres d\u00edas, centenares de estudiantes y de docentes van a\u00a0 participar en esta iniciativa conjunta que est\u00e1 arrojando grandes resultados en la incorporaci\u00f3n de metodolog\u00edas innovadoras y que es fruto del habitual trabajo cooperativo del que hacen gala los colegios e institutos atarfe\u00f1os<\/h3>\n<\/div>\n<p>En esta duod\u00e9cima edici\u00f3n, la Feria de la Ciencia tiene entre sus temas principales los <strong>\u2018Objetivos de Desarrollo Sostenible\u2019 (ODS) para la Agenda de 2030<\/strong>, una iniciativa impulsada por Naciones Unidas para dar continuidad a la agenda de desarrollo tras los Objetivos de Desarrollo del Milenio (ODM). Son 17 objetivos y 169 metas propuestos como continuaci\u00f3n de los ODM, incluyendo nuevas esferas como el cambio clim\u00e1tico, la desigualdad econ\u00f3mica, la innovaci\u00f3n, el consumo sostenible, la paz y la justicia, entre otras prioridades.<\/p>\n<p>ESTE ES EL PROGRAMA DE LA XII FERIA DE LA CIENCIA<\/p>\n<p><a href=\"https:\/\/i0.wp.com\/miradordeatarfe.es\/wp-content\/uploads\/2021\/04\/1618083217977.jpg?ssl=1\"><img data-recalc-dims=\"1\" loading=\"lazy\" decoding=\"async\" class=\"alignnone wp-image-46502 size-full\" src=\"https:\/\/i0.wp.com\/miradordeatarfe.es\/wp-content\/uploads\/2021\/04\/1618083217977.jpg?resize=640%2C911&#038;ssl=1\" alt=\"\" width=\"640\" height=\"911\" srcset=\"https:\/\/i0.wp.com\/miradordeatarfe.es\/wp-content\/uploads\/2021\/04\/1618083217977.jpg?w=1080&amp;ssl=1 1080w, https:\/\/i0.wp.com\/miradordeatarfe.es\/wp-content\/uploads\/2021\/04\/1618083217977.jpg?resize=211%2C300&amp;ssl=1 211w, https:\/\/i0.wp.com\/miradordeatarfe.es\/wp-content\/uploads\/2021\/04\/1618083217977.jpg?resize=719%2C1024&amp;ssl=1 719w, https:\/\/i0.wp.com\/miradordeatarfe.es\/wp-content\/uploads\/2021\/04\/1618083217977.jpg?resize=768%2C1094&amp;ssl=1 768w, https:\/\/i0.wp.com\/miradordeatarfe.es\/wp-content\/uploads\/2021\/04\/1618083217977.jpg?resize=1079%2C1536&amp;ssl=1 1079w\" sizes=\"auto, (max-width: 640px) 100vw, 640px\" \/><\/a><\/p>\n","protected":false},"excerpt":{"rendered":"<p>\u00a0 Durante tres d\u00edas, centenares de estudiantes y de docentes van a\u00a0 participar en esta&#8230;<\/p>\n","protected":false},"author":1,"featured_media":46503,"comment_status":"closed","ping_status":"closed","sticky":false,"template":"","format":"standard","meta":{"_coblocks_attr":"","_coblocks_dimensions":"","_coblocks_responsive_height":"","_coblocks_accordion_ie_support":"","jetpack_post_was_ever_published":false,"_jetpack_newsletter_access":"","_jetpack_dont_email_post_to_subs":false,"_jetpack_newsletter_tier_id":0,"_jetpack_memberships_contains_paywalled_content":false,"_jetpack_memberships_contains_paid_content":false,"footnotes":"","jetpack_publicize_message":"","jetpack_publicize_feature_enabled":true,"jetpack_social_post_already_shared":false,"jetpack_social_options":{"image_generator_settings":{"template":"highway","default_image_id":0,"enabled":false},"version":2}},"categories":[7725,187,186,44,15],"tags":[8216,8215],"class_list":["post-46501","post","type-post","status-publish","format-standard","has-post-thumbnail","hentry","category-atarfe-sostenible","category-centros-educativos","category-instituciones","category-noticias-de-hoy","category-ultimas-noticias","tag-feria-virtual","tag-xii-feria-de-la-ciencia"],"jetpack_publicize_connections":[],"jetpack_featured_media_url":"https:\/\/i0.wp.com\/miradordeatarfe.es\/wp-content\/uploads\/2021\/04\/ANAGRAMA.jpg?fit=320%2C180&ssl=1","jetpack_likes_enabled":true,"jetpack_sharing_enabled":true,"_links":{"self":[{"href":"https:\/\/miradordeatarfe.es\/index.php?rest_route=\/wp\/v2\/posts\/46501","targetHints":{"allow":["GET"]}}],"collection":[{"href":"https:\/\/miradordeatarfe.es\/index.php?rest_route=\/wp\/v2\/posts"}],"about":[{"href":"https:\/\/miradordeatarfe.es\/index.php?rest_route=\/wp\/v2\/types\/post"}],"author":[{"embeddable":true,"href":"https:\/\/miradordeatarfe.es\/index.php?rest_route=\/wp\/v2\/users\/1"}],"replies":[{"embeddable":true,"href":"https:\/\/miradordeatarfe.es\/index.php?rest_route=%2Fwp%2Fv2%2Fcomments&post=46501"}],"version-history":[{"count":1,"href":"https:\/\/miradordeatarfe.es\/index.php?rest_route=\/wp\/v2\/posts\/46501\/revisions"}],"predecessor-version":[{"id":46504,"href":"https:\/\/miradordeatarfe.es\/index.php?rest_route=\/wp\/v2\/posts\/46501\/revisions\/46504"}],"wp:featuredmedia":[{"embeddable":true,"href":"https:\/\/miradordeatarfe.es\/index.php?rest_route=\/wp\/v2\/media\/46503"}],"wp:attachment":[{"href":"https:\/\/miradordeatarfe.es\/index.php?rest_route=%2Fwp%2Fv2%2Fmedia&parent=46501"}],"wp:term":[{"taxonomy":"category","embeddable":true,"href":"https:\/\/miradordeatarfe.es\/index.php?rest_route=%2Fwp%2Fv2%2Fcategories&post=46501"},{"taxonomy":"post_tag","embeddable":true,"href":"https:\/\/miradordeatarfe.es\/index.php?rest_route=%2Fwp%2Fv2%2Ftags&post=46501"}],"curies":[{"name":"wp","href":"https:\/\/api.w.org\/{rel}","templated":true}]}}