{"id":46540,"date":"2021-04-13T11:01:07","date_gmt":"2021-04-13T09:01:07","guid":{"rendered":"http:\/\/miradordeatarfe.es\/?p=46540"},"modified":"2021-04-14T11:52:03","modified_gmt":"2021-04-14T09:52:03","slug":"manuel-jimenez-lopez-campeon-de-espana-de-5000-metros-por-manuel-jimenez","status":"publish","type":"post","link":"https:\/\/miradordeatarfe.es\/?p=46540","title":{"rendered":"EL ATARFE\u00d1O MANUEL JIM\u00c9NEZ L\u00d3PEZ, \u00a1\u00a1\u00a1CAMPE\u00d3N DE ESPA\u00d1A DE 5000 METROS!!! por Manuel Jim\u00e9nez"},"content":{"rendered":"<p align=\"JUSTIFY\"><span style=\"font-family: Tahoma, serif;\"><span style=\"font-size: medium;\"><b>\u00a11,2,3,\u2026 RESPONDA OTRA VEZ!, MANUEL JIM\u00c9NEZ L\u00d3PEZ NO SE DEJA EMBAUCAR Y DESDE\u00d1A LA RUPERTA POR EL APARTAMENTO EN TORREVIEJA<\/b><\/span><\/span><\/p>\n<p align=\"JUSTIFY\"><span style=\"font-family: Tahoma, serif;\"><span style=\"font-size: medium;\">Hubo un tiempo en el que \u00fanicamente hab\u00eda dos cadenas de televisi\u00f3n en la que millones de espa\u00f1oles se agolpaban los viernes por la noche frente a la tele para ver o el UN, DOS, TRES o LA CLAVE en la primera y segunda cadenas estatales de TVE, las \u00fanicas que se sintonizaban entonces. <\/span><\/span><\/p>\n<p align=\"JUSTIFY\"><span style=\"font-family: Tahoma, serif;\"><span style=\"font-size: medium;\">El programa de entretenimiento que estuvo a la cabeza de las emisiones m\u00e1s vistas durante muchos a\u00f1os ofrec\u00eda a los concursantes como el premio gordo \u00a1un magn\u00edfico apartamento en TORREVIEJA (ALICANTE)! en contraposici\u00f3n a la calabaza RUPERTA que era su ant\u00edtesis y que supon\u00eda el descalabro para los participantes que de obtenerla volv\u00edan a sus casas con las manos vac\u00edas. <\/span><\/span><\/p>\n<p align=\"JUSTIFY\"><span style=\"font-family: Tahoma, serif;\"><span style=\"font-size: medium;\">Sin duda esos eran otros tiempos y por lo que he podido leer en internet esos apartamentos ya no son lo que eran, tampoco Torrevieja es lo que fue aunque deportivamente cuenta con unas instalaciones que ya quisieran para s\u00ed muchas capitales de provincia. <\/span><\/span><\/p>\n<p align=\"JUSTIFY\"><span style=\"font-family: Tahoma, serif;\"><span style=\"font-size: medium;\"><a href=\"https:\/\/i0.wp.com\/miradordeatarfe.es\/wp-content\/uploads\/2021\/04\/1618240022873.jpg?ssl=1\"><img data-recalc-dims=\"1\" loading=\"lazy\" decoding=\"async\" class=\"alignnone wp-image-46542 size-full\" src=\"https:\/\/i0.wp.com\/miradordeatarfe.es\/wp-content\/uploads\/2021\/04\/1618240022873.jpg?resize=640%2C640&#038;ssl=1\" alt=\"\" width=\"640\" height=\"640\" srcset=\"https:\/\/i0.wp.com\/miradordeatarfe.es\/wp-content\/uploads\/2021\/04\/1618240022873.jpg?w=960&amp;ssl=1 960w, https:\/\/i0.wp.com\/miradordeatarfe.es\/wp-content\/uploads\/2021\/04\/1618240022873.jpg?resize=300%2C300&amp;ssl=1 300w, https:\/\/i0.wp.com\/miradordeatarfe.es\/wp-content\/uploads\/2021\/04\/1618240022873.jpg?resize=150%2C150&amp;ssl=1 150w, https:\/\/i0.wp.com\/miradordeatarfe.es\/wp-content\/uploads\/2021\/04\/1618240022873.jpg?resize=768%2C768&amp;ssl=1 768w\" sizes=\"auto, (max-width: 640px) 100vw, 640px\" \/><\/a>Pues ha sido en la pista de atletismo dedicada al campe\u00f3n ol\u00edmpico de los 20 k marcha en Barcelona \u201992 Daniel Plaza donde nuestro <strong>MANUEL JIM\u00c9NEZ L\u00d3PEZ ha conseguido coronarse como <\/strong><\/span><\/span><strong><span style=\"font-family: Tahoma, serif;\"><span style=\"font-size: medium;\">CAMPE\u00d3N DE ESPA\u00d1A<\/span><\/span><span style=\"font-family: Tahoma, serif;\"><span style=\"font-size: medium;\"> en la prueba de 5000 m. categor\u00eda sub 20. <\/span><\/span><\/strong><\/p>\n<p align=\"JUSTIFY\"><span style=\"font-family: Tahoma, serif;\"><span style=\"font-size: medium;\">Sin duda que esta at\u00edpica temporada atl\u00e9tica ser\u00e1 recordada por MANUEL JIM\u00c9NEZ L\u00d3PEZ por la de su despegue definitivo como atleta de \u00e9lite al haber conseguido esta medalla de ORO mejorando la PLATA que consiguiera en la pista cubierta de Antequera el pasado 6 de marzo en la prueba de 3000 m.<\/span><\/span><\/p>\n<p align=\"JUSTIFY\"><span style=\"font-family: Tahoma, serif;\"><span style=\"font-size: medium;\">En esta ocasi\u00f3n las cr\u00f3nicas previas al campeonato daban a Manuel como favorito pues a su reciente plata en 3000 ya comentada se le un\u00eda la ausencia del campe\u00f3n en dicha prueba el oscense Paul Oriach. <\/span><\/span><\/p>\n<p align=\"JUSTIFY\"><span style=\"font-family: Tahoma, serif;\"><span style=\"font-size: medium;\">Esta presi\u00f3n a\u00f1adida no hizo mella en la actitud de Manuel que dej\u00f3 hacer a sus rivales esperando su momento y siguiendo las consignas de su entrenador, Eduardo Ramos, que le hab\u00eda indicado que fuera como fuera la carrera esperara hasta la \u00faltima vuelta para lanzar su ataque. <\/span><\/span><\/p>\n<p align=\"JUSTIFY\"><span style=\"font-family: Tahoma, serif;\"><span style=\"font-size: medium;\">La presencia fuera de concurso del no nacionalizado El Mehdi El Nabaoui ayud\u00f3 a que nadie se moviera e intentara lanzar la carrera pues con su presencia en cabeza apagaba cualquier atisbo de ataque de modo que la prueba discurri\u00f3 al tran-tran con parciales de 3.08, 3.10, 2.58 y 2.58 para los cuatro primeros kms lo que propici\u00f3 que m\u00e1s de 10 atletas afrontaran en pelot\u00f3n el \u00faltimo mil. <\/span><\/span><\/p>\n<p align=\"JUSTIFY\"><span style=\"font-family: Tahoma, serif;\"><span style=\"font-size: medium;\">Fue Manuel el que a falta de 450 metros lanz\u00f3 el ataque definitivo llev\u00e1ndose consigo a El Mehdi y a otros dos atletas que fueron los que a la postre le secundaron en el p\u00f3dium, as\u00ed este cuarteto pas\u00f3 en 13.52 por el toque de campana dejando atr\u00e1s al resto de integrantes del pelot\u00f3n. Fue una \u00faltima vuelta corrida a m\u00e1xima intensidad, Manuel que hab\u00eda lanzado su \u00f3rdago se vio superado por El Mehdi a falta de 350 metros y acosado por su compa\u00f1ero de club, el Go Fit, Adri\u00e1n de la Orden finalmente bronce y el catal\u00e1n de la Asociaci\u00f3n Atl\u00e9tica Catalunya Marc Fern\u00e1ndez plata. <\/span><\/span><\/p>\n<p align=\"JUSTIFY\"><span style=\"font-family: Tahoma, serif;\"><span style=\"font-size: medium;\">Baste decir que el \u00faltimo giro se cubri\u00f3 por debajo del minuto (\u00faltimo mil en 2.37) para dar idea de la estampida provocada tras el ataque del granadino quien supo gestionar sus fuerzas para mantener la segunda posici\u00f3n de la carrera y primera del campeonato a lo largo de este postrero 400 sabi\u00e9ndose campe\u00f3n al encarar la \u00faltima recta con suficiente ventaja y consolidar su primer ORO a nivel nacional con un segundo justo de ventaja con Fern\u00e1ndez (14.52.28 x 14.53.28) y a tan solo 1.27 de Mehdi (14.51.07) que como se ha indicado corr\u00eda fuera de concurso. <\/span><\/span><\/p>\n<p align=\"JUSTIFY\"><span style=\"font-family: Tahoma, serif;\"><span style=\"font-size: medium;\">Broche de ORO para Manuel a esta primera parte de la temporada y ahora a buscar las m\u00ednimas para el EUROPEO de Tallin (Estonia) de julio (8.20 en 3k y 14.35 en 5 k) y el MUNDIAL de Nairobi de Agosto (8.14 en 3k), todas las cuales est\u00e1n a su alcance. <\/span><\/span><\/p>\n<p align=\"JUSTIFY\"><a href=\"https:\/\/i0.wp.com\/miradordeatarfe.es\/wp-content\/uploads\/2021\/04\/1618240022867.jpg?ssl=1\"><img data-recalc-dims=\"1\" loading=\"lazy\" decoding=\"async\" class=\"alignnone wp-image-46545 size-full\" src=\"https:\/\/i0.wp.com\/miradordeatarfe.es\/wp-content\/uploads\/2021\/04\/1618240022867.jpg?resize=640%2C427&#038;ssl=1\" alt=\"\" width=\"640\" height=\"427\" srcset=\"https:\/\/i0.wp.com\/miradordeatarfe.es\/wp-content\/uploads\/2021\/04\/1618240022867.jpg?w=960&amp;ssl=1 960w, https:\/\/i0.wp.com\/miradordeatarfe.es\/wp-content\/uploads\/2021\/04\/1618240022867.jpg?resize=300%2C200&amp;ssl=1 300w, https:\/\/i0.wp.com\/miradordeatarfe.es\/wp-content\/uploads\/2021\/04\/1618240022867.jpg?resize=768%2C512&amp;ssl=1 768w\" sizes=\"auto, (max-width: 640px) 100vw, 640px\" \/><\/a><\/p>\n","protected":false},"excerpt":{"rendered":"<p>\u00a11,2,3,\u2026 RESPONDA OTRA VEZ!, MANUEL JIM\u00c9NEZ L\u00d3PEZ NO SE DEJA EMBAUCAR Y DESDE\u00d1A LA RUPERTA&#8230;<\/p>\n","protected":false},"author":1,"featured_media":46543,"comment_status":"closed","ping_status":"closed","sticky":false,"template":"","format":"standard","meta":{"_coblocks_attr":"","_coblocks_dimensions":"","_coblocks_responsive_height":"","_coblocks_accordion_ie_support":"","jetpack_post_was_ever_published":false,"_jetpack_newsletter_access":"","_jetpack_dont_email_post_to_subs":false,"_jetpack_newsletter_tier_id":0,"_jetpack_memberships_contains_paywalled_content":false,"_jetpack_memberships_contains_paid_content":false,"footnotes":"","jetpack_publicize_message":"","jetpack_publicize_feature_enabled":true,"jetpack_social_post_already_shared":false,"jetpack_social_options":{"image_generator_settings":{"template":"highway","default_image_id":0,"enabled":false},"version":2}},"categories":[2,182,6915,44,15],"tags":[81,85,123],"class_list":["post-46540","post","type-post","status-publish","format-standard","has-post-thumbnail","hentry","category-atarfe","category-deportes","category-opinion-de-manuel-jimenez","category-noticias-de-hoy","category-ultimas-noticias","tag-atarfe","tag-atletismo","tag-deportes"],"jetpack_publicize_connections":[],"jetpack_featured_media_url":"https:\/\/i0.wp.com\/miradordeatarfe.es\/wp-content\/uploads\/2021\/04\/1618240022853.jpg?fit=960%2C640&ssl=1","jetpack_likes_enabled":true,"jetpack_sharing_enabled":true,"_links":{"self":[{"href":"https:\/\/miradordeatarfe.es\/index.php?rest_route=\/wp\/v2\/posts\/46540","targetHints":{"allow":["GET"]}}],"collection":[{"href":"https:\/\/miradordeatarfe.es\/index.php?rest_route=\/wp\/v2\/posts"}],"about":[{"href":"https:\/\/miradordeatarfe.es\/index.php?rest_route=\/wp\/v2\/types\/post"}],"author":[{"embeddable":true,"href":"https:\/\/miradordeatarfe.es\/index.php?rest_route=\/wp\/v2\/users\/1"}],"replies":[{"embeddable":true,"href":"https:\/\/miradordeatarfe.es\/index.php?rest_route=%2Fwp%2Fv2%2Fcomments&post=46540"}],"version-history":[{"count":2,"href":"https:\/\/miradordeatarfe.es\/index.php?rest_route=\/wp\/v2\/posts\/46540\/revisions"}],"predecessor-version":[{"id":46558,"href":"https:\/\/miradordeatarfe.es\/index.php?rest_route=\/wp\/v2\/posts\/46540\/revisions\/46558"}],"wp:featuredmedia":[{"embeddable":true,"href":"https:\/\/miradordeatarfe.es\/index.php?rest_route=\/wp\/v2\/media\/46543"}],"wp:attachment":[{"href":"https:\/\/miradordeatarfe.es\/index.php?rest_route=%2Fwp%2Fv2%2Fmedia&parent=46540"}],"wp:term":[{"taxonomy":"category","embeddable":true,"href":"https:\/\/miradordeatarfe.es\/index.php?rest_route=%2Fwp%2Fv2%2Fcategories&post=46540"},{"taxonomy":"post_tag","embeddable":true,"href":"https:\/\/miradordeatarfe.es\/index.php?rest_route=%2Fwp%2Fv2%2Ftags&post=46540"}],"curies":[{"name":"wp","href":"https:\/\/api.w.org\/{rel}","templated":true}]}}