{"id":466,"date":"2015-03-19T08:46:51","date_gmt":"2015-03-19T08:46:51","guid":{"rendered":"http:\/\/miradordeatarfe.es\/?p=466"},"modified":"2015-03-21T12:10:24","modified_gmt":"2015-03-21T12:10:24","slug":"la-belleza-eterna-de-la-alhambra","status":"publish","type":"post","link":"https:\/\/miradordeatarfe.es\/?p=466","title":{"rendered":"La belleza eterna de la Alhambra"},"content":{"rendered":"<div id=\"cuerpo_noticia\" class=\"cuerpo_noticia\">\n<p style=\"text-align: justify;\">En un ambiente de intimidad, con la escasa luz proyectada en las im\u00e1genes, dos fot\u00f3grafos <a href=\"http:\/\/www.man.es\/man\/exposicion\/exposiciones-temporales\/alhambra-inedita.html\" target=\"_blank\">muestran en el Museo Arqueol\u00f3gico Nacional<\/a> la belleza y quietud de una Alhambra alejada de los ruidos y prisas de los turistas que la visitan y que, solo en 2014, fueron 2,4 millones. Por un lado, 22 fotos realizadas a mediados del siglo XIX por el franc\u00e9s Jean Laurent (1816-1886), pionero de la fotograf\u00eda en Espa\u00f1a, por otro, 35 del madrile\u00f1o Fernando Manso (1961), que 150 a\u00f1os despu\u00e9s que Laurent ha recorrido, tambi\u00e9n con una c\u00e1mara de placas, <a href=\"http:\/\/cultura.elpais.com\/tag\/alhambra\/b\/\">la fortaleza nazar\u00ed<\/a> que Muhammad I empez\u00f3 a levantar en la colina de la Sabika en 1238.<\/p>\n<p style=\"text-align: justify;\">Manso subraya que hasta hace unos d\u00edas no quiso ver las fotos de Laurent elegidas para esta exposici\u00f3n organizada por el Ministerio de Cultura y el Patronato de la Alhambra y procedentes de una colecci\u00f3n particular. \u00abNo quise que me influyeran en mi trabajo\u00bb. Laurent fue un todoterreno que reprodujo obras p\u00fablicas, retrat\u00f3 a personalidades, se desplaz\u00f3 en ferrocarril por la Pen\u00ednsula y lleg\u00f3 a ser designado durante siete a\u00f1os como el fot\u00f3grafo de la reina Isabel II. Este franc\u00e9s afincado en Madrid se espa\u00f1oliz\u00f3 tanto que cuando fue enterrado en el cementerio de La Almudena, su mujer quiso que en el epitafio no pusiera Jean, sino Juan.<\/p>\n<p style=\"text-align: justify;\"><em>Una visi\u00f3n in\u00e9dita de la Alhambra Jean Laurent y Fernando Manso,<\/em> que abrir\u00e1 el martes y cerrar\u00e1 el 17 de mayo, re\u00fane en una sala, a modo de gabinete, las im\u00e1genes en tono sepia, de 24 por 30 cent\u00edmetros, tomadas por el franc\u00e9s unas d\u00e9cadas despu\u00e9s de que el escritor estadounidense Washington Irving escribiera <em>Cuentos de la Alhambra<\/em> inspirado en su periplo granadino. Laurent tom\u00f3 unas 400 im\u00e1genes del conjunto monumental: las torres Bermejas, la Alcazaba, los jardines del Generalife, la suntuosidad de la sala de Embajadores o el apogeo del sultanato nazar\u00ed: el patio de los Leones. Las que se exhiben en esta ocasi\u00f3n muestran los pies de foto originales y con su firma, J. Laurent.<\/p>\n<p style=\"text-align: justify;\">A continuaci\u00f3n, las fotograf\u00edas de gran formato (1,50 por 2 metros) de Manso, fruto de casi un a\u00f1o de trabajo. \u00abHe estado yendo una semana al mes a Granada, al final he pasado en la Alhambra unas 500 horas\u00bb. Llegaba antes del amanecer y recorr\u00eda una y otra vez el recinto: \u00abAl principio iba muy deprisa, como los turistas, pero no era lo que ten\u00eda que hacer\u00bb. El murmullo del agua corriendo por las acequias dice que le ayud\u00f3 a encontrar la tranquilidad. \u00abMe pasaba horas sentado observando, estaba tan metido en ese ambiente que a veces pensaba que de un rinc\u00f3n iba a aparecer el sult\u00e1n\u00bb, bromea<\/p>\n<p style=\"text-align: justify;\">Con el privilegio de poder acceder \u00aba bastantes lugares no visitables\u00bb, el fot\u00f3grafo esperaba con paciencia la deseada luz suave \u2014\u00bbel sol era el enemigo\u00bb\u2014 para jugar con los reflejos y conseguir unas fotos de exterior en las que predominan los verdes de los \u00e1rboles y del agua de las fuentes. En las de interior, con una textura pict\u00f3rica y \u00abun tiempo de exposici\u00f3n que ha oscilado entre los 30 y los 45 segundos\u00bb, destacan los tonos ocres de las paredes y de la decoraci\u00f3n. En algunos rincones especiales, Manso esper\u00f3 el cambio de estaci\u00f3n para disparar, consciente de que con los meses \u00abse mimetizar\u00edan los colores\u00bb.<\/p>\n<p style=\"text-align: justify;\">El fot\u00f3grafo subraya que su objetivo ha sido \u00abque el p\u00fablico que venga a la exposici\u00f3n vea una Alhambra distinta a la que ha conocido\u00bb. Un ejemplo es la fotograf\u00eda de la fuente del patio de los Leones, captada desde arriba y que muestra la herrumbre de la pileta.<\/p>\n<p style=\"text-align: justify;\">Los organizadores de esta exposici\u00f3n de homenaje a la Alhambra, que tendr\u00e1 pr\u00f3ximas paradas en Granada y Par\u00eds, destacan la contraposici\u00f3n entre ambos autores. Laurent estuvo al d\u00eda de los mayores avances tecnol\u00f3gicos y era due\u00f1o de un gran estudio con varias personas a sus \u00f3rdenes. Mientras que Manso, siglo y medio despu\u00e9s, se mantiene en la fotograf\u00eda anal\u00f3gica: \u00abLa c\u00e1mara digital es demasiado hiperrealista\u00bb, sostiene este artista, que ha publicado en paralelo a la muestra un libro con un centenar de im\u00e1genes de este para\u00edso de palacios, torres, jardines y fuentes que Boabdil el Chico entreg\u00f3 el 2 de enero de 1492 a los Reyes Cat\u00f3licos.<\/p>\n<\/div>\n","protected":false},"excerpt":{"rendered":"<p>En un ambiente de intimidad, con la escasa luz proyectada en las im\u00e1genes, dos fot\u00f3grafos&#8230;<\/p>\n","protected":false},"author":1,"featured_media":0,"comment_status":"closed","ping_status":"closed","sticky":false,"template":"","format":"standard","meta":{"_coblocks_attr":"","_coblocks_dimensions":"","_coblocks_responsive_height":"","_coblocks_accordion_ie_support":"","jetpack_post_was_ever_published":false,"_jetpack_newsletter_access":"","_jetpack_dont_email_post_to_subs":false,"_jetpack_newsletter_tier_id":0,"_jetpack_memberships_contains_paywalled_content":false,"_jetpack_memberships_contains_paid_content":false,"footnotes":"","jetpack_publicize_message":"","jetpack_publicize_feature_enabled":true,"jetpack_social_post_already_shared":false,"jetpack_social_options":{"image_generator_settings":{"template":"highway","default_image_id":0,"enabled":false},"version":2}},"categories":[12,15],"tags":[134,90,235,236],"class_list":["post-466","post","type-post","status-publish","format-standard","hentry","category-cultura","category-ultimas-noticias","tag-alhambra","tag-cultura","tag-exposicion","tag-fotografia"],"jetpack_publicize_connections":[],"jetpack_featured_media_url":"","jetpack_likes_enabled":true,"jetpack_sharing_enabled":true,"_links":{"self":[{"href":"https:\/\/miradordeatarfe.es\/index.php?rest_route=\/wp\/v2\/posts\/466","targetHints":{"allow":["GET"]}}],"collection":[{"href":"https:\/\/miradordeatarfe.es\/index.php?rest_route=\/wp\/v2\/posts"}],"about":[{"href":"https:\/\/miradordeatarfe.es\/index.php?rest_route=\/wp\/v2\/types\/post"}],"author":[{"embeddable":true,"href":"https:\/\/miradordeatarfe.es\/index.php?rest_route=\/wp\/v2\/users\/1"}],"replies":[{"embeddable":true,"href":"https:\/\/miradordeatarfe.es\/index.php?rest_route=%2Fwp%2Fv2%2Fcomments&post=466"}],"version-history":[{"count":1,"href":"https:\/\/miradordeatarfe.es\/index.php?rest_route=\/wp\/v2\/posts\/466\/revisions"}],"predecessor-version":[{"id":468,"href":"https:\/\/miradordeatarfe.es\/index.php?rest_route=\/wp\/v2\/posts\/466\/revisions\/468"}],"wp:attachment":[{"href":"https:\/\/miradordeatarfe.es\/index.php?rest_route=%2Fwp%2Fv2%2Fmedia&parent=466"}],"wp:term":[{"taxonomy":"category","embeddable":true,"href":"https:\/\/miradordeatarfe.es\/index.php?rest_route=%2Fwp%2Fv2%2Fcategories&post=466"},{"taxonomy":"post_tag","embeddable":true,"href":"https:\/\/miradordeatarfe.es\/index.php?rest_route=%2Fwp%2Fv2%2Ftags&post=466"}],"curies":[{"name":"wp","href":"https:\/\/api.w.org\/{rel}","templated":true}]}}