{"id":46604,"date":"2021-04-23T11:00:59","date_gmt":"2021-04-23T09:00:59","guid":{"rendered":"http:\/\/miradordeatarfe.es\/?p=46604"},"modified":"2021-04-23T10:04:58","modified_gmt":"2021-04-23T08:04:58","slug":"breve-estudio-sobre-apellidos-atarfenos2-por-maria-luisa-moreno-rueda","status":"publish","type":"post","link":"https:\/\/miradordeatarfe.es\/?p=46604","title":{"rendered":"\u00abBREVE ESTUDIO SOBRE APELLIDOS ATARFE\u00d1OS\u00bb por Maria Luisa Moreno Rueda"},"content":{"rendered":"<h3>Utilizando como fuente principal el Archivo de la\u00a0 Real Chancilleria de Granada, he intentado buscar el\u00a0 origen de los apellidos m\u00e1s comunes en Atarfe.<\/h3>\n<p>Al principio al plantear este trabajo me sent\u00ed m\u00e1s movida\u00a0 por la curiosidad que por un verdadero inter\u00e9s de investigaci\u00f3n. Bien es sabido que la mayor\u00eda de los apellidos andaluces <br \/>\nproceden de Castilla y Norte de Espa\u00f1a, result\u00e1ndo\u00a0 curioso comprobar que muchos de ellos terminaban en \u201cz\u201c. A\u00fan sin haber finalizado el estudio, he contabilizado m\u00e1s de 200 apellidos.<\/p>\n<p>Asi fue c\u00f3mo inici\u00e9 este trabajo recopil\u00e1ndo todos estos apellidos, su procedencia, su origen, el tronco principal y las diversas ramas, su escudo her\u00e1ldico y su arraigo en nuestro pueblo.<br \/>\nEn total y a falta de algunos datos, en nuestro pueblo existen 57 apellidos terminados en \u201cz\u201c y un total de 6.497 personas con ellos. La mayor\u00eda de ellos son patron\u00edmicos o lo que es lo mismo, derivados de un nombre propio.<\/p>\n<p>De entre ellos y por ser m\u00e1s conocidos en Atarfe destacamos:<\/p>\n<p>Alvarez Hijo o descendiente de Alvaro o Alvar<br \/>\nD\u00edaz Derivado el nombre propio Dia<br \/>\nD\u00edez Derivado de Diego<br \/>\nFern\u00e1ndez Derivado de Fernando<br \/>\nG\u00f3mez Descendiente y sucesor de Gome<br \/>\nGonz\u00e1lez Derivado del nombre propio Gonzalo<br \/>\nHern\u00e1ndez Del nombre propio Hernando<br \/>\nJim\u00e9nez Derivado de Jimeno o Ximeno<br \/>\nL\u00f3pez Derivado de Lope<br \/>\nMart\u00ednez Derivado de Mart\u00edn<br \/>\nP\u00e9rez Del nombre propio Pero o Pedro<br \/>\nRam\u00edrez Hijo o descendiente de Ramiro<br \/>\nRodr\u00edguez Apellido derivado de Rodrigo y uno de los m\u00e1s extendidos por Espa\u00f1a y los paises hispanoamericanos.<br \/>\nRuiz Derivado de Ruy o Rui<br \/>\nS\u00e1ez Es una variante de Saenz como lo son\u00a0 igualmente S\u00e1inz y Sanz<br \/>\nS\u00e1nchez Derivado del nombre propio Sancho<\/p>\n<p>Estos apellidos tienen su primitivo solar en Castilla Le\u00f3n,\u00a0 Asturias, Monta\u00f1as de Santander y La Rioja, llegando a Andaluc\u00eda y en concreto a nuestro pueblo con los Reyes Cat\u00f3licos tras la expulsi\u00f3n de los moriscos.<\/p>\n<p>Tambi\u00e9n merecen especial atenci\u00f3n, los siguientes\u00a0 apellidos no patronimicos y bastante arraigados en Atarfe.<\/p>\n<p>Ant\u00fanez Linaje de Portugal<br \/>\nBen\u00edtez Originario de Asturias<br \/>\nBerm\u00fadez Su casa primitiva estaba en Pontevedra y Santiago.<br \/>\nBritz Linaje de Arag\u00f3n<br \/>\nHoz Su primitvo solar estuvo en las monta\u00f1as de Santander<br \/>\nIb\u00e1\u00f1ez Originario de Santander<br \/>\nM\u00e1rquez Tuvo su origen en el Se\u00f1orio de Vizcaya<br \/>\nOrt\u00edz Apellido moz\u00e1rabe de Toledo<br \/>\nSuarez Originario de Asturias<\/p>\n<p>Ser\u00eda demasiado extenso resumir la historia de todos los\u00a0 apellidos que conforman el trabajo realizado. Debido a que la investigaci\u00f3n a\u00fan no ha finalizado y a\u00fan es posible que haya m\u00e1s apellidos en Atarfe terminados en \u201cz\u201d que a\u00fan no hayan sido registrados, voy a finalizar enumerando los apellidos por orden alfabetico indic\u00e1ndo el n\u00famero de personas que en nuestro pueblo los llevan.<\/p>\n<p><a href=\"https:\/\/i0.wp.com\/miradordeatarfe.es\/wp-content\/uploads\/2021\/04\/IMG_20210415_193336-scaled.jpg?ssl=1\"><img data-recalc-dims=\"1\" loading=\"lazy\" decoding=\"async\" class=\"alignnone wp-image-46640 size-full\" src=\"https:\/\/i0.wp.com\/miradordeatarfe.es\/wp-content\/uploads\/2021\/04\/IMG_20210415_193336-scaled.jpg?resize=640%2C1422&#038;ssl=1\" alt=\"\" width=\"640\" height=\"1422\" srcset=\"https:\/\/i0.wp.com\/miradordeatarfe.es\/wp-content\/uploads\/2021\/04\/IMG_20210415_193336-scaled.jpg?w=1152&amp;ssl=1 1152w, https:\/\/i0.wp.com\/miradordeatarfe.es\/wp-content\/uploads\/2021\/04\/IMG_20210415_193336-scaled.jpg?resize=135%2C300&amp;ssl=1 135w, https:\/\/i0.wp.com\/miradordeatarfe.es\/wp-content\/uploads\/2021\/04\/IMG_20210415_193336-scaled.jpg?resize=461%2C1024&amp;ssl=1 461w, https:\/\/i0.wp.com\/miradordeatarfe.es\/wp-content\/uploads\/2021\/04\/IMG_20210415_193336-scaled.jpg?resize=768%2C1707&amp;ssl=1 768w, https:\/\/i0.wp.com\/miradordeatarfe.es\/wp-content\/uploads\/2021\/04\/IMG_20210415_193336-scaled.jpg?resize=691%2C1536&amp;ssl=1 691w, https:\/\/i0.wp.com\/miradordeatarfe.es\/wp-content\/uploads\/2021\/04\/IMG_20210415_193336-scaled.jpg?resize=922%2C2048&amp;ssl=1 922w, https:\/\/i0.wp.com\/miradordeatarfe.es\/wp-content\/uploads\/2021\/04\/IMG_20210415_193336-scaled.jpg?resize=1320%2C2933&amp;ssl=1 1320w\" sizes=\"auto, (max-width: 640px) 100vw, 640px\" \/><\/a><\/p>\n<div class=\"tiled-gallery type-rectangular tiled-gallery-unresized\" data-original-width=\"640\" data-carousel-extra='null' itemscope itemtype=\"http:\/\/schema.org\/ImageGallery\" > <div class=\"gallery-row\" style=\"width: 640px; height: 450px;\" data-original-width=\"640\" data-original-height=\"450\" > <div class=\"gallery-group images-1\" style=\"width: 284px; height: 450px;\" data-original-width=\"284\" data-original-height=\"450\" > <div class=\"tiled-gallery-item tiled-gallery-item-large\" itemprop=\"associatedMedia\" itemscope itemtype=\"http:\/\/schema.org\/ImageObject\"> <a href=\"https:\/\/miradordeatarfe.es\/?attachment_id=46638\" border=\"0\" itemprop=\"url\"> <meta itemprop=\"width\" content=\"280\"> <meta itemprop=\"height\" content=\"446\"> <img decoding=\"async\" class=\"\" data-attachment-id=\"46638\" data-orig-file=\"https:\/\/miradordeatarfe.es\/wp-content\/uploads\/2021\/04\/IMG_20210415_193346.jpg\" data-orig-size=\"1540,2456\" data-comments-opened=\"\" data-image-meta=\"{&quot;aperture&quot;:&quot;1.79&quot;,&quot;credit&quot;:&quot;&quot;,&quot;camera&quot;:&quot;M2002J9G&quot;,&quot;caption&quot;:&quot;&quot;,&quot;created_timestamp&quot;:&quot;1618515227&quot;,&quot;copyright&quot;:&quot;&quot;,&quot;focal_length&quot;:&quot;4.71&quot;,&quot;iso&quot;:&quot;657&quot;,&quot;shutter_speed&quot;:&quot;0.02&quot;,&quot;title&quot;:&quot;&quot;,&quot;orientation&quot;:&quot;0&quot;}\" data-image-title=\"IMG_20210415_193346\" data-image-description=\"\" data-medium-file=\"https:\/\/i0.wp.com\/miradordeatarfe.es\/wp-content\/uploads\/2021\/04\/IMG_20210415_193346.jpg?fit=188%2C300&#038;ssl=1\" data-large-file=\"https:\/\/i0.wp.com\/miradordeatarfe.es\/wp-content\/uploads\/2021\/04\/IMG_20210415_193346.jpg?fit=640%2C1021&#038;ssl=1\" src=\"https:\/\/i0.wp.com\/miradordeatarfe.es\/wp-content\/uploads\/2021\/04\/IMG_20210415_193346.jpg?w=280&#038;h=446&#038;ssl=1\" srcset=\"https:\/\/i0.wp.com\/miradordeatarfe.es\/wp-content\/uploads\/2021\/04\/IMG_20210415_193346.jpg?w=1540&amp;ssl=1 1540w, https:\/\/i0.wp.com\/miradordeatarfe.es\/wp-content\/uploads\/2021\/04\/IMG_20210415_193346.jpg?resize=188%2C300&amp;ssl=1 188w, https:\/\/i0.wp.com\/miradordeatarfe.es\/wp-content\/uploads\/2021\/04\/IMG_20210415_193346.jpg?resize=642%2C1024&amp;ssl=1 642w, https:\/\/i0.wp.com\/miradordeatarfe.es\/wp-content\/uploads\/2021\/04\/IMG_20210415_193346.jpg?resize=768%2C1225&amp;ssl=1 768w, https:\/\/i0.wp.com\/miradordeatarfe.es\/wp-content\/uploads\/2021\/04\/IMG_20210415_193346.jpg?resize=963%2C1536&amp;ssl=1 963w, https:\/\/i0.wp.com\/miradordeatarfe.es\/wp-content\/uploads\/2021\/04\/IMG_20210415_193346.jpg?resize=1284%2C2048&amp;ssl=1 1284w, https:\/\/i0.wp.com\/miradordeatarfe.es\/wp-content\/uploads\/2021\/04\/IMG_20210415_193346.jpg?resize=1320%2C2105&amp;ssl=1 1320w\" width=\"280\" height=\"446\" loading=\"lazy\" data-original-width=\"280\" data-original-height=\"446\" itemprop=\"http:\/\/schema.org\/image\" title=\"IMG_20210415_193346\" alt=\"IMG_20210415_193346\" style=\"width: 280px; height: 446px;\" \/> <\/a> <\/div> <\/div> <!-- close group --> <div class=\"gallery-group images-1\" style=\"width: 356px; height: 450px;\" data-original-width=\"356\" data-original-height=\"450\" > <div class=\"tiled-gallery-item tiled-gallery-item-large\" itemprop=\"associatedMedia\" itemscope itemtype=\"http:\/\/schema.org\/ImageObject\"> <a href=\"https:\/\/miradordeatarfe.es\/?attachment_id=46637\" border=\"0\" itemprop=\"url\"> <meta itemprop=\"width\" content=\"352\"> <meta itemprop=\"height\" content=\"446\"> <img decoding=\"async\" class=\"\" data-attachment-id=\"46637\" data-orig-file=\"https:\/\/miradordeatarfe.es\/wp-content\/uploads\/2021\/04\/IMG_20210415_193305-2-1.jpg\" data-orig-size=\"1622,2055\" data-comments-opened=\"\" data-image-meta=\"{&quot;aperture&quot;:&quot;1.79&quot;,&quot;credit&quot;:&quot;&quot;,&quot;camera&quot;:&quot;M2002J9G&quot;,&quot;caption&quot;:&quot;&quot;,&quot;created_timestamp&quot;:&quot;1618515187&quot;,&quot;copyright&quot;:&quot;&quot;,&quot;focal_length&quot;:&quot;4.71&quot;,&quot;iso&quot;:&quot;729&quot;,&quot;shutter_speed&quot;:&quot;0.02&quot;,&quot;title&quot;:&quot;&quot;,&quot;orientation&quot;:&quot;0&quot;}\" data-image-title=\"IMG_20210415_193305 (2)\" data-image-description=\"\" data-medium-file=\"https:\/\/i0.wp.com\/miradordeatarfe.es\/wp-content\/uploads\/2021\/04\/IMG_20210415_193305-2-1.jpg?fit=237%2C300&#038;ssl=1\" data-large-file=\"https:\/\/i0.wp.com\/miradordeatarfe.es\/wp-content\/uploads\/2021\/04\/IMG_20210415_193305-2-1.jpg?fit=640%2C811&#038;ssl=1\" src=\"https:\/\/i0.wp.com\/miradordeatarfe.es\/wp-content\/uploads\/2021\/04\/IMG_20210415_193305-2-1.jpg?w=352&#038;h=446&#038;ssl=1\" srcset=\"https:\/\/i0.wp.com\/miradordeatarfe.es\/wp-content\/uploads\/2021\/04\/IMG_20210415_193305-2-1.jpg?w=1622&amp;ssl=1 1622w, https:\/\/i0.wp.com\/miradordeatarfe.es\/wp-content\/uploads\/2021\/04\/IMG_20210415_193305-2-1.jpg?resize=237%2C300&amp;ssl=1 237w, https:\/\/i0.wp.com\/miradordeatarfe.es\/wp-content\/uploads\/2021\/04\/IMG_20210415_193305-2-1.jpg?resize=808%2C1024&amp;ssl=1 808w, https:\/\/i0.wp.com\/miradordeatarfe.es\/wp-content\/uploads\/2021\/04\/IMG_20210415_193305-2-1.jpg?resize=768%2C973&amp;ssl=1 768w, https:\/\/i0.wp.com\/miradordeatarfe.es\/wp-content\/uploads\/2021\/04\/IMG_20210415_193305-2-1.jpg?resize=1212%2C1536&amp;ssl=1 1212w, https:\/\/i0.wp.com\/miradordeatarfe.es\/wp-content\/uploads\/2021\/04\/IMG_20210415_193305-2-1.jpg?resize=1616%2C2048&amp;ssl=1 1616w, https:\/\/i0.wp.com\/miradordeatarfe.es\/wp-content\/uploads\/2021\/04\/IMG_20210415_193305-2-1.jpg?resize=1320%2C1672&amp;ssl=1 1320w\" width=\"352\" height=\"446\" loading=\"lazy\" data-original-width=\"352\" data-original-height=\"446\" itemprop=\"http:\/\/schema.org\/image\" title=\"IMG_20210415_193305 (2)\" alt=\"IMG_20210415_193305 (2)\" style=\"width: 352px; height: 446px;\" \/> <\/a> <\/div> <\/div> <!-- close group --> <\/div> <!-- close row --> <\/div>\n","protected":false},"excerpt":{"rendered":"<p>Utilizando como fuente principal el Archivo de la\u00a0 Real Chancilleria de Granada, he intentado buscar&#8230;<\/p>\n","protected":false},"author":1,"featured_media":46639,"comment_status":"closed","ping_status":"closed","sticky":false,"template":"","format":"standard","meta":{"_coblocks_attr":"","_coblocks_dimensions":"","_coblocks_responsive_height":"","_coblocks_accordion_ie_support":"","jetpack_post_was_ever_published":false,"_jetpack_newsletter_access":"","_jetpack_dont_email_post_to_subs":false,"_jetpack_newsletter_tier_id":0,"_jetpack_memberships_contains_paywalled_content":false,"_jetpack_memberships_contains_paid_content":false,"footnotes":"","jetpack_publicize_message":"","jetpack_publicize_feature_enabled":true,"jetpack_social_post_already_shared":false,"jetpack_social_options":{"image_generator_settings":{"template":"highway","default_image_id":0,"enabled":false},"version":2}},"categories":[2,7511,1225,44,15],"tags":[3456,81],"class_list":["post-46604","post","type-post","status-publish","format-standard","has-post-thumbnail","hentry","category-atarfe","category-atarfe-en-papel","category-ha-de-atarfe","category-noticias-de-hoy","category-ultimas-noticias","tag-apellidos","tag-atarfe"],"jetpack_publicize_connections":[],"jetpack_featured_media_url":"https:\/\/i0.wp.com\/miradordeatarfe.es\/wp-content\/uploads\/2021\/04\/IMG_20210415_193351.jpg?fit=1540%2C1425&ssl=1","jetpack_likes_enabled":true,"jetpack_sharing_enabled":true,"_links":{"self":[{"href":"https:\/\/miradordeatarfe.es\/index.php?rest_route=\/wp\/v2\/posts\/46604","targetHints":{"allow":["GET"]}}],"collection":[{"href":"https:\/\/miradordeatarfe.es\/index.php?rest_route=\/wp\/v2\/posts"}],"about":[{"href":"https:\/\/miradordeatarfe.es\/index.php?rest_route=\/wp\/v2\/types\/post"}],"author":[{"embeddable":true,"href":"https:\/\/miradordeatarfe.es\/index.php?rest_route=\/wp\/v2\/users\/1"}],"replies":[{"embeddable":true,"href":"https:\/\/miradordeatarfe.es\/index.php?rest_route=%2Fwp%2Fv2%2Fcomments&post=46604"}],"version-history":[{"count":4,"href":"https:\/\/miradordeatarfe.es\/index.php?rest_route=\/wp\/v2\/posts\/46604\/revisions"}],"predecessor-version":[{"id":75634,"href":"https:\/\/miradordeatarfe.es\/index.php?rest_route=\/wp\/v2\/posts\/46604\/revisions\/75634"}],"wp:featuredmedia":[{"embeddable":true,"href":"https:\/\/miradordeatarfe.es\/index.php?rest_route=\/wp\/v2\/media\/46639"}],"wp:attachment":[{"href":"https:\/\/miradordeatarfe.es\/index.php?rest_route=%2Fwp%2Fv2%2Fmedia&parent=46604"}],"wp:term":[{"taxonomy":"category","embeddable":true,"href":"https:\/\/miradordeatarfe.es\/index.php?rest_route=%2Fwp%2Fv2%2Fcategories&post=46604"},{"taxonomy":"post_tag","embeddable":true,"href":"https:\/\/miradordeatarfe.es\/index.php?rest_route=%2Fwp%2Fv2%2Ftags&post=46604"}],"curies":[{"name":"wp","href":"https:\/\/api.w.org\/{rel}","templated":true}]}}