{"id":46678,"date":"2021-04-21T11:18:35","date_gmt":"2021-04-21T09:18:35","guid":{"rendered":"http:\/\/miradordeatarfe.es\/?p=46678"},"modified":"2021-09-22T19:11:17","modified_gmt":"2021-09-22T17:11:17","slug":"con-el-triclub-baby-school-vuelven-los-saraos-a-marbella-por-manuel-jimenez","status":"publish","type":"post","link":"https:\/\/miradordeatarfe.es\/?p=46678","title":{"rendered":"\u00abCON EL TRICLUB BABY SCHOOL VUELVEN LOS SARAOS A MARBELLA.\u00bb por Manuel Jim\u00e9nez"},"content":{"rendered":"<h3 align=\"JUSTIFY\"><span style=\"font-family: Arial, serif;\">Este fin de semana se ha vuelto a vivir una aut\u00e9ntica fiesta con la disputa del XIII DUATLON DE MENORES CIUDAD DE MARBELLA y el XX DUATLON CIUDAD DE MARBELLA<\/span><\/h3>\n<p align=\"JUSTIFY\"><span style=\"font-family: Arial, serif;\">La creaci\u00f3n del Marbella Club a imagen y semejanza de otros complejos hoteleros en las mecas del turismo mundial llev\u00f3 hasta esta localidad del sur de Espa\u00f1a a gran parte de la llamada jet set internacional, una cohorte de arist\u00f3cratas, millonarios, actores y personalidades mundanas atra\u00eddos por el clima ben\u00e9volo de la zona donde se construyeron casas llenas de buganvillas y cuyas reuniones sociales eran seguidas \u00e1vidamente por la prensa del coraz\u00f3n en la d\u00e9cada de los setenta y parte de los ochenta. <\/span><\/p>\n<p align=\"JUSTIFY\"><span style=\"font-family: Arial, serif;\">La llegada a la zona de vividores profesionales, jetas y nuevos ricos de fortunas de origen, como poco, incierto unido al boom del ladrillo trajo consigo la p\u00e9rdida del glamour y del esp\u00edritu que la hizo famosa y desaparecieron los famosos saraos que se organizaban con excusas ben\u00e9ficas y que produc\u00edan una aut\u00e9ntica simbiosis entre ricos, famosos y casas comerciales que consegu\u00edan gran visibilidad. <\/span><\/p>\n<p align=\"JUSTIFY\"><span style=\"font-family: Arial, serif;\">Este fin de semana se ha vuelto a vivir una aut\u00e9ntica fiesta con la disputa del XIII DUATLON DE MENORES CIUDAD DE MARBELLA y el XX DUATLON CIUDAD DE MARBELLA disputado en distancia supersprint: 2,5-10-1,25.<\/span><\/p>\n<p align=\"JUSTIFY\"><span style=\"font-family: Arial, serif;\">El dominio de la Escuela de Triatlon Atarfe y el Triclub Baby School ha sido manifiesto con nuestra paisana, Angie \u00c1vila, que se ha impuesto exhibiendo una gran superioridad y anot\u00e1ndose el que es su segundo triunfo personal de la temporada tras su primer puesto en \u00c1guilas.<\/span><\/p>\n<p align=\"JUSTIFY\"><a href=\"https:\/\/i0.wp.com\/miradordeatarfe.es\/wp-content\/uploads\/2021\/04\/Angie-Marbella-21.jpeg?ssl=1\"><img data-recalc-dims=\"1\" loading=\"lazy\" decoding=\"async\" class=\"alignnone wp-image-46680 size-full\" src=\"https:\/\/i0.wp.com\/miradordeatarfe.es\/wp-content\/uploads\/2021\/04\/Angie-Marbella-21.jpeg?resize=640%2C853&#038;ssl=1\" alt=\"\" width=\"640\" height=\"853\" srcset=\"https:\/\/i0.wp.com\/miradordeatarfe.es\/wp-content\/uploads\/2021\/04\/Angie-Marbella-21.jpeg?w=1500&amp;ssl=1 1500w, https:\/\/i0.wp.com\/miradordeatarfe.es\/wp-content\/uploads\/2021\/04\/Angie-Marbella-21.jpeg?resize=225%2C300&amp;ssl=1 225w, https:\/\/i0.wp.com\/miradordeatarfe.es\/wp-content\/uploads\/2021\/04\/Angie-Marbella-21.jpeg?resize=768%2C1024&amp;ssl=1 768w, https:\/\/i0.wp.com\/miradordeatarfe.es\/wp-content\/uploads\/2021\/04\/Angie-Marbella-21.jpeg?resize=1152%2C1536&amp;ssl=1 1152w, https:\/\/i0.wp.com\/miradordeatarfe.es\/wp-content\/uploads\/2021\/04\/Angie-Marbella-21.jpeg?resize=1320%2C1760&amp;ssl=1 1320w\" sizes=\"auto, (max-width: 640px) 100vw, 640px\" \/><\/a><\/p>\n<p align=\"JUSTIFY\"><span style=\"font-family: Arial, serif;\">Tambi\u00e9n pis\u00f3 la alfombra roja en categor\u00eda sub 23 Paula Jim\u00e9nez L\u00f3pez que en su segunda actuaci\u00f3n en la especialidad se hizo con el triunfo en su grupo de edad. Completan una actuaci\u00f3n portentosa del equipo femenino la actual campeona de Espa\u00f1a de la Especialidad Priscila P\u00e9rez Pe\u00f1a y la incombustible Inma Cruz C\u00f3rcoles con sendos segundos puestos en VF1 y VF2 que auparon al Baby al primer puesto por equipos absoluto. <\/span><\/p>\n<p align=\"JUSTIFY\"><span style=\"font-family: Arial, serif;\">Los \u201cchicos de los garabatos\u201d no le anduvieron a la zaga pues consiguieron \u201ccampeonar\u201d por escuadras en categor\u00eda masculina merced al tercer puesto en la general de Luis R\u00edos Puebla unido a la victoria en Sub 23 de Alex Coronil y el tercer puesto de Jaime Vico en este grupo de edad. <\/span><\/p>\n<p align=\"JUSTIFY\"><span style=\"font-family: Arial, serif;\">No falt\u00f3 a la cita con el p\u00f3dium el responsable de todo este boom, don Eduardo Ramos que se hizo con el segundo puesto en VM2. <\/span><\/p>\n<p align=\"JUSTIFY\"><span style=\"font-family: Arial, serif;\">Completa presencia en el podium Daniel Sevilla que se hizo con el tercer puesto en categor\u00eda Senior si bien empatado a tiempo con su compa\u00f1ero Manu Terr\u00f3n que se tuvo que conformar con la medalla de chocolate por tan solo 23 mil\u00e9simas. <\/span><\/p>\n<p align=\"JUSTIFY\"><span style=\"font-family: Arial, serif;\">En cuanto al plantel que despleg\u00f3 la Escuela de Triatlon dej\u00f3 a los asistentes con una gran duda y es de d\u00f3nde proviene el apelativo de \u201cjet set\u201d resultando evidente que proviene del ingl\u00e9s \u201cchorro\u201d pues como aut\u00e9nticos aviones a reacci\u00f3n o chorro se comportaron las j\u00f3venes talentos destacando el t\u00edtulo de Campeona de Andaluc\u00eda Alev\u00edn conquistado por Vera Ramos P\u00e9rez quien tiene en el triatl\u00f3n el patio de su recreo y disfrut\u00f3 de lo lindo con su carrera y demostrando una depurada t\u00e9cnica. El campeonato de Andaluc\u00eda \u00fanicamente se disput\u00f3 en Alev\u00edn contando con la presencia de Carlos Zafra que acab\u00f3 el 19. <\/span><\/p>\n<p align=\"JUSTIFY\"><span style=\"font-family: Arial, serif;\">Primer puesto en Benjam\u00edn masculino para Santiago N\u00fa\u00f1ez Real, categor\u00eda en la que Sandro Ramos obtiene el tercer pelda\u00f1o del p\u00f3dium. Completan participaci\u00f3n en la categor\u00eda Iv\u00e1n Montoro (11) y \u00c1lvaro Guerrero Hinojosa (19). <\/span><\/p>\n<p align=\"JUSTIFY\"><span style=\"font-family: Arial, serif;\">Pisa p\u00f3dium con un notable tercer puesto en benjam\u00edn femenino Daniela Tall\u00f3n P\u00e9rez quien ya ten\u00eda ganas de dejar el chocolate al que es tan aficionada. <\/span><\/p>\n<p align=\"JUSTIFY\"><span style=\"font-family: Arial, serif;\">David Vill\u00e9n Ramiro va asent\u00e1ndose en la especialidad y se supera en cada prueba, en esta ocasi\u00f3n finaliz\u00f3 8\u00ba a apenas un minuto del p\u00f3dium. Manuel Torres Ferrando fue 11 en prebenjam\u00edn y Pablo Alonso Marruecos el 22\u00ba en infantil. <\/span><\/p>\n<p align=\"JUSTIFY\"><span style=\"font-family: Arial, serif;\">Las limitaciones en las inscripciones impidieron la presencia de m\u00e1s miembros de la Escuela que podr\u00e1n desquitarse en apenas un mes (16 de mayo) con la celebraci\u00f3n de la primera edici\u00f3n del Duatlon de Menores de Atarfe en el entorno de la Plaza de Toros.<\/span><\/p>\n<p align=\"JUSTIFY\"><span style=\"font-family: Arial, serif;\">Por su parte, en Guadix se estrena la temporada de Triatlon con una prueba tipo ol\u00edmpico (2-34-10) donde el residente en Atarfe Miguel \u00c1ngel Montoro Mu\u00f1oz en las filas del Silverback consigue un meritorio 3\u00ba puesto en V1 siendo el 26\u00ba de la general. <\/span><\/p>\n<p align=\"JUSTIFY\"><span style=\"font-family: Arial, serif;\">De otro lado tambi\u00e9n se ha estrenado el Circuito de Fondo de la Diputaci\u00f3n de Granada saltando directamente a la prueba XXIII \u201cEL Esp\u00e1rrago-Villa de Hu\u00e9tor Tajar\u201d donde el fondista atarfe\u00f1o Jos\u00e9 Justicia Ruiz se ha coronado como el primer atleta en categor\u00eda senior y cuarto de la general con un buen crono de 32.23, magn\u00edfica reentr\u00e9 de Jos\u00e9 que esta temporada promete grandes actuaciones. <\/span><\/p>\n<p align=\"JUSTIFY\"><span style=\"font-family: Arial, serif;\">Ana Loreno Quevedo del Ciudad Atarfe se queda a las puertas del p\u00f3dium al ser 4\u00aa en m\u00e1ster B y 12\u00aa de la general a tan s\u00f3lo segundos del bronce.<\/span><\/p>\n<p align=\"JUSTIFY\"><a href=\"https:\/\/i0.wp.com\/miradordeatarfe.es\/wp-content\/uploads\/2021\/04\/Sandro-Marbella-21.jpg?ssl=1\"><img data-recalc-dims=\"1\" loading=\"lazy\" decoding=\"async\" class=\"wp-image-46686 size-large aligncenter\" src=\"https:\/\/i0.wp.com\/miradordeatarfe.es\/wp-content\/uploads\/2021\/04\/Sandro-Marbella-21.jpg?resize=618%2C823&#038;ssl=1\" alt=\"\" width=\"618\" height=\"823\" srcset=\"https:\/\/i0.wp.com\/miradordeatarfe.es\/wp-content\/uploads\/2021\/04\/Sandro-Marbella-21.jpg?resize=769%2C1024&amp;ssl=1 769w, https:\/\/i0.wp.com\/miradordeatarfe.es\/wp-content\/uploads\/2021\/04\/Sandro-Marbella-21.jpg?resize=225%2C300&amp;ssl=1 225w, https:\/\/i0.wp.com\/miradordeatarfe.es\/wp-content\/uploads\/2021\/04\/Sandro-Marbella-21.jpg?resize=768%2C1023&amp;ssl=1 768w, https:\/\/i0.wp.com\/miradordeatarfe.es\/wp-content\/uploads\/2021\/04\/Sandro-Marbella-21.jpg?resize=1153%2C1536&amp;ssl=1 1153w, https:\/\/i0.wp.com\/miradordeatarfe.es\/wp-content\/uploads\/2021\/04\/Sandro-Marbella-21.jpg?resize=1320%2C1759&amp;ssl=1 1320w, https:\/\/i0.wp.com\/miradordeatarfe.es\/wp-content\/uploads\/2021\/04\/Sandro-Marbella-21.jpg?w=1537&amp;ssl=1 1537w\" sizes=\"auto, (max-width: 618px) 100vw, 618px\" \/><\/a><a href=\"https:\/\/i0.wp.com\/miradordeatarfe.es\/wp-content\/uploads\/2021\/04\/Paula-Marbella-21-1.jpeg.jpg?ssl=1\"><img data-recalc-dims=\"1\" loading=\"lazy\" decoding=\"async\" class=\"wp-image-46684 size-full aligncenter\" src=\"https:\/\/i0.wp.com\/miradordeatarfe.es\/wp-content\/uploads\/2021\/04\/Paula-Marbella-21-1.jpeg.jpg?resize=630%2C850&#038;ssl=1\" alt=\"\" width=\"630\" height=\"850\" srcset=\"https:\/\/i0.wp.com\/miradordeatarfe.es\/wp-content\/uploads\/2021\/04\/Paula-Marbella-21-1.jpeg.jpg?w=630&amp;ssl=1 630w, https:\/\/i0.wp.com\/miradordeatarfe.es\/wp-content\/uploads\/2021\/04\/Paula-Marbella-21-1.jpeg.jpg?resize=222%2C300&amp;ssl=1 222w\" sizes=\"auto, (max-width: 630px) 100vw, 630px\" \/><\/a><a href=\"https:\/\/i0.wp.com\/miradordeatarfe.es\/wp-content\/uploads\/2021\/04\/Jose-Justicia-Huetor-Tajar-21.jpg?ssl=1\"><img data-recalc-dims=\"1\" loading=\"lazy\" decoding=\"async\" class=\"wp-image-46683 size-large aligncenter\" src=\"https:\/\/i0.wp.com\/miradordeatarfe.es\/wp-content\/uploads\/2021\/04\/Jose-Justicia-Huetor-Tajar-21.jpg?resize=618%2C824&#038;ssl=1\" alt=\"\" width=\"618\" height=\"824\" srcset=\"https:\/\/i0.wp.com\/miradordeatarfe.es\/wp-content\/uploads\/2021\/04\/Jose-Justicia-Huetor-Tajar-21.jpg?resize=768%2C1024&amp;ssl=1 768w, https:\/\/i0.wp.com\/miradordeatarfe.es\/wp-content\/uploads\/2021\/04\/Jose-Justicia-Huetor-Tajar-21.jpg?resize=225%2C300&amp;ssl=1 225w, https:\/\/i0.wp.com\/miradordeatarfe.es\/wp-content\/uploads\/2021\/04\/Jose-Justicia-Huetor-Tajar-21.jpg?resize=1152%2C1536&amp;ssl=1 1152w, https:\/\/i0.wp.com\/miradordeatarfe.es\/wp-content\/uploads\/2021\/04\/Jose-Justicia-Huetor-Tajar-21.jpg?w=1200&amp;ssl=1 1200w\" sizes=\"auto, (max-width: 618px) 100vw, 618px\" \/><\/a><\/p>\n","protected":false},"excerpt":{"rendered":"<p>Este fin de semana se ha vuelto a vivir una aut\u00e9ntica fiesta con la disputa&#8230;<\/p>\n","protected":false},"author":1,"featured_media":46681,"comment_status":"closed","ping_status":"closed","sticky":false,"template":"","format":"standard","meta":{"_coblocks_attr":"","_coblocks_dimensions":"","_coblocks_responsive_height":"","_coblocks_accordion_ie_support":"","jetpack_post_was_ever_published":false,"_jetpack_newsletter_access":"","_jetpack_dont_email_post_to_subs":false,"_jetpack_newsletter_tier_id":0,"_jetpack_memberships_contains_paywalled_content":false,"_jetpack_memberships_contains_paid_content":false,"footnotes":"","jetpack_publicize_message":"","jetpack_publicize_feature_enabled":true,"jetpack_social_post_already_shared":false,"jetpack_social_options":{"image_generator_settings":{"template":"highway","default_image_id":0,"enabled":false},"version":2}},"categories":[182,6915,44,15],"tags":[81,85,123],"class_list":["post-46678","post","type-post","status-publish","format-standard","has-post-thumbnail","hentry","category-deportes","category-opinion-de-manuel-jimenez","category-noticias-de-hoy","category-ultimas-noticias","tag-atarfe","tag-atletismo","tag-deportes"],"jetpack_publicize_connections":[],"jetpack_featured_media_url":"https:\/\/i0.wp.com\/miradordeatarfe.es\/wp-content\/uploads\/2021\/04\/Angie-Marbella-21-2-1.jpeg?fit=2000%2C1500&ssl=1","jetpack_likes_enabled":true,"jetpack_sharing_enabled":true,"_links":{"self":[{"href":"https:\/\/miradordeatarfe.es\/index.php?rest_route=\/wp\/v2\/posts\/46678","targetHints":{"allow":["GET"]}}],"collection":[{"href":"https:\/\/miradordeatarfe.es\/index.php?rest_route=\/wp\/v2\/posts"}],"about":[{"href":"https:\/\/miradordeatarfe.es\/index.php?rest_route=\/wp\/v2\/types\/post"}],"author":[{"embeddable":true,"href":"https:\/\/miradordeatarfe.es\/index.php?rest_route=\/wp\/v2\/users\/1"}],"replies":[{"embeddable":true,"href":"https:\/\/miradordeatarfe.es\/index.php?rest_route=%2Fwp%2Fv2%2Fcomments&post=46678"}],"version-history":[{"count":2,"href":"https:\/\/miradordeatarfe.es\/index.php?rest_route=\/wp\/v2\/posts\/46678\/revisions"}],"predecessor-version":[{"id":46688,"href":"https:\/\/miradordeatarfe.es\/index.php?rest_route=\/wp\/v2\/posts\/46678\/revisions\/46688"}],"wp:featuredmedia":[{"embeddable":true,"href":"https:\/\/miradordeatarfe.es\/index.php?rest_route=\/wp\/v2\/media\/46681"}],"wp:attachment":[{"href":"https:\/\/miradordeatarfe.es\/index.php?rest_route=%2Fwp%2Fv2%2Fmedia&parent=46678"}],"wp:term":[{"taxonomy":"category","embeddable":true,"href":"https:\/\/miradordeatarfe.es\/index.php?rest_route=%2Fwp%2Fv2%2Fcategories&post=46678"},{"taxonomy":"post_tag","embeddable":true,"href":"https:\/\/miradordeatarfe.es\/index.php?rest_route=%2Fwp%2Fv2%2Ftags&post=46678"}],"curies":[{"name":"wp","href":"https:\/\/api.w.org\/{rel}","templated":true}]}}