{"id":46727,"date":"2021-04-26T09:34:46","date_gmt":"2021-04-26T07:34:46","guid":{"rendered":"http:\/\/miradordeatarfe.es\/?p=46727"},"modified":"2021-04-24T17:21:56","modified_gmt":"2021-04-24T15:21:56","slug":"la-mentira-os-hara-libres","status":"publish","type":"post","link":"https:\/\/miradordeatarfe.es\/?p=46727","title":{"rendered":"La mentira os har\u00e1 libres"},"content":{"rendered":"<div class=\"c-header\">\n<div class=\"news-header\">\n<h3 style=\"text-align: justify;\">Ayuso ha dado un salto cualitativo en la l\u00f3gica de la desinformaci\u00f3n porque quienes la asesoran saben bien lo que su electorado desea escuchar en tiempos de incertidumbre y fatiga, pero sobre todo, est\u00e1n seguros de que las trolas son m\u00e1s veros\u00edmiles y mucho m\u00e1s atractivas que la realidad misma<\/h3>\n<\/div>\n<\/div>\n<div class=\"c-subheader\" style=\"text-align: justify;\">\n<div class=\"author-pill-wrapper\">\n<footer class=\"cmp-featured-signature-component\">\n<div class=\"featured-signature-component\">\u00a0<\/div>\n<\/footer>\n<\/div>\n<\/div>\n<div class=\"content-container col-12 col-lg-8\">\n<div class=\"c-content\">\n<div class=\"partner-wrapper article-page__body-row\">\n<div class=\"second-col\">\n<p class=\"article-text\" style=\"text-align: justify;\">La mentira campa a sus anchas por la vida p\u00fablica. No es nuevo. Lleva instalada en ella hace tiempo. Las armas de destrucci\u00f3n masiva para justificar la guerra de Irak; los hilillos del Prestige; la banda terrorista ETA como autora de los atentados del 11M para intentar ganar unas elecciones; Madrid es el rompeolas de todas las espa\u00f1as m\u00e1s all\u00e1 de la poes\u00eda; no hay evidencia cient\u00edfica de que la COVID-19 se propague m\u00e1s en los espacios cerrados que al aire libre; <a class=\"link\" href=\"\/\/action\/navigate?type=Article&amp;params=https%3A%2F%2Fwww.eldiario.es%2Fapi%2Fv4%2Fnews.json%3Fid%3D7347317%26signature%3Db1dd65cc27ca1b866ea2fe385c4b6a502ecfd979\" target=\"_blank\" rel=\"noopener\">los franceses vienen a la capital para visitar museos<\/a>; Barajas ha sido el coladero del virus; el <a class=\"link\" href=\"\/\/action\/navigate?type=Article&amp;params=https%3A%2F%2Fwww.eldiario.es%2Fapi%2Fv4%2Fnews.json%3Fid%3D7197288%26signature%3De23174b5998fc3cf7f90112b4445104085717332\" target=\"_blank\" rel=\"noopener\">Zendal es el mejor hospital del mundo<\/a>; Pedro S\u00e1nchez quiere arruinar Madrid; el Gobierno de Espa\u00f1a retiene las vacunas\u2026<\/p>\n<p class=\"article-text\" style=\"text-align: justify;\">Busquen. Se encuentran por docenas y, ahora, ya en campa\u00f1a electoral, las escuchar\u00e1n ma\u00f1ana, tarde y noche. El enga\u00f1o, la patra\u00f1a y el bulo cotizan al alza como hechos alternativos en medio de una pandemia y una brutal crisis econ\u00f3mica, y se propagan a la velocidad del rayo por las redes sociales con la inestimable colaboraci\u00f3n de algunos medios tradicionales.\u00a0<\/p>\n<p class=\"article-text\" style=\"text-align: justify;\">Isabel D\u00edaz Ayuso ha dado un salto cualitativo en la l\u00f3gica de la desinformaci\u00f3n porque MAR sabe bien lo que el electorado desea escuchar en tiempos de incertidumbre y desesperaci\u00f3n y, sobre todo, est\u00e1 seguro de que las mentiras a veces son m\u00e1s veros\u00edmiles y mucho m\u00e1s atractivas que la realidad misma.<\/p>\n<p class=\"article-text\" style=\"text-align: justify;\">Se ve en las encuestas. <a class=\"link\" href=\"\/\/action\/navigate?type=Article&amp;params=https%3A%2F%2Fwww.eldiario.es%2Fapi%2Fv4%2Fnews.json%3Fid%3D7374526%26signature%3D246e092b7cc0915b9e6fd564daec8af155e43d75\" target=\"_blank\" rel=\"noopener\">La presidenta de la Comunidad de Madrid va en cabeza<\/a>, a mucha distancia de su principal competidor, el socialista \u00c1ngel Gabilondo, porque ella ha impuesto el marco, los mensajes y hasta la eliminaci\u00f3n de todos los matices. No hay rigor en sus afirmaciones, s\u00f3lo esl\u00f3ganes y exabruptos. Pero eso hoy no importa.\u00a0<\/p>\n<p class=\"article-text\" style=\"text-align: justify;\">La gente no quiere evidencias cient\u00edficas, ni datos inapelables, ni verdades absolutas, sino encontrar un culpable de todo lo vivido en el \u00faltimo a\u00f1o y que alguien le diga a la cara lo que ellos no podr\u00e1n decirle nunca. S\u00e1nchez es el anticristo\u00a0y el causante de todas las desgracias patrias, y en Madrid hay una mezcla de fanatismo y admiraci\u00f3n hacia Ayuso, gracias al eco de sus ex\u00f3ticos mensajes, que la han catapultado al estrellato de la derecha y la ultraderecha espa\u00f1olas en detrimento de Pablo Casado e incluso de Santiago Abascal.\u00a0<\/p>\n<p class=\"article-text\" style=\"text-align: justify;\">La \u00abfactor\u00eda Redondo\u00bb, que es la que dirige la campa\u00f1a de \u00c1ngel Gabilondo, no se ha debido enterar a\u00fan de que en la c\u00e9ntrica plaza de Cascorro se han inventado el plato <em>Papas a lo Ayuso <\/em>como agradecimiento, no a su gesti\u00f3n de la crisis sanitaria, sino a su desparpajo y a un discurso sin filtros y sin rigor con el que lo mismo acusa al Gobierno de Espa\u00f1a de tener secuestrados a los madrile\u00f1os que advierte del peligro de una izquierda que fomenta las okupaciones ilegales y las expropiaciones, intervendr\u00e1\u00a0las empresas y quemar\u00e1 las iglesias y las calles. Y contra eso, no hay lluvia de millones o de vacunas que se imponga por m\u00e1s que S\u00e1nchez aparezca media docena de veces para presentar el mismo plan de Transformaci\u00f3n y Resiliencia.\u00a0<\/p>\n<p class=\"article-text\" style=\"text-align: justify;\">La gente est\u00e1 hasta las narices de la pandemia y, s\u00ed, Madrid ha estado a la cabeza en n\u00famero de contagios, de fallecimientos y de ocupaciones UCI, pero los muertos parece que son m\u00e1s llevaderos con el liberalismo de las ca\u00f1as y los pinchos. Es la tesis con la que la m\u00e1xima exponente del trumpismo patrio pretende librar a los madrile\u00f1os del asfixiante totalitarismo \u00absanchista\u00bb, despu\u00e9s de acabar en dos tardes, seg\u00fan explican los soci\u00f3logos, con el \u00abfen\u00f3meno Iglesias\u00bb, un l\u00edder que se ha echado sobre su espalda la supervivencia del partido al que representa.<\/p>\n<p class=\"article-text\" style=\"text-align: justify;\">As\u00ed que no, Madrid no es Madrid. Es mucho m\u00e1s. Es una Espa\u00f1a dentro de otra Espa\u00f1a. El 4M no hay unas elecciones regionales sino nacionales. Ayuso no compite contra Gabilondo, Iglesias, Garc\u00eda o Monasterio, sino s\u00f3lo contra S\u00e1nchez. En las residencias de mayores durante la primera ola de COVID-19 no se neg\u00f3 la asistencia hospitalaria a los ancianos ni se acumularon los cad\u00e1veres por docenas hasta que lleg\u00f3 la UME. Los centros de atenci\u00f3n primaria nunca fueron cerrados ni necesitaban de m\u00e1s personal. El porcentaje de fallecidos en Madrid desde que empez\u00f3 la pandemia no es un 54% m\u00e1s alto que la media nacional. Nunca dimiti\u00f3 la directora general de Salud P\u00fablica. Las UCI no han estado saturadas. En la Comunidad de Madrid se vacuna de lunes a domingo por la ma\u00f1ana, por la tarde y por la noche. Y las decisiones se toman siempre por criterios m\u00e9dico-cient\u00edficos y no pol\u00edticos.<\/p>\n<p class=\"article-text\" style=\"text-align: justify;\">Todo depende de si el relato lo construye Ayuso y de si aceptamos sin escr\u00fapulos que la mentira nos har\u00e1 libres. En eso estamos. En que el valor de la verdad no cotiza en el parqu\u00e9 de la pol\u00edtica y en que lo que se estila es el auge del populismo y el nihilismo moral.<\/p>\n<div class=\"c-subheader\">\n<div class=\"author-pill-wrapper\">\n<footer class=\"cmp-featured-signature-component\">\n<div class=\"featured-signature-component\">\n<div class=\"featured-data\" style=\"text-align: justify;\">\n<p><a class=\"featured-name\" href=\"https:\/\/www.eldiario.es\/autores\/esther_palomera\/\">Esther Palomera<\/a><\/p>\n<div>\n<div><a class=\"twitter-account\" href=\"https:\/\/twitter.com\/estherpalomera\" target=\"_blank\" rel=\"noopener\"> <i class=\"fab fa-twitter\"><\/i> <span class=\"featured-twitter\"> @estherpalomera <\/span> <\/a><\/div>\n<\/div>\n<\/div>\n<\/div>\n<\/footer>\n<\/div>\n<footer class=\"rs-pill\">\n<div class=\"edi-social-buttons\">\n<div class=\"buttons-rs-panel\">\u00a0<\/div>\n<\/div>\n<\/footer>\n<\/div>\n<div class=\"cont-rs-desp\">FOTO:L<span class=\"title\">a presidenta de la Comunidad de Madrid y candidata del PP a la reelecci\u00f3n, Isabel D\u00edaz Ayuso, durante un acto electoral este domingo en Las Rozas (Madrid). EFE\/Javier L\u00f3pez <\/span><\/div>\n<div>https:\/\/www.eldiario.es\/opinion\/zona-critica\/mentira-hara-libres_129_7835438.html<\/div>\n<div>\u00a0<\/div>\n<\/div>\n<\/div>\n<\/div>\n<\/div>\n","protected":false},"excerpt":{"rendered":"<p>Ayuso ha dado un salto cualitativo en la l\u00f3gica de la desinformaci\u00f3n porque quienes la&#8230;<\/p>\n","protected":false},"author":1,"featured_media":46728,"comment_status":"closed","ping_status":"closed","sticky":false,"template":"","format":"standard","meta":{"_coblocks_attr":"","_coblocks_dimensions":"","_coblocks_responsive_height":"","_coblocks_accordion_ie_support":"","jetpack_post_was_ever_published":false,"_jetpack_newsletter_access":"","_jetpack_dont_email_post_to_subs":false,"_jetpack_newsletter_tier_id":0,"_jetpack_memberships_contains_paywalled_content":false,"_jetpack_memberships_contains_paid_content":false,"footnotes":"","jetpack_publicize_message":"","jetpack_publicize_feature_enabled":true,"jetpack_social_post_already_shared":false,"jetpack_social_options":{"image_generator_settings":{"template":"highway","default_image_id":0,"enabled":false},"version":2}},"categories":[1161,7149,44,6937,15],"tags":[7229,619],"class_list":["post-46727","post","type-post","status-publish","format-standard","has-post-thumbnail","hentry","category-ciudadania","category-coronavirus","category-noticias-de-hoy","category-sociedad","category-ultimas-noticias","tag-ayuso","tag-mentiras"],"jetpack_publicize_connections":[],"jetpack_featured_media_url":"https:\/\/i0.wp.com\/miradordeatarfe.es\/wp-content\/uploads\/2021\/04\/4bc9fddb-1759-4283-980f-c91e01b34b9a_16-9-aspect-ratio_default_0.jpg?fit=880%2C495&ssl=1","jetpack_likes_enabled":true,"jetpack_sharing_enabled":true,"_links":{"self":[{"href":"https:\/\/miradordeatarfe.es\/index.php?rest_route=\/wp\/v2\/posts\/46727","targetHints":{"allow":["GET"]}}],"collection":[{"href":"https:\/\/miradordeatarfe.es\/index.php?rest_route=\/wp\/v2\/posts"}],"about":[{"href":"https:\/\/miradordeatarfe.es\/index.php?rest_route=\/wp\/v2\/types\/post"}],"author":[{"embeddable":true,"href":"https:\/\/miradordeatarfe.es\/index.php?rest_route=\/wp\/v2\/users\/1"}],"replies":[{"embeddable":true,"href":"https:\/\/miradordeatarfe.es\/index.php?rest_route=%2Fwp%2Fv2%2Fcomments&post=46727"}],"version-history":[{"count":2,"href":"https:\/\/miradordeatarfe.es\/index.php?rest_route=\/wp\/v2\/posts\/46727\/revisions"}],"predecessor-version":[{"id":46774,"href":"https:\/\/miradordeatarfe.es\/index.php?rest_route=\/wp\/v2\/posts\/46727\/revisions\/46774"}],"wp:featuredmedia":[{"embeddable":true,"href":"https:\/\/miradordeatarfe.es\/index.php?rest_route=\/wp\/v2\/media\/46728"}],"wp:attachment":[{"href":"https:\/\/miradordeatarfe.es\/index.php?rest_route=%2Fwp%2Fv2%2Fmedia&parent=46727"}],"wp:term":[{"taxonomy":"category","embeddable":true,"href":"https:\/\/miradordeatarfe.es\/index.php?rest_route=%2Fwp%2Fv2%2Fcategories&post=46727"},{"taxonomy":"post_tag","embeddable":true,"href":"https:\/\/miradordeatarfe.es\/index.php?rest_route=%2Fwp%2Fv2%2Ftags&post=46727"}],"curies":[{"name":"wp","href":"https:\/\/api.w.org\/{rel}","templated":true}]}}