{"id":46730,"date":"2021-04-22T11:02:00","date_gmt":"2021-04-22T09:02:00","guid":{"rendered":"http:\/\/miradordeatarfe.es\/?p=46730"},"modified":"2021-04-26T10:10:19","modified_gmt":"2021-04-26T08:10:19","slug":"se-presenta-el-video-verde-que-te-quiero","status":"publish","type":"post","link":"https:\/\/miradordeatarfe.es\/?p=46730","title":{"rendered":"SE PRESENTA EL VIDEO \u00bb VERDE QUE TE QUIERO&#8230;\u00bb"},"content":{"rendered":"<h3 style=\"text-align: justify;\"><span class=\"d2edcug0 hpfvmrgz qv66sw1b c1et5uql lr9zc1uh a8c37x1j keod5gw0 nxhoafnm aigsh9s9 d3f4x2em fe6kdd0r mau55g9w c8b282yb iv3no6db jq4qci2q a3bd9o3v knj5qynh oo9gr5id hzawbc8m\" dir=\"auto\">Ayer\u00a0 se estren\u00f3 en el Sal\u00f3n de actos de Caja Granada el documental \u00ab<strong>Verde que te quiero<\/strong>&#8230;\u00bb de Jorge R. Puche, una historia de la Vega de Granada en la que no faltan reivindicaci\u00f3n y nostalgia, poes\u00eda y destrucci\u00f3n. <\/span><\/h3>\n<p style=\"text-align: justify;\"><span class=\"d2edcug0 hpfvmrgz qv66sw1b c1et5uql lr9zc1uh a8c37x1j keod5gw0 nxhoafnm aigsh9s9 d3f4x2em fe6kdd0r mau55g9w c8b282yb iv3no6db jq4qci2q a3bd9o3v knj5qynh oo9gr5id hzawbc8m\" dir=\"auto\">Han sido muchos meses de trabajo que hay que\u00a0 agradecer a nuestro vecino y compa\u00f1ero de camino , Jorge Rodr\u00edguez Puche por su calidez y su calidad.<\/span><\/p>\n<p style=\"text-align: justify;\">El movimiento asociativo en torno a la Plataforma Salvemos la Vega \u2013 VegaEduca, a\u00fan actuando localmente, adopta una visi\u00f3n integradora y basada en el inter\u00e9s general de los territorios que conforman la Vega de Granada, y solidaria con el resto de territorios agrarios hist\u00f3ricos de Espa\u00f1a.Aglutina a centenares de personas de perfiles muy diversos que, desde su voluntariado, hacen que esta Plataforma est\u00e9 viva y que esa vida que genera vaya m\u00e1s all\u00e1 de sus componentes.<\/p>\n<p style=\"text-align: justify;\">El Pacto por la Vega constituye el documento que gu\u00eda el camino que todos los ciudadanos de los pueblos de la Vega\u00a0 debemos seguir, el que nos se\u00f1ala lo conseguido y lo que todav\u00eda nos queda por conseguir, el que muestra el grado de cumplimiento o incumplimiento de los firmantes, en definitiva, nuestra carta de presentaci\u00f3n para exigir su cumplimiento a las instituciones incumplidoras o para felicitar a las que s\u00ed lo est\u00e1n haciendo. <\/p>\n<p style=\"text-align: justify;\">La uni\u00f3n entre colectivos tan diversos se consigue porque se cuidan como oro en pa\u00f1o las redes que se han ido tejiendo a lo largo de tantos a\u00f1os de lucha compartida en defensa de la Vega, y porque no se abandonan ni las actividades de sensibilizaci\u00f3n social ni la presi\u00f3n institucional.Este a\u00f1o Atarfe no ha estado presente en la semana de la Vega.<\/p>\n<p style=\"text-align: justify;\"><span class=\"d2edcug0 hpfvmrgz qv66sw1b c1et5uql lr9zc1uh a8c37x1j keod5gw0 nxhoafnm aigsh9s9 d3f4x2em fe6kdd0r mau55g9w c8b282yb iv3no6db jq4qci2q a3bd9o3v knj5qynh oo9gr5id hzawbc8m\" dir=\"auto\"> Nuestro vecino Jorge Rodriguez Puche ha participado, con su empresa APEROS en la realizaci\u00f3n de este video.En su publicaci\u00f3n de facebook ha querido dejar constancia de su agradecimiento a todos los compa\u00f1eros y compa\u00f1eras\u00a0 de camino en este trabajo con estas palabras: \u00ab<em>a Ana Garc\u00eda su sonrisa y su paciencia; a Rafael Moya su profesionalidad; a Enrique Moratalla su m\u00fasica; y a Cheluis Salmer\u00f3n la comprensi\u00f3n. A la Plataforma Salvemos la Vega por su apoyo inestimable, a la Diputaci\u00f3n de Granada y Canal Sur por hacerlo posible&#8230; De los protagonistas del documental quiero rendir un homenaje muy especial a Antonio \u00abEl Pitres\u00bb al que conoc\u00eda hace muchos a\u00f1os y nos dej\u00f3 marcados con su bonhom\u00eda, y a los j\u00f3venes Esther y Alejandro siempre dispuestos a trabajar. Muchas gracias a todos, ojal\u00e1 la Vega deje de ser un espacio a destruir\u00bb.<\/em><\/span><\/p>\n<p style=\"text-align: justify;\">La Vega de Granada ha supuesto el recurso alimentario de la comarca por excelencia desde sus primeros pobladores. Hoy, esa soberan\u00eda alimentaria est\u00e1 m\u00e1s limitada que nunca, debido, principalmente, al abandono de los campos de cultivo, las fuertes presiones urban\u00edsticas, y la competencia de mercados externos. Desde este maravilloso documental, <em>que todos los colegios e institutos deben ver<\/em>, se busca las formas de cooperar, y dinamizar la actividad agr\u00edcola, para que las generaciones venideras puedan seguir aliment\u00e1ndose de su tierra, de su vega<\/p>\n<p style=\"text-align: justify;\"><span class=\"d2edcug0 hpfvmrgz qv66sw1b c1et5uql lr9zc1uh a8c37x1j keod5gw0 nxhoafnm aigsh9s9 d3f4x2em fe6kdd0r mau55g9w c8b282yb iv3no6db jq4qci2q a3bd9o3v knj5qynh oo9gr5id hzawbc8m\" dir=\"auto\">Finalmente hay que agradecer a <strong>Salvemos la Vega-Vega Educa<\/strong> por confiar en \u00ab<strong>Aperos de Video\u00bb<\/strong> para este proyecto que ya ha visto la luz\u00a0 y que pr\u00f3ximamente se emitir\u00e1 en Canal Sur y todos podremos disfrutarlo. Os tendremos informados de su emisi\u00f3n.<br \/>\n<\/span><\/p>\n<div class=\"\" dir=\"auto\">\n<div id=\"jsc_c_cm\" class=\"ecm0bbzt hv4rvrfc ihqw7lf3 dati1w0a\" data-ad-comet-preview=\"message\" data-ad-preview=\"message\">\n<div class=\"j83agx80 cbu4d94t ew0dbk1b irj2b8pg\">\n<div class=\"qzhwtbm6 knvmm38d\">\n<div class=\"kvgmc6g5 cxmmr5t8 oygrvhab hcukyx3x c1et5uql ii04i59q\">\u00a0<\/div>\n<div>\u00a0<\/div>\n<\/div>\n<\/div>\n<\/div>\n<\/div>\n","protected":false},"excerpt":{"rendered":"<p>Ayer\u00a0 se estren\u00f3 en el Sal\u00f3n de actos de Caja Granada el documental \u00abVerde que&#8230;<\/p>\n","protected":false},"author":1,"featured_media":46735,"comment_status":"closed","ping_status":"closed","sticky":false,"template":"","format":"standard","meta":{"_coblocks_attr":"","_coblocks_dimensions":"","_coblocks_responsive_height":"","_coblocks_accordion_ie_support":"","jetpack_post_was_ever_published":false,"_jetpack_newsletter_access":"","_jetpack_dont_email_post_to_subs":false,"_jetpack_newsletter_tier_id":0,"_jetpack_memberships_contains_paywalled_content":false,"_jetpack_memberships_contains_paid_content":false,"footnotes":"","jetpack_publicize_message":"","jetpack_publicize_feature_enabled":true,"jetpack_social_post_already_shared":false,"jetpack_social_options":{"image_generator_settings":{"template":"highway","default_image_id":0,"enabled":false},"version":2}},"categories":[2,1161,186,44,15,10],"tags":[7467,8241,8242,597,1068],"class_list":["post-46730","post","type-post","status-publish","format-standard","has-post-thumbnail","hentry","category-atarfe","category-ciudadania","category-instituciones","category-noticias-de-hoy","category-ultimas-noticias","category-salud","tag-aperos","tag-docum","tag-ento","tag-vega-de-granada","tag-video"],"jetpack_publicize_connections":[],"jetpack_featured_media_url":"https:\/\/i0.wp.com\/miradordeatarfe.es\/wp-content\/uploads\/2021\/04\/176115219_10220159264676018_7720010802918196737_n-2.jpg?fit=526%2C362&ssl=1","jetpack_likes_enabled":true,"jetpack_sharing_enabled":true,"_links":{"self":[{"href":"https:\/\/miradordeatarfe.es\/index.php?rest_route=\/wp\/v2\/posts\/46730","targetHints":{"allow":["GET"]}}],"collection":[{"href":"https:\/\/miradordeatarfe.es\/index.php?rest_route=\/wp\/v2\/posts"}],"about":[{"href":"https:\/\/miradordeatarfe.es\/index.php?rest_route=\/wp\/v2\/types\/post"}],"author":[{"embeddable":true,"href":"https:\/\/miradordeatarfe.es\/index.php?rest_route=\/wp\/v2\/users\/1"}],"replies":[{"embeddable":true,"href":"https:\/\/miradordeatarfe.es\/index.php?rest_route=%2Fwp%2Fv2%2Fcomments&post=46730"}],"version-history":[{"count":6,"href":"https:\/\/miradordeatarfe.es\/index.php?rest_route=\/wp\/v2\/posts\/46730\/revisions"}],"predecessor-version":[{"id":46844,"href":"https:\/\/miradordeatarfe.es\/index.php?rest_route=\/wp\/v2\/posts\/46730\/revisions\/46844"}],"wp:featuredmedia":[{"embeddable":true,"href":"https:\/\/miradordeatarfe.es\/index.php?rest_route=\/wp\/v2\/media\/46735"}],"wp:attachment":[{"href":"https:\/\/miradordeatarfe.es\/index.php?rest_route=%2Fwp%2Fv2%2Fmedia&parent=46730"}],"wp:term":[{"taxonomy":"category","embeddable":true,"href":"https:\/\/miradordeatarfe.es\/index.php?rest_route=%2Fwp%2Fv2%2Fcategories&post=46730"},{"taxonomy":"post_tag","embeddable":true,"href":"https:\/\/miradordeatarfe.es\/index.php?rest_route=%2Fwp%2Fv2%2Ftags&post=46730"}],"curies":[{"name":"wp","href":"https:\/\/api.w.org\/{rel}","templated":true}]}}