{"id":46737,"date":"2021-04-25T10:44:17","date_gmt":"2021-04-25T08:44:17","guid":{"rendered":"http:\/\/miradordeatarfe.es\/?p=46737"},"modified":"2021-04-21T17:26:53","modified_gmt":"2021-04-21T15:26:53","slug":"granada-se-sobrepone-a-la-crisis-cultural-con-un-extenso-y-brillante-festival-que-alcanza-70-anos-de-vida","status":"publish","type":"post","link":"https:\/\/miradordeatarfe.es\/?p=46737","title":{"rendered":"Granada se sobrepone a la crisis cultural con un extenso y brillante Festival, que alcanza 70 a\u00f1os de vida"},"content":{"rendered":"<h3 style=\"text-align: justify;\">Con el t\u00edtulo de &#8216;El sue\u00f1o de una noche de verano&#8217;, ha preparado una ambiciosa programaci\u00f3n con nada menos que 112 espect\u00e1culos a lo largo de 32 d\u00edas. del 17 de junio al 18 de julio.<\/h3>\n<div class=\"cnt-multimedia estirar \" style=\"text-align: justify;\">\u00a0<\/div>\n<div class=\"cnt-izq\">\n<div class=\"cnt-body\">\n<div id=\"cuerpo_noticia_r\" class=\"cuerpo\">\n<p style=\"text-align: justify;\">El Festival de Granada se sobrepone a la <strong>crisis sanitaria<\/strong> y, tras una versi\u00f3n adaptada a las circunstancias el pasado a\u00f1o, prepara para el pr\u00f3ximo verano una edici\u00f3n especial conmemorativa de su 70 cumplea\u00f1os. Las instituciones lo han presentado este mi\u00e9rcoles en la Alhambra.<\/p>\n<p style=\"text-align: justify;\">Con el t\u00edtulo de &#8216;El sue\u00f1o de una noche de verano&#8217;, el <strong>Festival Internacional de M\u00fasica y Danza de Granada<\/strong> ha preparado una ambiciosa programaci\u00f3n con nada menos que 112 espect\u00e1culos a lo largo de 32 d\u00edas. del 17 de junio al 18 de julio. La <strong>programaci\u00f3n oficial del certamen incluye 63 citas<\/strong>, mientras que su extensi\u00f3n gratuita por la ciudad y 10 municipios de la provincia contempla otras 49.<\/p>\n<p style=\"text-align: justify;\">El festival rendir\u00e1 homenaje al bailar\u00edn Antonio Ruiz Soler; al guitarrista Andr\u00e9s Segovia, que ofreci\u00f3 dos recitales hist\u00f3ricos en la primera edici\u00f3n; y al director Ata\u00falfo Argenta, que actu\u00f3 en 1952 junto a la Orquesta Nacional de Espa\u00f1a. La misma formaci\u00f3n vuelve esta a\u00f1o a Granada junto a nombres y formaciones como el Ballet Flamenco de Andaluc\u00eda, la Orquesta Ciudad de Granada (que inaugurar\u00e1 el certamen con un espect\u00e1culo musical y visual); la Orquesta de Par\u00eds, la Philarmonia de Londres; la Joven Orquesta Nacional de Espa\u00f1a; el guitarrista Pablo Sainz-Villegas; el Ballet de Hamburgo; el pianista Christian Zacharias y el tambi\u00e9n pianista Andr\u00e1s Schiff.<\/p>\n<p style=\"text-align: justify;\">El compositor George Crumb, el director Klaus M\u00e4kel\u00e4 y el pianista Javier Perianes, ser\u00e1n los m\u00fasicos residentes de la pr\u00f3xima edici\u00f3n del festival granadino.<\/p>\n<p style=\"text-align: justify;\">Como preludio de la celebraci\u00f3n del centenario del Concurso de Cante Jondo, se ha dise\u00f1ado un notable programa de flamenco con nombres como los de Argentina, Pansequito, Roc\u00edo M\u00e1rquez, el tr\u00edo formado por Cancanilla de M\u00e1laga, Yey\u00e9 de C\u00e1diz y el extreme\u00f1o Guadiana; y Macanita. Todos actuar\u00e1n en La Chumbera. Y en el Carlos V, El Cigala. El ciclo flamenco tambi\u00e9n incluye un gran espect\u00e1culo en el Generalife con 10 voces femeninas.<\/p>\n<p style=\"text-align: justify;\">El festival tambi\u00e9n ha programado conciertos de Jorge Pardo y Chano Dom\u00ednguez; Martirio; y hasta la cabaretista Ute Lemper. Adem\u00e1s del Ballet Flamenco de Andaluc\u00eda, vendr\u00e1 el Generalife la Compa\u00f1\u00eda Nacional de Danza y la Compa\u00f1\u00eda de Blanca Li.<\/p>\n<p style=\"text-align: justify;\">Las entradas se pondr\u00e1n a la venta el 18 de mayo a las 10 de la ma\u00f1ana en la web del festival.<\/p>\n<\/div>\n<\/div>\n<\/div>\n","protected":false},"excerpt":{"rendered":"<p>Con el t\u00edtulo de &#8216;El sue\u00f1o de una noche de verano&#8217;, ha preparado una ambiciosa&#8230;<\/p>\n","protected":false},"author":1,"featured_media":46738,"comment_status":"closed","ping_status":"closed","sticky":false,"template":"","format":"standard","meta":{"_coblocks_attr":"","_coblocks_dimensions":"","_coblocks_responsive_height":"","_coblocks_accordion_ie_support":"","jetpack_post_was_ever_published":false,"_jetpack_newsletter_access":"","_jetpack_dont_email_post_to_subs":false,"_jetpack_newsletter_tier_id":0,"_jetpack_memberships_contains_paywalled_content":false,"_jetpack_memberships_contains_paid_content":false,"footnotes":"","jetpack_publicize_message":"","jetpack_publicize_feature_enabled":true,"jetpack_social_post_already_shared":false,"jetpack_social_options":{"image_generator_settings":{"template":"highway","default_image_id":0,"enabled":false},"version":2}},"categories":[1161,44,6937,15],"tags":[4611,129],"class_list":["post-46737","post","type-post","status-publish","format-standard","has-post-thumbnail","hentry","category-ciudadania","category-noticias-de-hoy","category-sociedad","category-ultimas-noticias","tag-festival-internacional-de-musica","tag-granada"],"jetpack_publicize_connections":[],"jetpack_featured_media_url":"https:\/\/i0.wp.com\/miradordeatarfe.es\/wp-content\/uploads\/2021\/04\/1618997606_750438_1618998223_noticia_normal_recorte1.jpg?fit=1300%2C867&ssl=1","jetpack_likes_enabled":true,"jetpack_sharing_enabled":true,"_links":{"self":[{"href":"https:\/\/miradordeatarfe.es\/index.php?rest_route=\/wp\/v2\/posts\/46737","targetHints":{"allow":["GET"]}}],"collection":[{"href":"https:\/\/miradordeatarfe.es\/index.php?rest_route=\/wp\/v2\/posts"}],"about":[{"href":"https:\/\/miradordeatarfe.es\/index.php?rest_route=\/wp\/v2\/types\/post"}],"author":[{"embeddable":true,"href":"https:\/\/miradordeatarfe.es\/index.php?rest_route=\/wp\/v2\/users\/1"}],"replies":[{"embeddable":true,"href":"https:\/\/miradordeatarfe.es\/index.php?rest_route=%2Fwp%2Fv2%2Fcomments&post=46737"}],"version-history":[{"count":1,"href":"https:\/\/miradordeatarfe.es\/index.php?rest_route=\/wp\/v2\/posts\/46737\/revisions"}],"predecessor-version":[{"id":46739,"href":"https:\/\/miradordeatarfe.es\/index.php?rest_route=\/wp\/v2\/posts\/46737\/revisions\/46739"}],"wp:featuredmedia":[{"embeddable":true,"href":"https:\/\/miradordeatarfe.es\/index.php?rest_route=\/wp\/v2\/media\/46738"}],"wp:attachment":[{"href":"https:\/\/miradordeatarfe.es\/index.php?rest_route=%2Fwp%2Fv2%2Fmedia&parent=46737"}],"wp:term":[{"taxonomy":"category","embeddable":true,"href":"https:\/\/miradordeatarfe.es\/index.php?rest_route=%2Fwp%2Fv2%2Fcategories&post=46737"},{"taxonomy":"post_tag","embeddable":true,"href":"https:\/\/miradordeatarfe.es\/index.php?rest_route=%2Fwp%2Fv2%2Ftags&post=46737"}],"curies":[{"name":"wp","href":"https:\/\/api.w.org\/{rel}","templated":true}]}}