{"id":46741,"date":"2021-04-25T11:19:03","date_gmt":"2021-04-25T09:19:03","guid":{"rendered":"http:\/\/miradordeatarfe.es\/?p=46741"},"modified":"2021-09-22T19:32:33","modified_gmt":"2021-09-22T17:32:33","slug":"las-comas-en-su-sitio-por-jose-vaquero","status":"publish","type":"post","link":"https:\/\/miradordeatarfe.es\/?p=46741","title":{"rendered":"\u00abLAS COMAS, EN SU SITIO.\u00bb por Jos\u00e9 Vaquero"},"content":{"rendered":"<h3 style=\"text-align: justify;\"><span style=\"font-weight: 400;\">\u00a0Lamentablemente, cada vez usamos menos los signos de puntuaci\u00f3n. Es como una moda que nos invade. Nos encontramos, incluso en obras famosas, largos p\u00e1rrafos sin presencia de estos signos. <\/span><\/h3>\n<p style=\"text-align: justify;\"><span style=\"font-weight: 400;\">Y si pensamos en el lenguaje utilizado en los medios tecnol\u00f3gicos, principalmente el tel\u00e9fono m\u00f3vil, la situaci\u00f3n es mucho peor. Veamos la trascendencia que tienen estos caracteres gr\u00e1ficos, estudiando el empleo de uno de ellos, la coma. No ponerla, o colocarla en una u otra posici\u00f3n, puede variar totalmente el significado de la oraci\u00f3n.\u00a0<\/span><\/p>\n<p style=\"text-align: justify;\"><span style=\"font-weight: 400;\">\u00a0Su funci\u00f3n esencial es indicar pausas breves en el enunciado, pero tambi\u00e9n tiene otras finalidades, tales como separar elementos en una enumeraci\u00f3n (el hortelano sembraba pimientos, tomates, pepinos y calabacinos); encerrar elementos explicativos (Antonio, que estaba dando clase, explic\u00f3 el tema); no repetir el verbo en la misma acci\u00f3n reiterada con diversas personas u objetos (Jacinto trabajaba en el taller y Lucas, en la carpinter\u00eda); separar el vocativo (Yo quiero amarte, querida, como nadie te ha amado)\u2026<\/span><\/p>\n<p style=\"text-align: justify;\"><span style=\"font-weight: 400;\">\u00a0Advirtamos la importancia de poner la coma en su sitio, con unos cuantos ejemplos: No es lo mismo escribir \u201cno venga hoy al trabajo\u201d que \u201cno, venga hoy al trabajo\u201d o \u201cno queremos hacerle da\u00f1o\u201d que \u201cno, queremos hacerle da\u00f1o\u201d. Consideremos la frase \u201cSi el hombre supiera el valor que tiene, la mujer andar\u00eda obsesivamente en su b\u00fasqueda\u201d. Ahora, quitemos la coma tras la palabra \u201ctiene\u201d y pong\u00e1mosla tras \u201cmujer\u201d, \u00bfcambia el significado de la frase? Se cuenta en una an\u00e9cdota hist\u00f3rica atribuida al emperador Carlos V que, en una ocasi\u00f3n, le pasaron una sentencia para que la firmara. El veredicto dec\u00eda: \u201cPerd\u00f3n imposible, que cumpla su condena\u201d. El emperador, queriendo salvar la vida del infortunado, se mostr\u00f3 magn\u00e1nimo y antes de firmar, cambi\u00f3 de posici\u00f3n la coma, de modo que la nueva frase dec\u00eda: \u201cPerd\u00f3n, imposible que cumpla su condena\u201d. Con ello, salv\u00f3 la vida del condenado.<\/span><\/p>\n<p style=\"text-align: justify;\"><span style=\"font-weight: 400;\">Son frecuentes los gazapos period\u00edsticos en el uso de la coma. Vean el siguiente titular, extra\u00eddo de un peri\u00f3dico nacional, \u201cPablo Albor\u00e1n, reina en la m\u00fasica espa\u00f1ola\u201d. En este texto, la palabra \u201creina\u201d es un sustantivo y, por tanto, la coma no solo le habr\u00eda cambiado el sexo a Pablo, sino que lo habr\u00eda convertido en reina. Si lo que queremos, es expresar que Pablo es una estrella de la m\u00fasica, lo correcto hubiese sido no poner ninguna coma. Entonces \u201creina\u201d ser\u00eda la tercera persona del singular de un tiempo verbal. \u00a1Qu\u00e9 importante es la coma, que transforma hasta el significado de las palabras!<\/span><\/p>\n<p style=\"text-align: justify;\"><span style=\"font-weight: 400;\">Ojo, pues, donde ponemos las comas, porque, como dec\u00eda Julio Cort\u00e1zar, son las puertas giratorias del pensamiento.<\/span><\/p>\n","protected":false},"excerpt":{"rendered":"<p>\u00a0Lamentablemente, cada vez usamos menos los signos de puntuaci\u00f3n. Es como una moda que nos&#8230;<\/p>\n","protected":false},"author":1,"featured_media":46742,"comment_status":"closed","ping_status":"closed","sticky":false,"template":"","format":"standard","meta":{"_coblocks_attr":"","_coblocks_dimensions":"","_coblocks_responsive_height":"","_coblocks_accordion_ie_support":"","jetpack_post_was_ever_published":false,"_jetpack_newsletter_access":"","_jetpack_dont_email_post_to_subs":false,"_jetpack_newsletter_tier_id":0,"_jetpack_memberships_contains_paywalled_content":false,"_jetpack_memberships_contains_paid_content":false,"footnotes":"","jetpack_publicize_message":"","jetpack_publicize_feature_enabled":true,"jetpack_social_post_already_shared":false,"jetpack_social_options":{"image_generator_settings":{"template":"highway","default_image_id":0,"enabled":false},"version":2}},"categories":[1161,7926,44,6937,15],"tags":[8239,8240],"class_list":["post-46741","post","type-post","status-publish","format-standard","has-post-thumbnail","hentry","category-ciudadania","category-opinion-de-jose-vaquero","category-noticias-de-hoy","category-sociedad","category-ultimas-noticias","tag-comas","tag-signos-de-puntuacion"],"jetpack_publicize_connections":[],"jetpack_featured_media_url":"https:\/\/i0.wp.com\/miradordeatarfe.es\/wp-content\/uploads\/2021\/04\/escritura-1-e1581822648427.jpg?fit=800%2C416&ssl=1","jetpack_likes_enabled":true,"jetpack_sharing_enabled":true,"_links":{"self":[{"href":"https:\/\/miradordeatarfe.es\/index.php?rest_route=\/wp\/v2\/posts\/46741","targetHints":{"allow":["GET"]}}],"collection":[{"href":"https:\/\/miradordeatarfe.es\/index.php?rest_route=\/wp\/v2\/posts"}],"about":[{"href":"https:\/\/miradordeatarfe.es\/index.php?rest_route=\/wp\/v2\/types\/post"}],"author":[{"embeddable":true,"href":"https:\/\/miradordeatarfe.es\/index.php?rest_route=\/wp\/v2\/users\/1"}],"replies":[{"embeddable":true,"href":"https:\/\/miradordeatarfe.es\/index.php?rest_route=%2Fwp%2Fv2%2Fcomments&post=46741"}],"version-history":[{"count":1,"href":"https:\/\/miradordeatarfe.es\/index.php?rest_route=\/wp\/v2\/posts\/46741\/revisions"}],"predecessor-version":[{"id":46743,"href":"https:\/\/miradordeatarfe.es\/index.php?rest_route=\/wp\/v2\/posts\/46741\/revisions\/46743"}],"wp:featuredmedia":[{"embeddable":true,"href":"https:\/\/miradordeatarfe.es\/index.php?rest_route=\/wp\/v2\/media\/46742"}],"wp:attachment":[{"href":"https:\/\/miradordeatarfe.es\/index.php?rest_route=%2Fwp%2Fv2%2Fmedia&parent=46741"}],"wp:term":[{"taxonomy":"category","embeddable":true,"href":"https:\/\/miradordeatarfe.es\/index.php?rest_route=%2Fwp%2Fv2%2Fcategories&post=46741"},{"taxonomy":"post_tag","embeddable":true,"href":"https:\/\/miradordeatarfe.es\/index.php?rest_route=%2Fwp%2Fv2%2Ftags&post=46741"}],"curies":[{"name":"wp","href":"https:\/\/api.w.org\/{rel}","templated":true}]}}