{"id":46746,"date":"2021-04-25T09:19:59","date_gmt":"2021-04-25T07:19:59","guid":{"rendered":"http:\/\/miradordeatarfe.es\/?p=46746"},"modified":"2021-04-21T17:26:06","modified_gmt":"2021-04-21T15:26:06","slug":"una-cochera-solidaria-en-granada","status":"publish","type":"post","link":"https:\/\/miradordeatarfe.es\/?p=46746","title":{"rendered":"\u00abUna cochera solidaria en Granada\u00bb"},"content":{"rendered":"<header class=\"pg-head\">\n<h3 style=\"text-align: justify;\">Jos\u00e9 Guardia lleva un a\u00f1o repartiendo comida en su casa de <strong>Albolote<\/strong> a los perjudicados econ\u00f3micamente por la pandemia.Ha creado una asociaci\u00f3n que lleva su nombre y que gestiona con solo la ayuda de su esposa<\/h3>\n<\/header>\n<div class=\"gd\">\n<div class=\"gdu u16 u-first\">\n<div class=\"pg-body\">\n<div class=\"mce-body \">\n<p class=\"mce\" style=\"text-align: justify;\">Este hombre padece <strong class=\"mce\">solidaritis aguda<\/strong>. Le abres en canal y solo encuentras buenas intenciones. Es gen\u00e9tico. Lo ha heredado de su madre Lola, que hac\u00eda pucheros muy grandes para darle de comer a todos aquellas necesitados que pasaban por su casa del <strong class=\"mce\">Albaic\u00edn<\/strong>. \u00abTodos los pobres del barrio sab\u00edan que en mi casa hab\u00eda un plato de comida\u00bb, dice. \u00c9l se llama <strong class=\"mce\">Jos\u00e9 Guardia<\/strong>, ha creado una oeneg\u00e9 para \u00e9l solo y todos los jueves y viernes reparte en la cochera de su vivienda de Albolote alimentos para personas a las que el <strong class=\"mce\">Covid<\/strong> les ha hecho un roto en sus vidas.<\/p>\n<p class=\"mce\" style=\"text-align: justify;\">El d\u00eda en que voy a verlo le est\u00e1 dando alimentos a Marcela, que es de Pereira, la ciudad m\u00e1s cafetera de <strong class=\"mce\">Colombia<\/strong>. Marcela lleva dos a\u00f1os y medio en Granada. Vive con su marido y sus dos hijos. Tras el barbijo, se le adivina su sonrisa abierta de berraquera. Sus bellos ojos negros hacen juego con la mascarilla del mismo color. Ella estaba trabajando en la hosteler\u00eda, pero la pandemia le ha dejado en dique seco y sus hijos, en edad de crecer, comen m\u00e1s que un saba\u00f1\u00f3n. Por eso necesita de la intervenci\u00f3n de Pepe, que le da macarrones, que le da pollo, que le da jam\u00f3n, que le da leche fresca y que le da leche en polvo para hacer minisig\u00fci. Tambi\u00e9n le da verduras frescas del d\u00eda, menos apio, que en casa de Marcela no lo utilizan. Al despedirse de nosotros, Marcela parece buscar una respuesta en nuestros ojos extranjeros: \u00abSaldremos de esta, \u00bfno creen?\u00bb<\/p>\n<p class=\"mce\" style=\"text-align: justify;\">La cochera de Pepe est\u00e1 hasta arriba de alimentos. Dice que est\u00e1 intentando que el <strong class=\"mce\">Ayuntamiento de Albolote<\/strong> le ceda un espacio m\u00e1s grande, pero le han dicho algo as\u00ed como que espere, que la est\u00e1n peinando. Es como el <strong class=\"mce\">camarote de los hermanos Marx<\/strong>, pero con alimentos. As\u00ed que se tiene que apa\u00f1ar con lo que tiene. All\u00ed hay que entrar de canto porque casi todo el espacio se lo ha comido los pal\u00e9s con los productos que reparte. El coche, por supuesto, duerme en la calle.<\/p>\n<p class=\"mce\" style=\"text-align: justify;\">Despu\u00e9s de Marcela, Pepe Guardia atiende a <strong class=\"mce\">Bachir<\/strong>. Bachir procede del campo de refugiados saharauis de <strong class=\"mce\">D<\/strong>ajla, pero lleva veinti\u00fan a\u00f1os en Espa\u00f1a. La pandemia tambi\u00e9n lo ha dejado en el paro y con una familia a la que atender. Bachir est\u00e1 guardando el ramad\u00e1n y no puede comer mientras haya claros en el d\u00eda. Coge todo lo que se le ofrece, menos el trozo de jam\u00f3n que le pone Pepe encima de la mesa.<\/p>\n<p class=\"mce\" style=\"text-align: justify;\">\u2013\u00a1Jalufo no! \u2013exclama Bachir<\/p>\n<p class=\"mce\" style=\"text-align: justify;\">Y nos re\u00edmos los tres con la broma.<\/p>\n<p class=\"mce\" style=\"text-align: justify;\">\u2013Ha dado la casualidad de que los dos que han venido hasta ahora son inmigrantes, pero el noventa por ciento de las personas que atiendo son de aqu\u00ed, de Granada \u2013dice Pepe.<\/p>\n<h2 class=\"mce\" style=\"text-align: justify;\">Profesor en los maristas<\/h2>\n<p class=\"mce\" style=\"text-align: justify;\">Pepe sabe lo que es trabajar para los dem\u00e1s. Estuvo 42 a\u00f1os dando clases en<strong class=\"mce\"> Los Maristas de Granada<\/strong> y ha estado siete veces en pa\u00edses africanos practicando lo que \u00e9l mejor sabe: ayudar a los desfavorecidos. Ha trabajado con varias asociaciones humanitarias, pero al final, desde hace un a\u00f1o, atiende solo a la que \u00e9l ha puesto en marcha con su esposa Adelina. Prefiere hacerlo as\u00ed porque dice que ha estado en algunas en las que no todo lo que ha visto est\u00e1 claro. La oeneg\u00e9 que ha creado se llama &#8216;Asociaci\u00f3n Jos\u00e9 Guardia. Necesidades sin fronteras&#8217;. Eso pone en su camiseta.<\/p>\n<p class=\"mce\" style=\"text-align: justify;\">Jos\u00e9 est\u00e1 desde las diez de la ma\u00f1ana <strong class=\"mce\">repartiendo comida<\/strong>. A \u00e9l le llega del Banco de Alimentos y de colaboradores particulares que conoce y que le dan productos para que los reparta entre los necesitados. Hay empresas que le hacen m\u00e1s llevadera su tarea al aportarle pollos, leche o productos de la huerta como tomates, pepinos o calabacines. Me cuenta que en los dos d\u00edas a la semana reparte casi mil kilos de alimentos, de los que se benefician casi 40 familias. Unas ciento cincuenta personas.<\/p>\n<p class=\"mce\" style=\"text-align: justify;\">\u2013A veces practico el trueque. Si a m\u00ed me dan mucha carne y veo que me va a sobrar, se la doy a otras oeneg\u00e9s y ellas me dan a mi otras cosas.<\/p>\n<p class=\"mce\" style=\"text-align: justify;\">Pero es que adem\u00e1s de comida, Pepe Guardia les da conversaci\u00f3n y se interesa por la situaci\u00f3n de cada familia. E incluso les da recetas de c\u00f3mo <strong class=\"mce\">cocinar las lentejas o las alubias<\/strong>. Para evitar las colas o que haya m\u00e1s de un solicitante esperando, los cita a una hora determinada. Despu\u00e9s de darle los alimentos les piden que firmen en un papel y les hace una foto con la comida recibida. Su esposa Adelina, que ha trabajado de administrativa en el SAS, pasa los datos a un estadillo que luego env\u00eda a todos los colaboradores. Todo ello, con el fin de darle transparencia a su labor.<\/p>\n<p class=\"mce\" style=\"text-align: justify;\">Le pregunto a Pepe si hay personas a las que no les hace falta y que van a aprovecharse de la situaci\u00f3n. Me dice que s\u00ed, que siempre hay caraduras, pero que no es lo corriente.<\/p>\n<p class=\"mce\" style=\"text-align: justify;\">\u2013La mayor\u00eda de los que vienen es porque lo necesitan. Muchos, cuando encuentran trabajo, dejan de venir. De vez en cuando surge alguna persona que sigue viniendo a por comida a pesar de que ya tiene ingresos en su casa, pero son casos excepcionales.<\/p>\n<p class=\"mce\" style=\"text-align: justify;\">En la camiseta color butano de Pepe, en la parte de atr\u00e1s, hay un lema que dice <strong class=\"mce\">\u00abLa persona importante eres t\u00fa\u00bb<\/strong>. Y es que \u00e9l no desea protagonismos in\u00fatiles porque cree que son innecesarios en este tipo de actividad.<\/p>\n<p class=\"mce\" style=\"text-align: justify;\">\u2013Esto no es caridad, es solidaridad pura. Mucha gente viene m\u00e1s \u00e1vida de cari\u00f1o que de alimentos. Ojal\u00e1 un d\u00eda todas las oeneg\u00e9s del mundo desaparezcan, ser\u00eda la se\u00f1al de que se hab\u00edan acabado las necesidades en el mundo \u2013dice Pepe.<\/p>\n<p>FOTO: Jos\u00e9 Guardia, en su cochera <wbr><\/wbr> <span class=\"source\">A. C.<\/span><\/p>\n<p>https:\/\/www.granadahoy.com\/area_metropolitana\/cochera-solidaria-Granada_0_1566745638.html<\/p>\n<\/div>\n<\/div>\n<\/div>\n<\/div>\n","protected":false},"excerpt":{"rendered":"<p>Jos\u00e9 Guardia lleva un a\u00f1o repartiendo comida en su casa de Albolote a los perjudicados&#8230;<\/p>\n","protected":false},"author":1,"featured_media":46747,"comment_status":"closed","ping_status":"closed","sticky":false,"template":"","format":"standard","meta":{"_coblocks_attr":"","_coblocks_dimensions":"","_coblocks_responsive_height":"","_coblocks_accordion_ie_support":"","jetpack_post_was_ever_published":false,"_jetpack_newsletter_access":"","_jetpack_dont_email_post_to_subs":false,"_jetpack_newsletter_tier_id":0,"_jetpack_memberships_contains_paywalled_content":false,"_jetpack_memberships_contains_paid_content":false,"footnotes":"","jetpack_publicize_message":"","jetpack_publicize_feature_enabled":true,"jetpack_social_post_already_shared":false,"jetpack_social_options":{"image_generator_settings":{"template":"highway","default_image_id":0,"enabled":false},"version":2}},"categories":[44,6937,15,10],"tags":[1836,1864],"class_list":["post-46746","post","type-post","status-publish","format-standard","has-post-thumbnail","hentry","category-noticias-de-hoy","category-sociedad","category-ultimas-noticias","category-salud","tag-albolote","tag-solidaridad"],"jetpack_publicize_connections":[],"jetpack_featured_media_url":"https:\/\/i0.wp.com\/miradordeatarfe.es\/wp-content\/uploads\/2021\/04\/Jose-Guardia-cochera_1566754161_137413989_667x375.jpg?fit=667%2C375&ssl=1","jetpack_likes_enabled":true,"jetpack_sharing_enabled":true,"_links":{"self":[{"href":"https:\/\/miradordeatarfe.es\/index.php?rest_route=\/wp\/v2\/posts\/46746","targetHints":{"allow":["GET"]}}],"collection":[{"href":"https:\/\/miradordeatarfe.es\/index.php?rest_route=\/wp\/v2\/posts"}],"about":[{"href":"https:\/\/miradordeatarfe.es\/index.php?rest_route=\/wp\/v2\/types\/post"}],"author":[{"embeddable":true,"href":"https:\/\/miradordeatarfe.es\/index.php?rest_route=\/wp\/v2\/users\/1"}],"replies":[{"embeddable":true,"href":"https:\/\/miradordeatarfe.es\/index.php?rest_route=%2Fwp%2Fv2%2Fcomments&post=46746"}],"version-history":[{"count":1,"href":"https:\/\/miradordeatarfe.es\/index.php?rest_route=\/wp\/v2\/posts\/46746\/revisions"}],"predecessor-version":[{"id":46748,"href":"https:\/\/miradordeatarfe.es\/index.php?rest_route=\/wp\/v2\/posts\/46746\/revisions\/46748"}],"wp:featuredmedia":[{"embeddable":true,"href":"https:\/\/miradordeatarfe.es\/index.php?rest_route=\/wp\/v2\/media\/46747"}],"wp:attachment":[{"href":"https:\/\/miradordeatarfe.es\/index.php?rest_route=%2Fwp%2Fv2%2Fmedia&parent=46746"}],"wp:term":[{"taxonomy":"category","embeddable":true,"href":"https:\/\/miradordeatarfe.es\/index.php?rest_route=%2Fwp%2Fv2%2Fcategories&post=46746"},{"taxonomy":"post_tag","embeddable":true,"href":"https:\/\/miradordeatarfe.es\/index.php?rest_route=%2Fwp%2Fv2%2Ftags&post=46746"}],"curies":[{"name":"wp","href":"https:\/\/api.w.org\/{rel}","templated":true}]}}