{"id":46751,"date":"2021-04-25T10:05:13","date_gmt":"2021-04-25T08:05:13","guid":{"rendered":"http:\/\/miradordeatarfe.es\/?p=46751"},"modified":"2021-04-22T10:11:16","modified_gmt":"2021-04-22T08:11:16","slug":"mas-de-2-000-personas-se-han-presentado-al-casting-de-la-pelicula-secaderos-de-rocio-mesa-que-se-filmara-en-la-vega-de-granada","status":"publish","type":"post","link":"https:\/\/miradordeatarfe.es\/?p=46751","title":{"rendered":"M\u00e1s de 2.000 personas se han presentado al &#8216;casting&#8217; de la pel\u00edcula \u00abSecaderos\u00bb de Roc\u00edo Mesa, que se filmar\u00e1 en la Vega de Granada"},"content":{"rendered":"<h3 style=\"text-align: justify;\">La oficina de cine \u00abFilm in Granada\u00bb trabaja en tres pel\u00edculas y una serie que empiezan a rodarse esta semana<\/h3>\n<div class=\"cnt-body\">\n<div id=\"cuerpo_noticia_r\" class=\"cuerpo\">\n<p style=\"text-align: justify;\">La oficina provincial de cine y promoci\u00f3n de rodajes \u00abFilm in Granada\u00bb, creada hace menos de un a\u00f1o por la <strong>Diputaci\u00f3n de Granada<\/strong>, sigue sumando nuevos proyectos y comienza a dar sus primeros frutos. La oficina lleva meses colaborando en cuatro importantes producciones audiovisuales: tres pel\u00edculas y una serie de ficci\u00f3n. Todos los proyectos se rodar\u00e1n en Granada durante los pr\u00f3ximos meses y en todos ellos, Film in Granada est\u00e1 negociando con sus productores un porcentaje de contrataci\u00f3n de profesionales y empresas locales.<\/p>\n<p style=\"text-align: justify;\">La primera de las producciones es la pel\u00edcula \u00ab<strong>Secaderos\u00bb, dirigida por la cineasta granadina Roc\u00edo Mesa<\/strong> y producida por La Claqueta PC, la empresa andaluza que est\u00e1 detr\u00e1s de \u00e9xitos como \u00abLa Trinchera Infinita\u00bb. Film in Granada ha colaborado activamente en la organizaci\u00f3n del casting, al que se han presentado m\u00e1s de 2.000 granadinos en una primera fase online y de los que se han seleccionado a 150 personas, que est\u00e1n siendo entrevistadas esta semana en el Palacio de los Condes de Gabia, sede de la delegaci\u00f3n de Cultura y Memoria Hist\u00f3rica y Democr\u00e1tica.<\/p>\n<p style=\"text-align: justify;\">La vicepresidenta primera y diputada provincial de Cultura y Memoria Hist\u00f3rica y Democr\u00e1tica, F\u00e1tima G\u00f3mez, ha se\u00f1alado durante la presentaci\u00f3n del casting que \u00abSecaderos, como su propio nombre indica, es un proyecto muy granadino y muy vinculado a nuestra provincia\u00bb. G\u00f3mez ha recordado que Roc\u00edo Mesa es una granadina de Las Gabias y la directora de Casting, Marichu Sanz, es de La Zubia. \u00abEl elenco principal de la pel\u00edcula estar\u00e1 compuesto por actores y actrices granadinos no profesionales; y si el Covid lo permite, se rodar\u00e1 \u00edntegramente este verano en varios municipios de la Vega de Granada\u00bb, ha avanzado.<\/p>\n<p style=\"text-align: justify;\">Por su parte, <strong>Roc\u00edo Mesa<\/strong> ha manifestado que \u00abSecaderos es una pel\u00edcula que reflexiona acerca de nuestra relaci\u00f3n con el medio rural y c\u00f3mo un pueblo puede ser un lugar hermoso de expansi\u00f3n, un para\u00edso, y c\u00f3mo tambi\u00e9n en determinados momentos se te puede quedar peque\u00f1o y puedes desear marcharte y explorar lugares m\u00e1s grandes como la ciudad\u00bb. Los protagonistas, ha explicado, son un ni\u00f1o que pasa los veranos en el pueblo de sus abuelos y una adolescente que vive en uno de los pueblos de la Vega. Adem\u00e1s, toda la pel\u00edcula \u00abtranscurre a lo largo de un verano en el que observamos las diferentes vivencias de estos dos personajes, con un poquito de realismo m\u00e1gico\u00bb.<\/p>\n<p style=\"text-align: justify;\">En palabras de su directora, se trata de \u00abuna ficci\u00f3n que documenta, en donde la realidad y la ficci\u00f3n est\u00e1n mezcladas y que pretende capturar la idiosincrasia de la zona y en este sentido, me apetece mucho trabajar con actores no profesionales, que sea gente local, y transformarlos en los personajes de esta historia que he escrito y que est\u00e1 basada en mi propia tierra y experiencia\u00bb.<\/p>\n<p style=\"text-align: justify;\">Roc\u00edo Mesa ha asegurado que trabajan tambi\u00e9n en las localizaciones de la pel\u00edcula, \u00abviendo diferentes secaderos, casas, plazas y calles, haciendo una batida por toda la Vega granadina\u00bb.<\/p>\n<p style=\"text-align: justify;\">La directora de &#8216;casting&#8217; ha comentado que se ha seleccionado solo a 150 personas que cumplen los requisitos. \u00abEstamos muy contentos con los personajes que hemos encontrado porque son gente de la Vega que no tiene que actuar, que se comportan delante de la c\u00e1mara como son ellos mismos y est\u00e1 siendo un casting muy emocional, porque todos los d\u00edas nos enamoramos de algunos\u00bb, ha destacado.<\/p>\n<p style=\"text-align: justify;\">El proyecto \u00abSecaderos\u00bb ha participado en varios talleres internacionales como Sundance Mediterranean Screenwriters o Sources 2 y tiene previsto comenzar su rodaje en la Vega de Granada durante la segunda semana de agosto, con un equipo netamente andaluz.<\/p>\n<h2 class=\"ladillo\" style=\"text-align: justify;\">Una serie de Movistar, un documental y una comedia<\/h2>\n<p style=\"text-align: justify;\">De forma simult\u00e1nea, Film in Granada viene trabajando desde hace varios meses en un segundo proyecto que, casualmente, comienza su rodaje esta misma semana en Granada. Se trata de la segunda temporada de la serie \u00abLa Unidad\u00bb de Movistar, un thriller policiaco basado en el trabajo de una unidad de \u00e9lite de la Polic\u00eda Nacional especializada en terrorismo yihadista. Est\u00e1 dirigida por Dani de la Torre y protagonizada por Nathalie Poza, Luis Zahera y Fele Mart\u00ednez, entre otros.<\/p>\n<p style=\"text-align: justify;\">\u00abNuestra colaboraci\u00f3n en esta serie ha consistido en la b\u00fasqueda de localizaciones en la provincia, la gesti\u00f3n de permisos para las im\u00e1genes a\u00e9reas y finalmente, la contrataci\u00f3n de equipos locales, y hemos logrado que se rueden varias escenas en Granada y en la Costa y que se contraten a varios t\u00e9cnicos y empresas granadinas de nuestra Gu\u00eda Profesional, donde ya se han inscrito un centenar de profesionales\u00bb ha se\u00f1alado F\u00e1tima G\u00f3mez.<\/p>\n<p style=\"text-align: justify;\">Un tercer proyecto en el que tambi\u00e9n est\u00e1 colaborando Film in Granada y que comenzar\u00e1 a rodarse muy pronto es el largometraje documental \u00abLos constructores de la Alhambra\u00bb, que investiga los or\u00edgenes del monumento nazar\u00ed. Se trata de una coproducci\u00f3n internacional dirigida por Isabel Fern\u00e1ndez, que tiene una parte de ficci\u00f3n y otra documental y en la que la participan, adem\u00e1s de la Diputaci\u00f3n, el Patronato de la Alhambra y el Generalife, la Universidad de Granada y las cadenas de televisi\u00f3n ARTE, Al Jazeera, ORF y Televisi\u00f3n Espa\u00f1ola.<\/p>\n<p style=\"text-align: justify;\">Por \u00faltimo, un cuarto proyecto, a\u00fan en fase de pre-producci\u00f3n, es la pel\u00edcula \u00abEl Refugio\u00bb, una comedia familiar que se rodar\u00e1 en Sierra Nevada bajo la direcci\u00f3n de Macarena Astorga y la producci\u00f3n de \u00c1lvaro Ariza y Mar\u00eda Luisa Guti\u00e9rrez.<\/p>\n<h2 class=\"ladillo\" style=\"text-align: justify;\">Roc\u00edo Mesa, una cineasta granadina en LA<\/h2>\n<p style=\"text-align: justify;\">Roc\u00edo Mesa se licenci\u00f3 en Periodismo por la Facultad de Comunicaci\u00f3n de la Universidad de Sevilla. Ha trabajado para diversas productoras espa\u00f1olas y cadenas de televisi\u00f3n como directora y productora. En 2010, recibi\u00f3 una beca \u00abTalentia\u00bb de la Junta de Andaluc\u00eda para asistir al Programa de Cine Documental en la Academia de Cine de Nueva York en Los \u00c1ngeles. Desde entonces su vida profesional se ha desarrollado en los Estados Unidos, donde ha trabajado en edici\u00f3n y post-producci\u00f3n y como programadora asociada para Los \u00c1ngeles Film Festival.<\/p>\n<p style=\"text-align: justify;\">Es tambi\u00e9n la directora de &#8216;LA OLA &#8211; Independent Films From Spain&#8217;, una muestra itinerante del mejor cine contempor\u00e1neo espa\u00f1ol que se celebra en las ciudades de Los \u00c1ngeles, Nueva York y M\u00e9xico. En 2013 estren\u00f3 \u00abOrensanz\u00bb, su primer largometraje documental como directora, nominado a Mejor Documental en los Premios ASECAN de cine andaluz y seleccionado en festivales internacionales como el Festival de Cine Europeo de Sevilla, BAFICI o Alcances. En 2017 la revista Variety la nombr\u00f3 como \u00abuna de las 10 mujeres m\u00e1s prometedoras de la industria del Cine Espa\u00f1ol\u00bb.<\/p>\n<\/div>\n<\/div>\n<p>FOTO: Presentaci\u00f3n del rodaje de &#8216;Secaderos&#8217;, de Roc\u00edo Mesa, en la Diputaci\u00f3n de Granada \/ J. GROSSO (Diputaci\u00f3n de Granada)<\/p>\n<p>https:\/\/cadenaser.com\/emisora\/2021\/04\/19\/radio_granada\/1618833176_462253.html<\/p>\n","protected":false},"excerpt":{"rendered":"<p>La oficina de cine \u00abFilm in Granada\u00bb trabaja en tres pel\u00edculas y una serie que&#8230;<\/p>\n","protected":false},"author":1,"featured_media":46752,"comment_status":"closed","ping_status":"closed","sticky":false,"template":"","format":"standard","meta":{"_coblocks_attr":"","_coblocks_dimensions":"","_coblocks_responsive_height":"","_coblocks_accordion_ie_support":"","jetpack_post_was_ever_published":false,"_jetpack_newsletter_access":"","_jetpack_dont_email_post_to_subs":false,"_jetpack_newsletter_tier_id":0,"_jetpack_memberships_contains_paywalled_content":false,"_jetpack_memberships_contains_paid_content":false,"footnotes":"","jetpack_publicize_message":"","jetpack_publicize_feature_enabled":true,"jetpack_social_post_already_shared":false,"jetpack_social_options":{"image_generator_settings":{"template":"highway","default_image_id":0,"enabled":false},"version":2}},"categories":[12,1161,44,6937,15],"tags":[129,8090,8091],"class_list":["post-46751","post","type-post","status-publish","format-standard","has-post-thumbnail","hentry","category-cultura","category-ciudadania","category-noticias-de-hoy","category-sociedad","category-ultimas-noticias","tag-granada","tag-rocio-mesa","tag-secaderos"],"jetpack_publicize_connections":[],"jetpack_featured_media_url":"https:\/\/i0.wp.com\/miradordeatarfe.es\/wp-content\/uploads\/2021\/04\/1618833176_462253_1618833309_noticia_normal_recorte1.jpg?fit=1300%2C864&ssl=1","jetpack_likes_enabled":true,"jetpack_sharing_enabled":true,"_links":{"self":[{"href":"https:\/\/miradordeatarfe.es\/index.php?rest_route=\/wp\/v2\/posts\/46751","targetHints":{"allow":["GET"]}}],"collection":[{"href":"https:\/\/miradordeatarfe.es\/index.php?rest_route=\/wp\/v2\/posts"}],"about":[{"href":"https:\/\/miradordeatarfe.es\/index.php?rest_route=\/wp\/v2\/types\/post"}],"author":[{"embeddable":true,"href":"https:\/\/miradordeatarfe.es\/index.php?rest_route=\/wp\/v2\/users\/1"}],"replies":[{"embeddable":true,"href":"https:\/\/miradordeatarfe.es\/index.php?rest_route=%2Fwp%2Fv2%2Fcomments&post=46751"}],"version-history":[{"count":1,"href":"https:\/\/miradordeatarfe.es\/index.php?rest_route=\/wp\/v2\/posts\/46751\/revisions"}],"predecessor-version":[{"id":46753,"href":"https:\/\/miradordeatarfe.es\/index.php?rest_route=\/wp\/v2\/posts\/46751\/revisions\/46753"}],"wp:featuredmedia":[{"embeddable":true,"href":"https:\/\/miradordeatarfe.es\/index.php?rest_route=\/wp\/v2\/media\/46752"}],"wp:attachment":[{"href":"https:\/\/miradordeatarfe.es\/index.php?rest_route=%2Fwp%2Fv2%2Fmedia&parent=46751"}],"wp:term":[{"taxonomy":"category","embeddable":true,"href":"https:\/\/miradordeatarfe.es\/index.php?rest_route=%2Fwp%2Fv2%2Fcategories&post=46751"},{"taxonomy":"post_tag","embeddable":true,"href":"https:\/\/miradordeatarfe.es\/index.php?rest_route=%2Fwp%2Fv2%2Ftags&post=46751"}],"curies":[{"name":"wp","href":"https:\/\/api.w.org\/{rel}","templated":true}]}}