{"id":46775,"date":"2021-04-26T11:05:25","date_gmt":"2021-04-26T09:05:25","guid":{"rendered":"http:\/\/miradordeatarfe.es\/?p=46775"},"modified":"2021-09-22T18:57:13","modified_gmt":"2021-09-22T16:57:13","slug":"odio-por-remedios-sanchez","status":"publish","type":"post","link":"https:\/\/miradordeatarfe.es\/?p=46775","title":{"rendered":"\u00ab.ODIO\u00bb por Remedios S\u00e1nchez"},"content":{"rendered":"<h3 align=\"JUSTIFY\"><span style=\"font-family: Times New Roman, serif;\"><span style=\"font-size: medium;\"><span lang=\"es-ES\">Madrid liderando a una minor\u00eda que busca romper un modelo de pa\u00eds donde la clave de la convivencia es el respeto al que piensa diferente. Porque ah\u00ed estaba el l\u00edmite: en no perdernos el respeto.<\/span><\/span><\/span><\/h3>\n<p align=\"JUSTIFY\"><span style=\"font-family: Times New Roman, serif;\"><span style=\"font-size: medium;\"><span lang=\"es-ES\">Otra vez el ayer llama a la puerta, con su fondo en blanco y negro, con sus rictus de soberbia y su chuler\u00eda falangista inundando la limpieza heterodoxa de la democracia con esa traici\u00f3n al pueblo que le es tan propia. Otra vez la ultraderecha se ha echado al monte confundiendo cordilleras con precipicios, fuentes con riadas, luz primera de la ma\u00f1ana con fr\u00eda noche cerrada. Ya, del insulto, como si fuese lo l\u00f3gico, hemos pasado al env\u00edo de amenazas de muerte y balas al ministro Marlaska, al l\u00edder de Podemos, Pablo Iglesias, y a la Directora de la Guardia Civil, Mar\u00eda G\u00e1mez. No soy capaz de ponerme en la piel de esas personas o de sus familias; de atisbar siquiera su sentimiento de angustia o de frustraci\u00f3n al ver, adem\u00e1s, la ausencia de empat\u00eda de quien, desde una actitud reaccionaria, compite con ellos por alcanzar el apoyo de los sufragios para gobernar Madrid liderando a una minor\u00eda que busca romper un modelo de pa\u00eds donde la clave de la convivencia es el respeto al que piensa diferente. Porque ah\u00ed estaba el l\u00edmite: en no perdernos el respeto. <\/span><\/span><\/span><\/p>\n<p align=\"JUSTIFY\"><span style=\"font-family: Times New Roman, serif;\"><span style=\"font-size: medium;\"><span lang=\"es-ES\">Digo que estaba porque, el viernes, en un debate electoral en la cadena SER, hubo una se\u00f1ora a la que ni voy a nombrar, modelo de la radicalizaci\u00f3n que tanto da\u00f1o nos hace, ejemplo de que el Premio Reina Sof\u00eda Ra\u00fal Zurita acierta cuando afirma que \u201cla maldici\u00f3n no es el olvido.\/La maldici\u00f3n es recordar\/ lo que no quieres recordar\u201d. Porque nos ha recordado, oy\u00e9ndola hablar, otro tiempo ya lejano, una \u00e9poca de sangre y de fusiles, de lucha fratricida, de hermanos contra hermanos, de hijos contra padres, de destrucci\u00f3n y de rencor. Bastaba mirar su cara satisfecha, la sonrisa de esta mujer que imita tan bien a la anta\u00f1ona secci\u00f3n femenina que se siente de una raza superior a la de quien est\u00e1 sentado al lado, evidenciando exactamente qu\u00e9 ideolog\u00eda representa. Y ah\u00ed se agotaron las posibilidades de di\u00e1logo, con lo que los dem\u00f3cratas se levantaron de una mesa en la que era imposible debatir, por mucho que la moderadora, \u00c1ngels Barcel\u00f3 (tan criticada por unos y otros durante los \u00faltimos a\u00f1os, muestra clara de independencia period\u00edstica), intentara que fuesen las diferentes opiniones sobre c\u00f3mo gestionar la comunidad las que mantuviesen el protagonismo. No fue posible; la provocaci\u00f3n, el cinismo y el insulto de Vox, de los que bordean el abismo de nuestra Constituci\u00f3n como quien hace equilibrismos, era intolerable, dolorosamente inaceptable. Hoy, como el viernes, estoy con Pablo Iglesias, con \u00c1ngel Gabilondo, con M\u00f3nica Garc\u00eda, con todos los que aplican la coherencia de no querer sentarse con quien utiliza el insulto y usa caprichosamente la palabra libertad, con aquellos que cuelgan carteles cargados de mendacidad para movilizar a sus hooligans, a quienes no se paran a meditar sobre la perversi\u00f3n del mensaje que transmiten algunos. <\/span><\/span><\/span><\/p>\n<p align=\"JUSTIFY\"><span style=\"font-family: Times New Roman, serif;\"><span style=\"font-size: medium;\"><span lang=\"es-ES\">En Espa\u00f1a tenemos una historia que debiera servirnos de ejemplo para no repetir horrores padecidos, sufrimiento injustificado, fusilados con un tiro en la frente descansando en las cunetas cubiertos de amapolas y mastranzos. De algo debieran servirnos cuarenta a\u00f1os de silencio, dictadura, despotismo y maldad. Ahora, como escribiera nuestra Autora Cl\u00e1sica del A\u00f1o, Mariluz Escribano, hija de padre fusilado y madre represaliada, \u201cdespu\u00e9s de tantas lluvias\/ y atardeceres lentos\/ es tiempo de paz.\/ De paz y de memoria\u201d. Ojal\u00e1 no lo olvidemos.<\/span><\/span><\/span><\/p>\n","protected":false},"excerpt":{"rendered":"<p>Madrid liderando a una minor\u00eda que busca romper un modelo de pa\u00eds donde la clave&#8230;<\/p>\n","protected":false},"author":1,"featured_media":46776,"comment_status":"closed","ping_status":"closed","sticky":false,"template":"","format":"standard","meta":{"_coblocks_attr":"","_coblocks_dimensions":"","_coblocks_responsive_height":"","_coblocks_accordion_ie_support":"","jetpack_post_was_ever_published":false,"_jetpack_newsletter_access":"","_jetpack_dont_email_post_to_subs":false,"_jetpack_newsletter_tier_id":0,"_jetpack_memberships_contains_paywalled_content":false,"_jetpack_memberships_contains_paid_content":false,"footnotes":"","jetpack_publicize_message":"","jetpack_publicize_feature_enabled":true,"jetpack_social_post_already_shared":false,"jetpack_social_options":{"image_generator_settings":{"template":"highway","default_image_id":0,"enabled":false},"version":2}},"categories":[1161,44,7671,6914,15],"tags":[1206,8011,5518],"class_list":["post-46775","post","type-post","status-publish","format-standard","has-post-thumbnail","hentry","category-ciudadania","category-noticias-de-hoy","category-politica","category-opinion-de-reme-sanchez","category-ultimas-noticias","tag-madrid","tag-odio","tag-vox"],"jetpack_publicize_connections":[],"jetpack_featured_media_url":"https:\/\/i0.wp.com\/miradordeatarfe.es\/wp-content\/uploads\/2021\/04\/BALAS.jpg?fit=828%2C506&ssl=1","jetpack_likes_enabled":true,"jetpack_sharing_enabled":true,"_links":{"self":[{"href":"https:\/\/miradordeatarfe.es\/index.php?rest_route=\/wp\/v2\/posts\/46775","targetHints":{"allow":["GET"]}}],"collection":[{"href":"https:\/\/miradordeatarfe.es\/index.php?rest_route=\/wp\/v2\/posts"}],"about":[{"href":"https:\/\/miradordeatarfe.es\/index.php?rest_route=\/wp\/v2\/types\/post"}],"author":[{"embeddable":true,"href":"https:\/\/miradordeatarfe.es\/index.php?rest_route=\/wp\/v2\/users\/1"}],"replies":[{"embeddable":true,"href":"https:\/\/miradordeatarfe.es\/index.php?rest_route=%2Fwp%2Fv2%2Fcomments&post=46775"}],"version-history":[{"count":1,"href":"https:\/\/miradordeatarfe.es\/index.php?rest_route=\/wp\/v2\/posts\/46775\/revisions"}],"predecessor-version":[{"id":46777,"href":"https:\/\/miradordeatarfe.es\/index.php?rest_route=\/wp\/v2\/posts\/46775\/revisions\/46777"}],"wp:featuredmedia":[{"embeddable":true,"href":"https:\/\/miradordeatarfe.es\/index.php?rest_route=\/wp\/v2\/media\/46776"}],"wp:attachment":[{"href":"https:\/\/miradordeatarfe.es\/index.php?rest_route=%2Fwp%2Fv2%2Fmedia&parent=46775"}],"wp:term":[{"taxonomy":"category","embeddable":true,"href":"https:\/\/miradordeatarfe.es\/index.php?rest_route=%2Fwp%2Fv2%2Fcategories&post=46775"},{"taxonomy":"post_tag","embeddable":true,"href":"https:\/\/miradordeatarfe.es\/index.php?rest_route=%2Fwp%2Fv2%2Ftags&post=46775"}],"curies":[{"name":"wp","href":"https:\/\/api.w.org\/{rel}","templated":true}]}}