{"id":46778,"date":"2021-04-26T10:14:19","date_gmt":"2021-04-26T08:14:19","guid":{"rendered":"http:\/\/miradordeatarfe.es\/?p=46778"},"modified":"2021-04-24T17:21:24","modified_gmt":"2021-04-24T15:21:24","slug":"antonina-rodrigo-federico-garcia-lorca-es-una-maravilla-del-mundo","status":"publish","type":"post","link":"https:\/\/miradordeatarfe.es\/?p=46778","title":{"rendered":"Antonina Rodrigo: \u00abFederico Garc\u00eda Lorca es una maravilla del mundo\u00bb"},"content":{"rendered":"<div class=\"voc-detail-header\">\n<h3 style=\"text-align: justify;\">Valderrubio rindi\u00f3 homenaje a esta escritora e investigadora en el mismo patio de la vivienda donde Federico se inspir\u00f3 para escribir &#8216;La casa de Bernarda Alba&#8217;<\/h3>\n<div class=\"voc-author-timesocial\" style=\"text-align: justify;\">\n<div class=\"voc-author-social\">Dentro de un par de meses, el 19 de junio de 1936, se cumplir\u00e1n ochenta y cinco a\u00f1os desde que Federico Garc\u00eda Lorca pusiera el punto y final a una de las obras m\u00e1s importantes de la dramaturgia universal, &#8216;La casa de Bernarda Alba&#8217;.Ah\u00ed mismo, en la vivienda de Frasquita Alba en Valderrubio, en un acto cargado de emotividad y simbolismo, fue homenajeada ayer Antonina Rodrigo (Granada, 1935), <strong>una de las principales estudiosas de la vida y obra de Federico<\/strong>\u00a0y de algunos de los personajes que acompa\u00f1aron al poeta desde que naci\u00f3 en Fuente Vaqueros hasta que lo fusilaron en el barranco de V\u00edznar. \u00abFederico es una maravilla del mundo\u00bb, asegur\u00f3 en el transcurso de un emocionado discurso que se desarroll\u00f3 en el patio de la Casa, convertida en museo desde diciembre de 2018.<\/div>\n<\/div>\n<\/div>\n<figure class=\"voc-inner-figure\" style=\"text-align: justify;\">\n<div class=\"voc-height-auto\"><img data-recalc-dims=\"1\" decoding=\"async\" class=\"lazy\" src=\"https:\/\/i0.wp.com\/static2.ideal.es\/www\/multimedia\/202104\/24\/media\/cortadas\/antonina%20jorge%20%282%29-keCE-U140151762156NbC-624x385%40Ideal.jpg?w=640&#038;ssl=1\" alt=\"Varios retratos pict\u00f3ricos de Rodrigo en la exposici\u00f3n. \" data-original=\"\/\/static2.ideal.es\/www\/multimedia\/202104\/24\/media\/cortadas\/antonina%20jorge%20(2)-keCE-U140151762156NbC-624x385@Ideal.jpg\" \/><\/div><figcaption class=\"figure-caption\"><span class=\"voc-photo-caption\">Varios retratos pict\u00f3ricos de Rodrigo en la exposici\u00f3n. \/\u00a0<\/span><span class=\"voc-photo-author\">JORGE PASTOR<\/span><\/figcaption><\/figure>\n<p style=\"text-align: justify;\">Rodrigo glos\u00f3 la figura de Lorca y centr\u00f3 buena parte de su intervenci\u00f3n en Margarita Xirgu, la actriz para la que Federico escribi\u00f3 precisamente &#8216;La casa de Bernarda Alba&#8217;, de la que destac\u00f3 el papel de Adela \u2013la hija menor de Bernarda\u2013,\u00a0<strong>\u00aba trav\u00e9s de la cual Garc\u00eda Lorca nos dice que hemos de rebelarnos contra el patriarcado\u00bb<\/strong>. \u00abDesde entonces hemos dado un salto grande, pero no el salto definitivo\u00bb, se\u00f1al\u00f3 la escritora, una de las grandes adalides del feminismo en Espa\u00f1a. Rodrigo destac\u00f3 la figura de Xirgu pr\u00e1cticamente desde la infancia.<\/p>\n<div class=\"voc-photo-combo-three\" style=\"text-align: justify;\">\n<figure class=\"voc-figure-big\"><\/figure>\n<figure class=\"voc-figure-medium\"><\/figure>\n<figure class=\"voc-figure-small\"><\/figure>\n<p><span class=\"figure-caption\"><span class=\"voc-photo-caption\">Elementos que forman parte de la exposici\u00f3n. \/\u00a0<\/span><span class=\"voc-photo-author\">JORGE PASTOR<\/span><\/span><\/div>\n<p style=\"text-align: justify;\">La homenajeada explic\u00f3 que fue EduardoMarquina quien propici\u00f3 el primer encuentro entre Margarita Xirgu y Federico \u2013le pidi\u00f3 que lo recibiera\u2013 cuando Garc\u00edaLorca a\u00fan no hab\u00eda dado el gran salto con &#8216;El romancero gitano&#8217;. Fue en ese momento cuando el de Fuente Vaqueros le ofreci\u00f3 a Xirgu que fuera la protagonista de &#8216;Mariana Pineda&#8217;. \u00abYo s\u00e9 que usted no la va estrenar\u00bb, le coment\u00f3 Lorca. \u00ab\u00bfPor qu\u00e9 no?\u00bb, le respondi\u00f3 Xirgu.\u00a0<strong>\u00abY ah\u00ed comenz\u00f3 un flechazo que dur\u00f3 muchos a\u00f1os y el idilio de Federico con Catalu\u00f1a\u00bb<\/strong>, afirm\u00f3 Rodrigo, quien recalc\u00f3 lo mucho que se le quer\u00eda a ambos en Barcelona. \u00abCuando paseaban juntos por las Ramblas, la gente les lanzaba piropos y Xirgu recib\u00eda flores en el camerino todos los d\u00edas cuando representaba &#8216;Do\u00f1a Rosita la soltera&#8217;\u00bb.<\/p>\n<h3 style=\"text-align: justify;\">Pionera del feminismo<\/h3>\n<p style=\"text-align: justify;\">El alcalde de Valderrubio, Antonio Garc\u00eda Ramos, expres\u00f3 su satisfacci\u00f3n por celebrar el reconocimiento en \u00abeste escenario que inspir\u00f3 a Federico\u00bb, y se refiri\u00f3 a Rodrigo como \u00abpionera y referente de la lucha por la igualdad de las mujeres.\u00a0<strong>\u00abEres la que mejor representa a Adela, s\u00edmbolo de la libertad, que dijo basta y que rompi\u00f3 con la vara de mando de la sociedad de la \u00e9poca\u00bb<\/strong>, manifest\u00f3 el primer edil. Un acto que, en principio, estaba previsto que se desarrollara en abril de 2020, pero que tuvo que aplazarse un a\u00f1o debido a la pandemia, \u00aby se ha hecho coincidir con una fecha con tanto significado como el D\u00eda de Libro\u00bb.<\/p>\n<figure class=\"voc-inner-figure\" style=\"text-align: justify;\">\n<div class=\"voc-height-auto\"><img data-recalc-dims=\"1\" decoding=\"async\" class=\"lazy\" src=\"https:\/\/i0.wp.com\/static.ideal.es\/www\/multimedia\/202104\/24\/media\/cortadas\/antonina%20jorge%20%2810%29-keCE-U140151762156ETE-624x385%40Ideal.jpg?w=640&#038;ssl=1\" alt=\"Autoridades asistentes al acto. \" data-original=\"\/\/static.ideal.es\/www\/multimedia\/202104\/24\/media\/cortadas\/antonina%20jorge%20(10)-keCE-U140151762156ETE-624x385@Ideal.jpg\" \/><\/div><figcaption class=\"figure-caption\"><span class=\"voc-photo-caption\">Autoridades asistentes al acto. \/\u00a0<\/span><span class=\"voc-photo-author\">JORGE PASTOR<\/span><\/figcaption><\/figure>\n<p style=\"text-align: justify;\">El presidente de la Diputaci\u00f3n, Jos\u00e9 Entrena, hizo hincapi\u00e9 en la labor de investigaci\u00f3n realizada por Rodrigo sobre \u00abmujeres que son un ejemplo de dignidad para que formen parte de nuestra memoria colectiva\u00bb.\u00a0<strong>\u00abAdem\u00e1s \u2013dijo Entrena dirigi\u00e9ndose a Rodrigo\u2013 has realizado una enorme tarea para comprender lo que significa Garc\u00eda Lorca para las letras y para la cultura\u00bb<\/strong>. Respecto a la casa de Bernarda Alba, Entrena resalt\u00f3 que se trata de \u00abun equipamiento b\u00e1sico para la actividad cultural en Valderrubio\u00bb.<\/p>\n<p style=\"text-align: justify;\">\u00a0<\/p>\n<section class=\"voc-ficha-detail\">\n<div class=\"component-img-big\" style=\"text-align: justify;\">\n<div class=\"voc-gallery voc-photo-gallery\">\n<figure><img data-recalc-dims=\"1\" decoding=\"async\" class=\"lazy\" title=\"\" src=\"https:\/\/i0.wp.com\/static.ideal.es\/www\/multimedia\/202104\/24\/media\/cortadas\/antonina%20dipu%20%282%29-keCE-U1401517621568VF-532x325%40Ideal.jpg?w=640&#038;ssl=1\" alt=\"Rodrigo observa algunas de las fotos de la exposici\u00f3n. \/JORGE PASTOR\" data-original=\"\/\/static.ideal.es\/www\/multimedia\/202104\/24\/media\/cortadas\/antonina%20dipu%20(2)-keCE-U1401517621568VF-532x325@Ideal.jpg\" \/><\/figure>\n<p>Rodrigo observa algunas de las fotos de la exposici\u00f3n. \/<span class=\"voc-photo-author\">JORGE PASTOR<\/span><\/div>\n<\/div>\n<div class=\"voc-ficha-despiece\">\n<h5 style=\"text-align: justify;\">Exposici\u00f3n biogr\u00e1fica sobre Antonina Rodrigo, &#8216;la obrera de la pluma&#8217;<\/h5>\n<p style=\"text-align: justify;\">Tras recibir de manos del alcalde las llaves de &#8216;La casa de Bernarda Alba&#8217;, Antonina Rodrigo visit\u00f3 la exposici\u00f3n biogr\u00e1fica que se podr\u00e1 ver en la primera planta \u2013antiguo granero\u2013 de la vivienda de Frasquita Alba, en la que se inspir\u00f3 Garc\u00eda Lorca para escribir la obra de teatro en tres actos. La muestra se titula &#8216;Antonina Rodrigo, obrera de la pluma&#8217;. Entre todos los paneles que se pueden consultar, hay siete dedicados a los cuarenta y cuatro libros escritos por Rodrigo. Entre ellos, los que versan sobre mujeres silenciadas como la m\u00e9dica Amparo Poch y Gasc\u00f3n, la empresaria teatral Mar\u00eda Lej\u00e1rraga y Federica Montseny, considerada la primera ministra electa del continente europeo.<\/p>\n<p style=\"text-align: justify;\">Tambi\u00e9n es muy interesante el apartado dedicado a fotos de momentos imprescindibles en la vida de Rodrigo, como el discurso de entrada en la Academia de la Buenas Letras de Granada apadrinada por el periodista Eduardo Castro, el momento en que recibi\u00f3 el Pozo de Plata en el &#8216;Cinco a las cinco&#8217; de 2016, el homenaje a las v\u00edctimas del franquismo en V\u00edznar o esa instant\u00e1nea inolvidable acompa\u00f1ando a Rafael Alberti en una visita a Fuente Vaqueros en el a\u00f1o 1989.<\/p>\n<p style=\"text-align: justify;\">En una vitrina tambi\u00e9n se pueden observar reconocimientos de Antonina Rodrigo como la Cruz de San Jordi, que le concedieron en el a\u00f1o 2016 \u2013Rodrigo reside en Barcelona desde 1970\u2013, o la Medalla de Andaluc\u00eda en 2017.<\/p>\n<p style=\"text-align: justify;\">Francisco Sierra es el coordinador de &#8216;Antonina Rodrigo, la obrera de la pluma&#8217;. \u00abEl objetivo de esta exposici\u00f3n \u2013dijo\u2013 es poner en valor la trayectoria y el papel de una de las figuras centrales de la literatura feminista del siglo XX\u00bb.<\/p>\n<figure class=\"voc-main-figure \" style=\"text-align: justify;\"><figcaption class=\"figure-caption\"><span class=\"voc-photo-caption\"><a class=\"voc-author\" title=\"JORGE PASTOR\" href=\"https:\/\/www.ideal.es\/autor\/jorge-pastor-400.html\">JORGE PASTOR<\/a><\/p>\n<p>FOTO: Emotivo discurso ayer de Antonina Rodrigo en el patio de la casa de Bernarda Alba. \/ <\/span><span class=\"voc-photo-author\">JORGE PASTOR<br \/>\nhttps:\/\/www.ideal.es\/culturas\/antonina-rodrigo-federico-20210424175743-nt.html<br \/>\n<\/span><\/figcaption><\/figure>\n<div class=\"voc-author-timesocial\">\n<div class=\"voc-author-timesocial__voc-container-info-signature\">\n<figure class=\"voc-image-signature\"><\/figure>\n<div>\n<div class=\"voc-author-info\">\u00a0<\/div>\n<\/div>\n<\/div>\n<div class=\"voc-author-social\"><i class=\"voc-icons comment\"><\/i><i class=\"voc-icons facebook\"><\/i><i class=\"voc-icons twitter\"><\/i><input id=\"moreSocialMedia\" class=\"voc-input-media\" type=\"checkbox\" \/><\/div>\n<\/div>\n<\/div>\n<\/section>\n","protected":false},"excerpt":{"rendered":"<p>Valderrubio rindi\u00f3 homenaje a esta escritora e investigadora en el mismo patio de la vivienda&#8230;<\/p>\n","protected":false},"author":1,"featured_media":46779,"comment_status":"closed","ping_status":"closed","sticky":false,"template":"","format":"standard","meta":{"_coblocks_attr":"","_coblocks_dimensions":"","_coblocks_responsive_height":"","_coblocks_accordion_ie_support":"","jetpack_post_was_ever_published":false,"_jetpack_newsletter_access":"","_jetpack_dont_email_post_to_subs":false,"_jetpack_newsletter_tier_id":0,"_jetpack_memberships_contains_paywalled_content":false,"_jetpack_memberships_contains_paid_content":false,"footnotes":"","jetpack_publicize_message":"","jetpack_publicize_feature_enabled":true,"jetpack_social_post_already_shared":false,"jetpack_social_options":{"image_generator_settings":{"template":"highway","default_image_id":0,"enabled":false},"version":2}},"categories":[1161,14,44,7671,15],"tags":[487,2748,8245],"class_list":["post-46778","post","type-post","status-publish","format-standard","has-post-thumbnail","hentry","category-ciudadania","category-feminismo","category-noticias-de-hoy","category-politica","category-ultimas-noticias","tag-antonina-rodrigo","tag-homenaje","tag-obrera-de-la-pluma"],"jetpack_publicize_connections":[],"jetpack_featured_media_url":"https:\/\/i0.wp.com\/miradordeatarfe.es\/wp-content\/uploads\/2021\/04\/antonina-jorge-14-keCE-U140151762156DAD-624x385%40Ideal.jpg?fit=623%2C385&ssl=1","jetpack_likes_enabled":true,"jetpack_sharing_enabled":true,"_links":{"self":[{"href":"https:\/\/miradordeatarfe.es\/index.php?rest_route=\/wp\/v2\/posts\/46778","targetHints":{"allow":["GET"]}}],"collection":[{"href":"https:\/\/miradordeatarfe.es\/index.php?rest_route=\/wp\/v2\/posts"}],"about":[{"href":"https:\/\/miradordeatarfe.es\/index.php?rest_route=\/wp\/v2\/types\/post"}],"author":[{"embeddable":true,"href":"https:\/\/miradordeatarfe.es\/index.php?rest_route=\/wp\/v2\/users\/1"}],"replies":[{"embeddable":true,"href":"https:\/\/miradordeatarfe.es\/index.php?rest_route=%2Fwp%2Fv2%2Fcomments&post=46778"}],"version-history":[{"count":1,"href":"https:\/\/miradordeatarfe.es\/index.php?rest_route=\/wp\/v2\/posts\/46778\/revisions"}],"predecessor-version":[{"id":46780,"href":"https:\/\/miradordeatarfe.es\/index.php?rest_route=\/wp\/v2\/posts\/46778\/revisions\/46780"}],"wp:featuredmedia":[{"embeddable":true,"href":"https:\/\/miradordeatarfe.es\/index.php?rest_route=\/wp\/v2\/media\/46779"}],"wp:attachment":[{"href":"https:\/\/miradordeatarfe.es\/index.php?rest_route=%2Fwp%2Fv2%2Fmedia&parent=46778"}],"wp:term":[{"taxonomy":"category","embeddable":true,"href":"https:\/\/miradordeatarfe.es\/index.php?rest_route=%2Fwp%2Fv2%2Fcategories&post=46778"},{"taxonomy":"post_tag","embeddable":true,"href":"https:\/\/miradordeatarfe.es\/index.php?rest_route=%2Fwp%2Fv2%2Ftags&post=46778"}],"curies":[{"name":"wp","href":"https:\/\/api.w.org\/{rel}","templated":true}]}}