{"id":46791,"date":"2021-04-29T10:03:26","date_gmt":"2021-04-29T08:03:26","guid":{"rendered":"http:\/\/miradordeatarfe.es\/?p=46791"},"modified":"2021-04-25T19:42:18","modified_gmt":"2021-04-25T17:42:18","slug":"vacunas-y-pasaporte-de-vacunacion","status":"publish","type":"post","link":"https:\/\/miradordeatarfe.es\/?p=46791","title":{"rendered":"Vacunas y pasaporte de vacunaci\u00f3n"},"content":{"rendered":"<div class=\"aline-desktop-header\" data-type=\"ALineHeaderController\" data-rendering=\"ALineHeaderContainer\" data-selector=\"header\">\n<nav class=\"navigation desktop-only is-fixed\" data-selector=\"navigation\">\n<div class=\"constrained border-boxed\">\n<div class=\"flex__row\">\n<div class=\"flex__col\" data-type=\"ALineHeaderNavigationController\" data-rendering=\"ALineHeaderNavigationDesktop\" data-datasource=\"{E0DF5F86-A0A4-4539-A7F8-CFE86EE48FB2}\">\n<div class=\"flex__row navigation__pillarContainer\" data-selector=\"header-navigation\">\u00a0<\/div>\n<\/div>\n<\/div>\n<\/div>\n<\/nav>\n<\/div>\n<p><main id=\"main\" role=\"main\"><\/p>\n<div class=\"constrained\">\n<div class=\"\" data-type=\"ALineContentIntroController\" data-rendering=\"ContentTitle\">\n<div class=\"grid-wrap padding-top\">\n<div class=\"grid-col\">\n<h3 class=\"alpha\" data-selector=\"title\"><span style=\"font-size: 16px;\">Los usuarios, a favor, seg\u00fan la encuesta de OCU<\/span><\/h3>\n<\/div>\n<\/div>\n<\/div>\n<div class=\"grid-wrap\">\n<div class=\"grid-col grid-three-quarters\">\n<div class=\"\" data-type=\"ALineSectionRendererController\" data-rendering=\"SectionRenderer\" data-datasource=\"{32A3A74F-EE9F-475E-BF07-FA290DBCA64A}\">\n<div class=\"wysiwyg\" data-plugin=\"readMore\" data-plugin-settings=\"#readMoreSettings\">\n<div class=\"panel panel--secondary padding-large panel--fat-titles panel--fontsize-large\" data-selector=\"panel\">\n<div class=\"\" data-type=\"ALineContentIntroJournalisticController\" data-rendering=\"ContentIntroJournalistic\">\n<div class=\"content-lede__text\">\n<p>La campa\u00f1a de vacunaci\u00f3n est\u00e1 en marcha. No va tan r\u00e1pido como quisi\u00e9ramos, y est\u00e1 rodeada de pol\u00e9micas \u00bfCu\u00e1l es la percepci\u00f3n de los consumidores frente a las vacunas? \u00bfCu\u00e1les sus miedos, sus reticencias o preocupaciones? \u00bfQu\u00e9 piensan sobre las vacunas de AstraZeneca? \u00bfY sobre el anunciado pasaporte de vacunaci\u00f3n? Una encuesta nos permite conocer de primera mano la opini\u00f3n de los usuarios.<\/p>\n<\/div>\n<div class=\"content-lede__info grid-wrap grid-wrap--no-gutter\">\n<div class=\"grid-col grid-one-quarter\">Hace un par de meses, <a href=\"https:\/\/www.ocu.org\/salud\/medicamentos\/noticias\/encuesta-vacuna-covid\">OCU plante\u00f3 una encuesta sobre este tema<\/a>. Ahora, de nuevo queremos saber si los usuarios espa\u00f1oles se consideran bien informados, si est\u00e1n dispuestos a vacunarse, qu\u00e9 impacto tiene todo el revuelo planteado por la vacuna de AstraZeneca y<strong>\u00a0cu\u00e1l es su opini\u00f3n acerca del controvertido pasaporte de vacunaci\u00f3n<\/strong>,\u00a0 por lo que hemos encuestado a una muestra representativa de personas entre 18 y 74 a\u00f1os en los \u00faltimos d\u00edas de marzo de 2021. La misma encuesta se ha realizado, en paralelo en Italia, B\u00e9lgica y Portugal.<\/div>\n<\/div>\n<\/div>\n<div class=\"\" data-type=\"ALineParagraphController\" data-rendering=\"Paragraph\" data-datasource=\"{79D2C3EA-A712-4CA6-BA29-2D90E6F11FF0}\">\n<div class=\"wysiwyg\" data-selector=\"paragraph-content\">\n<h2>Usuarios \u00bfinformados?<\/h2>\n<p>No hay grandes cambios respecto al anterior sondeo en cuanto a la percepci\u00f3n sobre la informaci\u00f3n, que\u00a0<strong>en general no se considera suficiente<\/strong>, si bien aumenta ligeramente el n\u00famero de usuarios que se consideran bien informados, sobre todo en lo que se refiere a los efectos secundarios de las vacunas (un 10% m\u00e1s que hace unos meses), pero tambi\u00e9n, en menor medida (solo 2%) sobre la eficacia y la estrategia de vacunaci\u00f3n.<\/p>\n<h2>Dispuestos a vacunarnos<\/h2>\n<p>Sabemos que\u00a0<strong>8 de cada 10 usuarios<\/strong>\u00a0quer\u00eda vacunarse, y m\u00e1s de la mitad de los usuarios estaba dispuesto a hacerlo cuanto antes: esto no ha cambiado respecto a la anterior encuesta.<\/p>\n<p>De hecho, les preguntamos si estar\u00edan dispuestos a hacerlo si les avisaran para vacunarse la semana pr\u00f3xima, y un 52% dice que s\u00ed, sin ninguna duda, a los que se suma un 29% de encuestados que dice que probablemente s\u00ed.<\/p>\n<p>\u00a0<img data-recalc-dims=\"1\" decoding=\"async\" src=\"https:\/\/i0.wp.com\/www.ocu.org\/-\/media\/ocu\/images\/home\/salud\/medicamentos\/vacuna-covid-encuesta\/vacunacion_1.jpg?w=640&#038;ssl=1\" alt=\"dispuestos a vacunarse\" \/><\/p>\n<p>Por tanto,\u00a0<strong>la aceptaci\u00f3n de la vacunaci\u00f3n sigue siendo alta<\/strong>, y apenas ha variado respecto a la encuesta de enero.<\/p>\n<ul>\n<li>La edad es la variable que m\u00e1s influye en la predisposici\u00f3n a vacunarse. Los mayores de 50 a\u00f1os son los m\u00e1s proclives a vacunarse. Los menores de 30 a\u00f1os son\u00a0los que menos quieren vacunarse.<\/li>\n<li>Tambi\u00e9n la percepci\u00f3n de la informaci\u00f3n influye en la decisi\u00f3n de vacunarse o no: cuanto mejor informado se considera el ciudadano, m\u00e1s dispuesto est\u00e1 a recibir la vacunar cuanto antes.<\/li>\n<li>Espa\u00f1a es, despu\u00e9s de Portugal (85%), donde hay m\u00e1s aceptaci\u00f3n a la vacunaci\u00f3n. En Italia y B\u00e9lgica hay m\u00e1s reticencias.<\/li>\n<\/ul>\n<h3>\u00bfPor qu\u00e9 no quieres vacunarte?<\/h3>\n<p>Aun as\u00ed,\u00a0<strong>un 8% de los encuestados no est\u00e1 dispuesto en modo alguno a vacunarse, y otro 11% se muestra reticente<\/strong>\u00a0a la vacunaci\u00f3n y probablemente no estar\u00eda dispuesto a recibir la\u00a0<a href=\"https:\/\/www.ocu.org\/salud\/medicamentos\/informe\/vacuna-covid\">vacuna anti-COVID 19<\/a>.<\/p>\n<p>\u00bfLos motivos? Sobre todo el miedo a los posibles efectos secundarios, as\u00ed como la desconfianza que suscitan algunas vacunas o el proceso de desarrollo o aprobaci\u00f3n. Una cuarta parte de los que no se quieren vacunar creen que hay intereses ocultos en las vacunas. Una buena informaci\u00f3n ayudar\u00eda a aclarar las cosas.<\/p>\n<p><img data-recalc-dims=\"1\" decoding=\"async\" src=\"https:\/\/i0.wp.com\/www.ocu.org\/-\/media\/ocu\/images\/home\/salud\/medicamentos\/vacuna-covid-encuesta\/vacunacion_2.jpg?w=640&#038;ssl=1\" alt=\"motivos no vacunar\" \/>\u00a0<\/p>\n<h2>AstraZeneca: la vacuna de la pol\u00e9mica<\/h2>\n<p>La\u00a0<a href=\"https:\/\/www.ocu.org\/salud\/medicamentos\/informe\/vacuna-astrazeneca\">vacuna de AstraZeneca<\/a>\u00a0sigue rodeada de pol\u00e9mica, y est\u00e1 detr\u00e1s de muchas de las dudas de los consumidores, afectando mucho a la percepci\u00f3n de la poblaci\u00f3n. De hecho, comprobamos que son muchos m\u00e1s los que est\u00e1n altamente preocupados por los efectos de esta vacuna (el 39%) que por los que pudieran producir las dem\u00e1s, que es solo el 10%.<\/p>\n<p><img data-recalc-dims=\"1\" decoding=\"async\" src=\"https:\/\/i0.wp.com\/www.ocu.org\/-\/media\/ocu\/images\/home\/salud\/medicamentos\/vacuna-covid-encuesta\/vacunacion_3.jpg?w=640&#038;ssl=1\" alt=\"miedo efectos astrazeneca\" \/>\u00a0<\/p>\n<h3>\u00bfEs seguro vacunarse con AstraZeneca?\u00a0<\/h3>\n<p>Hace unas semanas, algunos pa\u00edses europeos suspendieron temporalmente la administraci\u00f3n de la esta vacuna AstraZeneca, tras notificarse algunos casos de trombos en algunas personas. La\u00a0<a href=\"https:\/\/www.ema.europa.eu\/en\" target=\"_blank\" rel=\"noopener noreferrer\">EMA (Agencia Europea del Medicamento)\u00a0<\/a>no recomend\u00f3 esa suspensi\u00f3n, y ha realizado una evaluaci\u00f3n m\u00e1s profunda de la que sigue concluyendo que la vacuna es segura, aunque efectivamente existe en algunos casos un riesgo, que debe notificarse como efecto adverso.<\/p>\n<p>Espa\u00f1a fue uno de los pa\u00edses que decidieron suspender esa vacunaci\u00f3n durante unos d\u00edas, ralentizando el proceso. Preguntamos a los encuestados si estaban de acuerdo con la decisi\u00f3n del Gobierno, y m\u00e1s de la mitad de los encuestados estaban bastante o muy de acuerdo.<\/p>\n<p><img data-recalc-dims=\"1\" decoding=\"async\" src=\"https:\/\/i0.wp.com\/www.ocu.org\/-\/media\/ocu\/images\/home\/salud\/medicamentos\/vacuna-covid-encuesta\/vacunacion_4.jpg?w=640&#038;ssl=1\" alt=\"de acuerdo astrazeneca\" \/>\u00a0<\/p>\n<p>Lo cierto es que\u00a0<strong>el 45% de los encuestados ha visto mermada su confianza en la organizaci\u00f3n del proceso de vacunaci\u00f3n debido a los \u00faltimos acontecimientos relacionados con esta vacuna<\/strong>, y es la seguridad de AstraZeneca el aspecto que m\u00e1s impacta negativamente en la confianza de la vacunaci\u00f3n.\u00a0De hecho, a ra\u00edz de la \u00faltima evaluaci\u00f3n de la Agencia Europea del Medicamento, el Gobierno espa\u00f1ol y las comunidades aut\u00f3nomas han acordado suspender temporalmente la administraci\u00f3n de esta vacuna a las personas menores de 60 a\u00f1os.<\/p>\n<h2>Pasaporte de vacunaci\u00f3n: 6 de cada 10 encuestados, a favor<\/h2>\n<p>La Comisi\u00f3n Europea ha propuesto recientemente crear un pasaporte de vacunaci\u00f3n para facilitar la libre circulaci\u00f3n de ciudadanos dentro de la Uni\u00f3n Europea. Esta es una medida pol\u00e9mica, pero en general los encuestados creen que puede ser positiva\u2026 pero tambi\u00e9n algo discriminatorio. En concreto:<\/p>\n<ul>\n<li>Un\u00a0<strong>61% de los encuestados piensan que la puesta en marcha del pasaporte de vacunaci\u00f3n ser\u00e1 un incentivo para animar a vacunarse<\/strong>\u00a0a aquellos que de otra manera no lo har\u00edan.<\/li>\n<li>Un\u00a0<strong>61% piensa que es una buena medida para poder moverse libremente de nuevo dentro de la Uni\u00f3n Europea<\/strong>. Un 42% piensa que ya no ser\u00edan necesarias pruebas adicionales para quienes lo tengan.<\/li>\n<li>Un\u00a0<strong>55%<\/strong>\u00a0considera que la puesta en marcha del pasaporte de vacunaci\u00f3n es una\u00a0<strong>buena medida para evitar la propagaci\u00f3n<\/strong>\u00a0de la enfermedad<\/li>\n<li>Un 44% opina que el pasaporte de vacunaci\u00f3n deber\u00eda solicitarse tambi\u00e9no para acceder a otro tipo de servicios como restaurantes, cines, gimnasios, discotecas, etc.<\/li>\n<li>No obstante, casi la mitad de los usuarios dicen estar preocupados porque los datos sobre salud registrados en el pasaporte de vacunaci\u00f3n pudieran ser usados para otros fines diferentes al control de la COVID-19<\/li>\n<li>Un\u00a0<strong>58%\u00a0<\/strong>de los encuestados consideran\u00a0que\u00a0<strong>el pasaporte de vacunaci\u00f3n crea una discriminaci\u00f3n injusta\u00a0<\/strong>entre los vacunados y los no vacunados (que necesitar\u00edan pagar por pruebas PCR o hacer cuarentena si desean moverse).<\/li>\n<li>En ese sentido,\u00a0<strong>un 66% cree que se deber\u00edan ofrecer pruebas PCR gratuitas a aquellos que no tuvieron la oportunidad de ser vacunados<\/strong>\u00a0para poder recibir el pasaporte de vacunaci\u00f3n.<\/li>\n<li>Y hablando de pruebas, 4 de cada 10 usuarios opina que el gobierno espa\u00f1ol deber\u00eda ofrecer una prueba PRC gratuita a los extranjeros que quieran pasar sus vacaciones en Espa\u00f1a durante el verano.<\/li>\n<\/ul>\n<h3>OCU pide medidas equitativas<\/h3>\n<p>En general, el 61% de los consumidores est\u00e1 a favor del pasaporte de vacunaci\u00f3n. A juicio de OCU,\u00a0<strong><a href=\"https:\/\/www.ocu.org\/organizacion\/prensa\/notas-de-prensa\/2021\/encuestapasaportevacunacion080421\" target=\"_blank\" rel=\"noopener noreferrer\">los ciudadanos de la Uni\u00f3n Europea deben tener un acceso equitativo a este pasaporte de vacunaci\u00f3n<\/a><\/strong>. Las restricciones deben ser no discriminatorias, coordinadas y proporcionadas.<\/p>\n<\/div>\n<\/div>\n<\/div>\n<\/div>\n<\/div>\n<\/div>\n<\/div>\n<\/div>\n<p><\/main><\/p>\n","protected":false},"excerpt":{"rendered":"<p>\u00a0 Los usuarios, a favor, seg\u00fan la encuesta de OCU La campa\u00f1a de vacunaci\u00f3n est\u00e1&#8230;<\/p>\n","protected":false},"author":1,"featured_media":46792,"comment_status":"closed","ping_status":"closed","sticky":false,"template":"","format":"standard","meta":{"_coblocks_attr":"","_coblocks_dimensions":"","_coblocks_responsive_height":"","_coblocks_accordion_ie_support":"","jetpack_post_was_ever_published":false,"_jetpack_newsletter_access":"","_jetpack_dont_email_post_to_subs":false,"_jetpack_newsletter_tier_id":0,"_jetpack_memberships_contains_paywalled_content":false,"_jetpack_memberships_contains_paid_content":false,"footnotes":"","jetpack_publicize_message":"","jetpack_publicize_feature_enabled":true,"jetpack_social_post_already_shared":false,"jetpack_social_options":{"image_generator_settings":{"template":"highway","default_image_id":0,"enabled":false},"version":2}},"categories":[44,15,10],"tags":[8249,804],"class_list":["post-46791","post","type-post","status-publish","format-standard","has-post-thumbnail","hentry","category-noticias-de-hoy","category-ultimas-noticias","category-salud","tag-pasaporte-de-vacunas","tag-vacunas"],"jetpack_publicize_connections":[],"jetpack_featured_media_url":"https:\/\/i0.wp.com\/miradordeatarfe.es\/wp-content\/uploads\/2021\/04\/VACUNA-1.jpg?fit=1300%2C1117&ssl=1","jetpack_likes_enabled":true,"jetpack_sharing_enabled":true,"_links":{"self":[{"href":"https:\/\/miradordeatarfe.es\/index.php?rest_route=\/wp\/v2\/posts\/46791","targetHints":{"allow":["GET"]}}],"collection":[{"href":"https:\/\/miradordeatarfe.es\/index.php?rest_route=\/wp\/v2\/posts"}],"about":[{"href":"https:\/\/miradordeatarfe.es\/index.php?rest_route=\/wp\/v2\/types\/post"}],"author":[{"embeddable":true,"href":"https:\/\/miradordeatarfe.es\/index.php?rest_route=\/wp\/v2\/users\/1"}],"replies":[{"embeddable":true,"href":"https:\/\/miradordeatarfe.es\/index.php?rest_route=%2Fwp%2Fv2%2Fcomments&post=46791"}],"version-history":[{"count":1,"href":"https:\/\/miradordeatarfe.es\/index.php?rest_route=\/wp\/v2\/posts\/46791\/revisions"}],"predecessor-version":[{"id":46793,"href":"https:\/\/miradordeatarfe.es\/index.php?rest_route=\/wp\/v2\/posts\/46791\/revisions\/46793"}],"wp:featuredmedia":[{"embeddable":true,"href":"https:\/\/miradordeatarfe.es\/index.php?rest_route=\/wp\/v2\/media\/46792"}],"wp:attachment":[{"href":"https:\/\/miradordeatarfe.es\/index.php?rest_route=%2Fwp%2Fv2%2Fmedia&parent=46791"}],"wp:term":[{"taxonomy":"category","embeddable":true,"href":"https:\/\/miradordeatarfe.es\/index.php?rest_route=%2Fwp%2Fv2%2Fcategories&post=46791"},{"taxonomy":"post_tag","embeddable":true,"href":"https:\/\/miradordeatarfe.es\/index.php?rest_route=%2Fwp%2Fv2%2Ftags&post=46791"}],"curies":[{"name":"wp","href":"https:\/\/api.w.org\/{rel}","templated":true}]}}