{"id":46798,"date":"2021-04-27T09:45:52","date_gmt":"2021-04-27T07:45:52","guid":{"rendered":"http:\/\/miradordeatarfe.es\/?p=46798"},"modified":"2021-04-26T19:34:21","modified_gmt":"2021-04-26T17:34:21","slug":"el-atarfe-sigue-en-la-pelea-por-el-ascenso-5-0","status":"publish","type":"post","link":"https:\/\/miradordeatarfe.es\/?p=46798","title":{"rendered":"El Atarfe sigue en la pelea por el ascenso, 5-0"},"content":{"rendered":"<h4 style=\"text-align: justify;\">Los atarfe\u00f1os golean al Churriana y siguen so\u00f1ando con llegar a la segunda plaza.<\/h4>\n<div class=\"bloque_big_izda\">\n<div class=\"foto\" style=\"text-align: justify;\">\n<div class=\"piefotobig\">El Atarfe vuelve a la senda de la victoria tras golear al Churriana, en un partido dominado de principio a fin por los verdiblancos, que no concedieron ninguna opci\u00f3n ni concesi\u00f3n a los malague\u00f1os, a los que le pes\u00f3 en demas\u00eda un 2-0 en contra a los 25 minutos..<\/div>\n<\/div>\n<p style=\"text-align: justify;\">Era, a priori, el partido ideal para volver a engancharse porque el Churriana llegaba con nulas opciones al ser el \u00faltimo clasificado y porque el Atarfe no pod\u00eda permitirse otro tropiezo. Por eso sali\u00f3 lanzado y decidido, el cuadro dirigido por Jes\u00fas Sierra para resolver por la v\u00eda r\u00e1pida. Con goles de Malano, al rematar de cabeza un c\u00f3rner en el minuto 9 y de Diego tras picar el bal\u00f3n sobre la s\u00e1lida de Ra\u00fal, en una gran acci\u00f3n de Malano con robo y pase en el minuto 24. Duro golpe para el Churriana, que solo con un centro chut de Heredia logr\u00f3 poner cerco a la meta de Dar\u00edo en toda la primera parte. Incluso si Ortega hubiese estado m\u00e1s atinado ya al descanso la diferencia pudo ser m\u00e1s amplia.<\/p>\n<p style=\"text-align: justify;\">Si que atin\u00f3 el 7 del Atarfe nada m\u00e1s arrancar la segunda parte, una buena acci\u00f3n por la derecha, tras centro de \u00c1lex Cabello es culminada por \u00c1lex Ortega en el segundo palo para conectar con la cabeza y hacer el tercero, con fallo incluido del meta Ra\u00fal, que no calcu\u00b4\u00b4o bien y no vio llegar al delantero en el segundo palo. Al Churriana solo le qued\u00f3 rendirse ante el evidente dominio local y tratar de acabar con la m\u00e1xima dignidad el partido, que poco a poco se fue convirtiendo en un suplicio para ellos con el paso de los minutos. Los atarfe\u00f1os consiguieron dos nuevos goles obra de Mole\u00f3n y Malano, en donde el equipo de Jes\u00fas Sierra cerr\u00f3 con goleada y cierta placidez una victoria para seguir so\u00f1ando y recuperar algo de terreno perdido. A los atarfe\u00f1os le quedan tres finales si quiere llegar a alcanzar la segunda plaza.<\/p>\n<div class=\"foto\" style=\"text-align: justify;\">\u00a0<strong>ATARFE INDUSTRIAL CF:<\/strong>\u00a0Dar\u00edo, \u00c1lex, Marcos Toro (Guille 70&#8242;), Najib, Chavo (Dani Gonz\u00e1lez 61&#8242;), Mole\u00f3n, \u00c1lex Ortega (Juan 61&#8242;), Juanma (Fran Moreno 70&#8242;), Malano, Adri Vegas (Manu Amaya 70&#8242;) y Diego (G\u00e1lvez 61&#8242;)<\/div>\n<p style=\"text-align: justify;\"><strong>CLUB DEPORTIVO CHURRIANA:\u00a0<\/strong>Ra\u00fal Ram\u00edrez (Marcos 69&#8242;), Adri\u00e1n (Ale 46&#8242;), Sufi\u00e1n, Miguelito (Mateo 65&#8242;), \u00c1lvaro (Jony 58&#8242;), \u00d3scar, Adri, Requena, Heredia (Echeverr\u00eda 46&#8242;), Moha (Hurtado 46&#8242;) y Tete<\/p>\n<p style=\"text-align: justify;\"><b>GOLES<\/b>: 1-0, Malano (9&#8242;); 2-0, Diego (24&#8242;); 3-0, \u00c1lex Ortega (49&#8242;); 4-0, Mole\u00f3n (55&#8242;); 5-0, Malano (70&#8242;);<\/p>\n<p style=\"text-align: justify;\"><b>\u00c1RBITRO<\/b>: Banu, Mircea Mihai (Almer\u00eda). Amonest\u00f3 por los locales a Fran Moreno y por los visitantes a Diego Quir\u00f3s, Sufi\u00e1n, Miguelito, Hurtado. Expuls\u00f3 por los visitantes a Tete (Doble amarilla 84&#8242;).<\/p>\n<p style=\"text-align: justify;\"><strong>INCIDENCIAS<\/strong>: Encuentro disputado en el Municipal de Atarfe. Sin p\u00fablico.<\/p>\n<h6 style=\"text-align: justify;\">JES\u00daS ROSILLO \/ ATARFE | 25 DE ABRIL DE 2021<\/h6>\n<div class=\"foto\">\n<div class=\"piefotobig\" style=\"text-align: justify;\">FOTO: El Atarfe quiere seguir peleando por el ascenso (JOS\u00c9 M. BALDOMERO)<\/div>\n<\/div>\n<\/div>\n","protected":false},"excerpt":{"rendered":"<p>Los atarfe\u00f1os golean al Churriana y siguen so\u00f1ando con llegar a la segunda plaza. El&#8230;<\/p>\n","protected":false},"author":1,"featured_media":46799,"comment_status":"closed","ping_status":"closed","sticky":false,"template":"","format":"standard","meta":{"_coblocks_attr":"","_coblocks_dimensions":"","_coblocks_responsive_height":"","_coblocks_accordion_ie_support":"","jetpack_post_was_ever_published":false,"_jetpack_newsletter_access":"","_jetpack_dont_email_post_to_subs":false,"_jetpack_newsletter_tier_id":0,"_jetpack_memberships_contains_paywalled_content":false,"_jetpack_memberships_contains_paid_content":false,"footnotes":"","jetpack_publicize_message":"","jetpack_publicize_feature_enabled":true,"jetpack_social_post_already_shared":false,"jetpack_social_options":{"image_generator_settings":{"template":"highway","default_image_id":0,"enabled":false},"version":2}},"categories":[182,44,15],"tags":[81,123,666],"class_list":["post-46798","post","type-post","status-publish","format-standard","has-post-thumbnail","hentry","category-deportes","category-noticias-de-hoy","category-ultimas-noticias","tag-atarfe","tag-deportes","tag-futbol"],"jetpack_publicize_connections":[],"jetpack_featured_media_url":"https:\/\/i0.wp.com\/miradordeatarfe.es\/wp-content\/uploads\/2021\/04\/imagen43543_1_ppal.jpg?fit=450%2C298&ssl=1","jetpack_likes_enabled":true,"jetpack_sharing_enabled":true,"_links":{"self":[{"href":"https:\/\/miradordeatarfe.es\/index.php?rest_route=\/wp\/v2\/posts\/46798","targetHints":{"allow":["GET"]}}],"collection":[{"href":"https:\/\/miradordeatarfe.es\/index.php?rest_route=\/wp\/v2\/posts"}],"about":[{"href":"https:\/\/miradordeatarfe.es\/index.php?rest_route=\/wp\/v2\/types\/post"}],"author":[{"embeddable":true,"href":"https:\/\/miradordeatarfe.es\/index.php?rest_route=\/wp\/v2\/users\/1"}],"replies":[{"embeddable":true,"href":"https:\/\/miradordeatarfe.es\/index.php?rest_route=%2Fwp%2Fv2%2Fcomments&post=46798"}],"version-history":[{"count":1,"href":"https:\/\/miradordeatarfe.es\/index.php?rest_route=\/wp\/v2\/posts\/46798\/revisions"}],"predecessor-version":[{"id":46800,"href":"https:\/\/miradordeatarfe.es\/index.php?rest_route=\/wp\/v2\/posts\/46798\/revisions\/46800"}],"wp:featuredmedia":[{"embeddable":true,"href":"https:\/\/miradordeatarfe.es\/index.php?rest_route=\/wp\/v2\/media\/46799"}],"wp:attachment":[{"href":"https:\/\/miradordeatarfe.es\/index.php?rest_route=%2Fwp%2Fv2%2Fmedia&parent=46798"}],"wp:term":[{"taxonomy":"category","embeddable":true,"href":"https:\/\/miradordeatarfe.es\/index.php?rest_route=%2Fwp%2Fv2%2Fcategories&post=46798"},{"taxonomy":"post_tag","embeddable":true,"href":"https:\/\/miradordeatarfe.es\/index.php?rest_route=%2Fwp%2Fv2%2Ftags&post=46798"}],"curies":[{"name":"wp","href":"https:\/\/api.w.org\/{rel}","templated":true}]}}