{"id":46812,"date":"2021-04-26T08:30:22","date_gmt":"2021-04-26T06:30:22","guid":{"rendered":"http:\/\/miradordeatarfe.es\/?p=46812"},"modified":"2021-04-25T19:41:55","modified_gmt":"2021-04-25T17:41:55","slug":"atarfe-informacion-municipal-13","status":"publish","type":"post","link":"https:\/\/miradordeatarfe.es\/?p=46812","title":{"rendered":"ATARFE: INFORMACI\u00d3N MUNICIPAL"},"content":{"rendered":"<div class=\"kvgmc6g5 cxmmr5t8 oygrvhab hcukyx3x c1et5uql ii04i59q\">\n<h3 dir=\"auto\"><strong>FINALIZADAS LAS OBRAS DE REMODELACI\u00d3N DE LA PLAZA DEL AYUNTAMIENTO<\/strong><\/h3>\n<div dir=\"auto\">\u00a0<\/div>\n<\/div>\n<div class=\"o9v6fnle cxmmr5t8 oygrvhab hcukyx3x c1et5uql ii04i59q\">\n<div dir=\"auto\">Esta obra ejecutada con un PFEA ordinario ha tenido como objetivo la eliminaci\u00f3n de las barreras arquitect\u00f3nicas para favorecer la movilidad y la adaptaci\u00f3n, resultando un mayor espacio para disfrute de los Atarfe\u00f1os y Atarfe\u00f1as.<\/div>\n<\/div>\n<div class=\"o9v6fnle cxmmr5t8 oygrvhab hcukyx3x c1et5uql ii04i59q\">\n<div dir=\"auto\">A partir de ahora, la Plaza del Ayuntamiento estar\u00e1 presidida por uno de los emblemas de la historia de nuestro Pueblo, el caballo de Ataifor, encontrado en restos de cer\u00e1mica de la ciudad de Medina Elvira.<\/div>\n<div dir=\"auto\"><a href=\"https:\/\/i0.wp.com\/miradordeatarfe.es\/wp-content\/uploads\/2021\/04\/176337483_4056370871093419_2885658275180987658_n.jpg?ssl=1\"><img data-recalc-dims=\"1\" loading=\"lazy\" decoding=\"async\" class=\"alignnone wp-image-46814 \" src=\"https:\/\/i0.wp.com\/miradordeatarfe.es\/wp-content\/uploads\/2021\/04\/176337483_4056370871093419_2885658275180987658_n.jpg?resize=640%2C480&#038;ssl=1\" alt=\"\" width=\"640\" height=\"480\" srcset=\"https:\/\/i0.wp.com\/miradordeatarfe.es\/wp-content\/uploads\/2021\/04\/176337483_4056370871093419_2885658275180987658_n.jpg?w=600&amp;ssl=1 600w, https:\/\/i0.wp.com\/miradordeatarfe.es\/wp-content\/uploads\/2021\/04\/176337483_4056370871093419_2885658275180987658_n.jpg?resize=300%2C225&amp;ssl=1 300w\" sizes=\"auto, (max-width: 640px) 100vw, 640px\" \/><\/a><\/div>\n<\/div>\n<h2 dir=\"auto\"><strong>CAMBIO DE FECHA DEL TALLER: \u00abM\u00daSICA EN DIRECTO: TODOS LOS SECRETOS\u00bb<\/strong><\/h2>\n<p dir=\"auto\">\nLa Concejal\u00eda de Juventud organiza el Taller \u00abM\u00fasica en Directo: Todos los Secretos\u00bb el pr\u00f3ximo 26 de Abril a las 20:00 horas en el Espacio Joven de Atarfe, realizado por de F\u00e1tima P\u00e9rez y Javier Huertas.<\/p>\n<p>El objetivo es acercar a la poblaci\u00f3n joven atarfe\u00f1a a la m\u00fasica y dar grandes claves sobre todos los elementos que no se aprecian a primera vista durante una actuaci\u00f3n en vivo y que son necesarios para su correcto funcionamiento. Desde la preparaci\u00f3n de los temas, hasta la puesta en escena del grupo, los instrumentos necesarios y las luces y sonido.<\/p>\n<p>M\u00e1s informaci\u00f3n y inscripci\u00f3n:<\/p>\n<p><strong>676484703<\/strong><br \/>\njuventud@atarfe.es<br \/>\n<a class=\"oajrlxb2 g5ia77u1 qu0x051f esr5mh6w e9989ue4 r7d6kgcz rq0escxv nhd2j8a9 nc684nl6 p7hjln8o kvgmc6g5 cxmmr5t8 oygrvhab hcukyx3x jb3vyjys rz4wbd8a qt6c0cv9 a8nywdso i1ao9s8h esuyzwwr f1sip0of lzcic4wl py34i1dx gpro0wi8\" tabindex=\"0\" role=\"link\" href=\"https:\/\/l.facebook.com\/l.php?u=http%3A%2F%2Fwww.atarfe.es%2Fmusica-en-directo%3Ffbclid%3DIwAR3afguFtcZtAtNx-iAtgEkMS6pl9jWILkGa_gGot9VxTEQfUKCWNOBinpQ&amp;h=AT3lyXBazvvqWXEWQpkcuoLvFKK6AhlCqUeEQ_rSqV4dhb01wK2LVtz5PZoEVx6tNpyOV11yoDBRngcbw2EPNLoDzoHAPlagxMETiE_1v3B888PxkoD1CX5VR5twQzwWHQ&amp;__tn__=-UK*F&amp;c[0]=AT3Zuzz5Xdj0E7bKT8G3HG3VHdYqZY4zjYQE8E3OUz1W59Fxx2UhBoY9CSoc_SSN-Jnp_KEYCXeFdtig476tK7M6RbWFNZH37khORYuQ45844oVvLZ4QdDWwN6EEDH5r-e7cx3fznrJf2BUyO4cTzM63FGJYmVPfOSDqaSc-_IgKkyI\" target=\"_blank\" rel=\"nofollow noopener\">www.atarfe.es\/musica-en-directo<\/a><\/p>\n<p dir=\"auto\"><a href=\"https:\/\/i0.wp.com\/miradordeatarfe.es\/wp-content\/uploads\/2021\/04\/176234213_4055919667805206_5683516478986568204_n.jpg?ssl=1\"><img data-recalc-dims=\"1\" loading=\"lazy\" decoding=\"async\" class=\"alignnone wp-image-46815 \" src=\"https:\/\/i0.wp.com\/miradordeatarfe.es\/wp-content\/uploads\/2021\/04\/176234213_4055919667805206_5683516478986568204_n.jpg?resize=640%2C905&#038;ssl=1\" alt=\"\" width=\"640\" height=\"905\" srcset=\"https:\/\/i0.wp.com\/miradordeatarfe.es\/wp-content\/uploads\/2021\/04\/176234213_4055919667805206_5683516478986568204_n.jpg?w=600&amp;ssl=1 600w, https:\/\/i0.wp.com\/miradordeatarfe.es\/wp-content\/uploads\/2021\/04\/176234213_4055919667805206_5683516478986568204_n.jpg?resize=212%2C300&amp;ssl=1 212w\" sizes=\"auto, (max-width: 640px) 100vw, 640px\" \/><\/a><\/p>\n","protected":false},"excerpt":{"rendered":"<p>FINALIZADAS LAS OBRAS DE REMODELACI\u00d3N DE LA PLAZA DEL AYUNTAMIENTO \u00a0 Esta obra ejecutada con&#8230;<\/p>\n","protected":false},"author":1,"featured_media":46816,"comment_status":"closed","ping_status":"closed","sticky":false,"template":"","format":"standard","meta":{"_coblocks_attr":"","_coblocks_dimensions":"","_coblocks_responsive_height":"","_coblocks_accordion_ie_support":"","jetpack_post_was_ever_published":false,"_jetpack_newsletter_access":"","_jetpack_dont_email_post_to_subs":false,"_jetpack_newsletter_tier_id":0,"_jetpack_memberships_contains_paywalled_content":false,"_jetpack_memberships_contains_paid_content":false,"footnotes":"","jetpack_publicize_message":"","jetpack_publicize_feature_enabled":true,"jetpack_social_post_already_shared":false,"jetpack_social_options":{"image_generator_settings":{"template":"highway","default_image_id":0,"enabled":false},"version":2}},"categories":[2,6916,186,44,15],"tags":[8180],"class_list":["post-46812","post","type-post","status-publish","format-standard","has-post-thumbnail","hentry","category-atarfe","category-ayuntamiento-de-atarfe","category-instituciones","category-noticias-de-hoy","category-ultimas-noticias","tag-informacion-municipal"],"jetpack_publicize_connections":[],"jetpack_featured_media_url":"https:\/\/i0.wp.com\/miradordeatarfe.es\/wp-content\/uploads\/2021\/04\/condolencias.jpg?fit=600%2C400&ssl=1","jetpack_likes_enabled":true,"jetpack_sharing_enabled":true,"_links":{"self":[{"href":"https:\/\/miradordeatarfe.es\/index.php?rest_route=\/wp\/v2\/posts\/46812","targetHints":{"allow":["GET"]}}],"collection":[{"href":"https:\/\/miradordeatarfe.es\/index.php?rest_route=\/wp\/v2\/posts"}],"about":[{"href":"https:\/\/miradordeatarfe.es\/index.php?rest_route=\/wp\/v2\/types\/post"}],"author":[{"embeddable":true,"href":"https:\/\/miradordeatarfe.es\/index.php?rest_route=\/wp\/v2\/users\/1"}],"replies":[{"embeddable":true,"href":"https:\/\/miradordeatarfe.es\/index.php?rest_route=%2Fwp%2Fv2%2Fcomments&post=46812"}],"version-history":[{"count":1,"href":"https:\/\/miradordeatarfe.es\/index.php?rest_route=\/wp\/v2\/posts\/46812\/revisions"}],"predecessor-version":[{"id":46817,"href":"https:\/\/miradordeatarfe.es\/index.php?rest_route=\/wp\/v2\/posts\/46812\/revisions\/46817"}],"wp:featuredmedia":[{"embeddable":true,"href":"https:\/\/miradordeatarfe.es\/index.php?rest_route=\/wp\/v2\/media\/46816"}],"wp:attachment":[{"href":"https:\/\/miradordeatarfe.es\/index.php?rest_route=%2Fwp%2Fv2%2Fmedia&parent=46812"}],"wp:term":[{"taxonomy":"category","embeddable":true,"href":"https:\/\/miradordeatarfe.es\/index.php?rest_route=%2Fwp%2Fv2%2Fcategories&post=46812"},{"taxonomy":"post_tag","embeddable":true,"href":"https:\/\/miradordeatarfe.es\/index.php?rest_route=%2Fwp%2Fv2%2Ftags&post=46812"}],"curies":[{"name":"wp","href":"https:\/\/api.w.org\/{rel}","templated":true}]}}