{"id":46822,"date":"2021-04-29T10:35:29","date_gmt":"2021-04-29T08:35:29","guid":{"rendered":"http:\/\/miradordeatarfe.es\/?p=46822"},"modified":"2021-04-25T20:00:52","modified_gmt":"2021-04-25T18:00:52","slug":"volveremos-a-viajar-como-antes","status":"publish","type":"post","link":"https:\/\/miradordeatarfe.es\/?p=46822","title":{"rendered":"\u00bfVolveremos a viajar como antes?"},"content":{"rendered":"<div class=\"voc-detail\" data-voc-share-selection=\"\">\n<div class=\"voc-detail-header\">\n<h3 class=\"voc-reportage voc-reportage-plus\" style=\"text-align: justify;\"><span style=\"font-size: 16px;\">La pandemia ha echado el freno a los trotamundos, que se ven &#8216;atados&#8217; y sue\u00f1an con futuras escapadas<\/span><\/h3>\n<figure class=\"voc-main-figure voc-reportage\" style=\"text-align: justify;\"><\/figure>\n<div class=\"voc-author-timesocial\" style=\"text-align: justify;\">El verano se nos ha escapado ya entre las manos. Y ha sido uno de los menos &#8216;viajeros&#8217; de los \u00faltimos tiempos. La pandemia ha atado en corto a los trotamundos, que han tenido que aprender a disfrutar de lo cercano. Unos lo han llevado bien \u2013y hasta les han visto la gracia a destinos modestos y reconfortantes en medio de tanta incertidumbre\u2013, pero otros se han tomado francamente mal lo de no ver lugares nuevos, no poder visitar pa\u00edses lejanos&#8230; en definitiva, no tener la libertad de anta\u00f1o para ver mundo. Qu\u00e9 duro tener que guardar el pasaporte en un caj\u00f3n hasta&#8230; \u00a1Dios sabe cu\u00e1ndo! Para colmo, no es que no sepamos cu\u00e1ndo volveremos a poder hacer la mochila, es que ni siquiera sabemos si, tras este par\u00f3n, viajar volver\u00e1 a ser lo mismo. La mayor\u00eda de los expertos creen que no.<\/div>\n<\/div>\n<\/div>\n<div class=\"col-xs-12 col-sm-12 col-md-8 col-lg-8\">\n<div class=\"voc-detail voc-detail-grid\" data-voc-share-selection=\"\">\n<p style=\"text-align: justify;\">Antes de la llegada del coronavirus, el 26% de los espa\u00f1oles cog\u00eda al menos un vuelo por ocio al a\u00f1o \u2013y un 18% realizaba m\u00e1s de dos\u2013, seg\u00fan una encuesta realizada para la agencia Wavemaker, especialista en marketing y h\u00e1bitos de consumo. Pero, debido al virus, el miedo a trasladarse en veh\u00edculos junto a personas desconocidas ha crecido a pesar de los esfuerzos de las compa\u00f1\u00edas a\u00e9reas por transmitir seguridad con protocolos de movimiento de pasajeros, mascarillas, gel hidroalc\u00f3holico e incluso, en algunos casos, la posibilidad de hacerse la prueba del Covid horas antes de embarcar. Hasta estudian incluir un extra en vuelos transoce\u00e1nicos: comprar un billete con el asiento central libre. Pero ni as\u00ed. S\u00f3lo un 18% de los encuestados afirm\u00f3 que iba a realizar unas vacaciones al extranjero (la mayor\u00eda, en avi\u00f3n) en los pr\u00f3ximos meses, seg\u00fan datos de la organizaci\u00f3n GWI. Esto supone una ca\u00edda del 26% respecto al a\u00f1o anterior.<\/p>\n<p style=\"text-align: justify;\">De hecho, seg\u00fan este mismo estudio, de comportamiento y h\u00e1bitos de los consumidores post-Covid, el 20% no saldr\u00e1 de su comunidad en un a\u00f1o y un 24% ni siquiera tiene planeado irse de vacaciones. Prefieren esperar. \u00abAquellos que retrasaron sus decisiones de viaje por la pandemia son quienes en mayor medida priorizar\u00e1n irse de viaje cuando se den condiciones m\u00e1s favorables, por delante de otras decisiones que tambi\u00e9n se pospusieron como comprar ropa o un tel\u00e9fono m\u00f3vil\u00bb, explica Jes\u00fas Olivares, director de Investigaci\u00f3n de Wavemaker.<\/p>\n<p style=\"text-align: justify;\">UN PAR DE DATOS<\/p>\n<dl>\n<dt>18%:\u00a0es el porcentaje de personas que tienen previsto coger un avi\u00f3n por motivos de ocio en el pr\u00f3ximo a\u00f1o.<\/dt>\n<dt>24%: es el promedio de espa\u00f1oles que ni siquiera tiene previsto irse de vacaciones.<\/dt>\n<\/dl>\n<p style=\"text-align: justify;\">Al fin y al cabo, a lo largo de la Historia no ha habido desastre natural, guerra o crisis que haya podido terminar con el af\u00e1n viajero del ser humano. Otra cosa es cu\u00e1nto tiempo tardar\u00e1 en volver la &#8216;normalidad&#8217; a este \u00e1mbito y c\u00f3mo lo llevar\u00e1n quienes consideran que viajar es una parte fundamental de sus vidas. \u00abMuchos de mis pacientes usan los viajes como forma de escape, pero otros lo hacen para retomar fuerzas, para hacer cambios en su vida o para reflexionar desde la distancia\u00bb, argumenta el psic\u00f3logo Buenaventura del Charco, quien matiza que \u00abtener momentos de escape no es malo, el problema es instalarnos en esa actitud\u00bb. \u00abPero entiendo que mucha gente que se dice a s\u00ed misma que necesita viajar se sienta encerrada\u00bb, apunta. Por eso, seg\u00fan aconseja, ahora es el momento de analizar por qu\u00e9 nos cuesta dejar de viajar. \u00bfSuplimos alguna carencia haciendo kil\u00f3metros?<\/p>\n<p style=\"text-align: justify;\">Casi todos, en mayor o menor medida, somos un poco &#8216;yonquis&#8217; de los viajes. Si no regresamos a casa tras unas vacaciones con experiencias nuevas que recordar en los duros meses de trabajo, parece que nos falta algo. Tal y como explica el psic\u00f3logo, viajar se ha cargado socialmente de connotaciones positivas \u2013aprendizaje, descubrimiento, entretenimiento, socializaci\u00f3n, relajaci\u00f3n\u2013 y se ha situado como una actividad \u00abpr\u00e1cticamente imprescindible\u00bb. De hecho, sostiene la tesis de que muchas veces se viaja ya \u00abpara exhibir ante los dem\u00e1s las experiencias vividas\u00bb. Seg\u00fan apunta, el 57% de usuarios de los pisos tur\u00edsticos Airbnb eligen su alojamiento pensando en si quedar\u00e1 bien en las fotos.<\/p>\n<h3 style=\"text-align: justify;\">Sostenibles y respetuosos<\/h3>\n<p style=\"text-align: justify;\">A estas personas el par\u00f3n les resulta angustioso. Y a\u00fan m\u00e1s a las aut\u00e9nticas almas viajeras, \u00abque dividen su existencia entre el tiempo que pasan trabajando y planificando y sus escapadas\u00bb, indica Del Charco.<\/p>\n<p style=\"text-align: justify;\">Para unos y otros, \u00bfviajar volver\u00e1 a ser lo mismo tras la pandemia? A juicio de Tony Wheeler, uno de los grandes popes de los viajes y fundador de las famosas gu\u00edas Lonely Planet, este par\u00e9ntesis forzoso va a cambiar las cosas. Para \u00e9l, que ha visto los desmanes del turismo en algunos destinos bell\u00edsimos, los viajes pospandemia ser\u00e1n m\u00e1s sostenibles y respetuosos, puesto que hemos aprendido a vivir con restricciones. Y tambi\u00e9n m\u00e1s solidarios con las culturas locales, cuya fragilidad ha quedado m\u00e1s que expuesta en esta pandemia. Seg\u00fan afirma, volveremos a viajar, lo que siempre ha hecho al ser humano \u00abm\u00e1s inteligente, emp\u00e1tico, culto y solidario\u00bb. Pero \u00bfc\u00f3mo lo retomaremos? Wheeler lo tiene claro: \u00abDespacito\u00bb. \u00abNo vamos a abrir de golpe las puertas de par en par y regresar al mundo previo a la pandemia. Al principio los viajes ser\u00e1n principalmente de \u00e1mbito local, porque nuestra confianza no dar\u00e1 para alejarnos. Incluso cuando se reanuden los viajes internacionales, los vuelos intercontinentales no ser\u00e1n la norma durante bastante tiempo. Se habla de las &#8216;vacaciones de proximidad&#8217; y los viajes por carretera como los primeros pasos que se dar\u00e1n\u00bb.<\/p>\n<div class=\"voc-title-article\" style=\"text-align: justify;\"><strong>Tony Wheeler. Fundador de las gu\u00edas Lonely Planet\u00abEmpiezo a pensar que morir\u00e9 con una lista de viajes pendientes demasiado larga\u00bb<\/strong><\/div>\n<p style=\"text-align: justify;\">Tras 40 a\u00f1os viajando por todo el mundo sin cesar, ha tenido que parar, como todos. Pero el fundador de las m\u00edticas gu\u00edas Lonely Planet \u2013que publica ahora &#8216;En defensa del viaje&#8217; en la colecci\u00f3n de ensayos de GeoPlaneta\u2013 ha descubierto en su casa de Melbourne el placer de disfrutar m\u00e1s de su \u00faltima nieta, de observar la naturaleza cercana y de reflexionar sobre el futuro de los viajes.<\/p>\n<p style=\"text-align: justify;\"><strong>\u2013\u00bfVolveremos a viajar alguna vez como lo hac\u00edamos antes?<\/strong><\/p>\n<p style=\"text-align: justify;\">\u2013Me parece que nuestra manera de viajar puede volverse muy diferente. Sigo pensando que el a\u00f1o que viene empezaremos de nuevo, pero a lo mejor no, a lo mejor todo cambia, igual que ahora decimos &#8216;el a\u00f1o que viene&#8217; cuando hace poco dec\u00edamos &#8216;el mes que viene&#8217;.<\/p>\n<p style=\"text-align: justify;\"><strong>\u2013Usted ha viajado sin parar durante 40 a\u00f1os. El coronavirus le habr\u00e1 obligado a parar.<\/strong><\/p>\n<p style=\"text-align: justify;\">\u2013Hac\u00eda mucho, mucho tiempo que no estaba parado durante un periodo tan largo. Creo que es peor todav\u00eda aqu\u00ed en Australia, porque ni siquiera nos permiten abandonar el pa\u00eds. En Europa, pese a todos los problemas y restricciones, la gente sigue viajando.<\/p>\n<p style=\"text-align: justify;\"><strong>\u2013\u00bfCu\u00e1l fue su \u00faltimo viaje?<\/strong><\/p>\n<p style=\"text-align: justify;\">\u2013Hice tres viajes justo antes de que el coronavirus cerrase la puerta de golpe. El primero fue en Australia, con unos amigos: alquilamos una casa en la playa cerca de Hobart y ve\u00edamos c\u00f3mo entraban y sal\u00edan los cruceros. Despu\u00e9s estuve en Jap\u00f3n, en una conferencia universitaria acerca del &#8216;sobreturismo&#8217;: estuvimos discutiendo sobre c\u00f3mo Barcelona era una de las ubicaciones clave de este fen\u00f3meno. Y, mira, hemos resuelto el problema: ahora mismo ya no hay &#8216;sobreturismo&#8217;. Finalmente, estuve en la isla de Socotra, en Yemen. Fue un viaje maravilloso que deber\u00eda haber durado una semana, pero termin\u00f3 de repente a los cinco d\u00edas, cuando explot\u00f3 el desastre del coronavirus y tuve que marcharme r\u00e1pidamente para no quedarme atrapado.<\/p>\n<p style=\"text-align: justify;\"><strong>\u2013\u00bfSe ha quedado prendado de alg\u00fan lugar?<\/strong><\/p>\n<p style=\"text-align: justify;\">\u2013\u00a1De muchos! \u00a1Y he tenido mucho tiempo para pensarlo mientras estaba confinado! Una de las cosas que he estado haciendo es repasar mis diapositivas, de cuando us\u00e1bamos pel\u00edcula en lugar de hacer fotos digitales. Acabo de revisar las fotos de &#8216;treks&#8217; por Nepal: el campo base del Everest, que es asombroso, una excursi\u00f3n estupenda; el circuito del Annapurna, uno de los mejores recorridos del mundo, y el circuito de Helambu, que lo hicimos con amigos. Hab\u00eda ni\u00f1os de entre 6 y 12 a\u00f1os que caminaron durante una semana \u00a1y les pareci\u00f3 maravilloso! Creemos que los ni\u00f1os solo quieren andar hacia la tele y nos equivocamos.<\/p>\n<p style=\"text-align: justify;\"><strong>\u2013\u00bfSue\u00f1a con visitar alg\u00fan lugar que le quede pendiente?<\/strong><\/p>\n<p style=\"text-align: justify;\">\u2013\u00a1Demasiados! Ahora mismo estoy empezando a pensar que voy a abandonar este mundo con una lista de deseos pendientes demasiado larga. \u00a1Queremos ir vaci\u00e1ndola! Estaba a punto de irme a Paraguay y Uruguay cuando todo se par\u00f3. \u00a1A ver si puedo cuando volvamos a arrancar!<\/p>\n<p style=\"text-align: justify;\"><strong>\u2013\u00bfAlg\u00fan lugar de Espa\u00f1a que le guste especialmente?<\/strong><\/p>\n<p style=\"text-align: justify;\">\u2013\u00a1Me gusta todo! He disfrutado mucho viajando por Extremadura, una regi\u00f3n alucinante, y hace poco he le\u00eddo que es la menos visitada de Espa\u00f1a. A lo mejor por eso me gust\u00f3 tanto.<\/p>\n<p style=\"text-align: justify;\"><strong>\u2013\u00bfPor qu\u00e9 debemos viajar?<\/strong><\/p>\n<p style=\"text-align: justify;\">\u2013Porque es como llegamos a conocer a otras personas. Si no, nos limitamos a leer sobre ellos o verlos en nuestras pantallas. Cuando viajamos, nos encontramos con ellos.<\/p>\n<section class=\"voc-ficha-detail\">\n<div class=\"voc-ficha-despiece\">\n<h5 style=\"text-align: justify;\">Burbujas de viaje y corredores seguros&#8230; \u00bfel futuro?<\/h5>\n<p style=\"text-align: justify;\">Los turistas, cuando finalice la pandemia, estar\u00e1n recelosos. Evitar\u00e1n destinos peligrosos. Los pa\u00edses, tampoco querr\u00e1n abrir sus fronteras a personas de ciertos lugares. Seg\u00fan Wheeler, se crear\u00e1n &#8216;burbujas de viaje&#8217;, una especie de pactos entre pa\u00edses que se consideran seguros mutuamente. De hecho, indica, ya ha pasado. \u00abLos estados b\u00e1lticos europeos (Estonia, Letonia y Lituania, que lidiaron bastante bien con el virus) formaron una burbuja b\u00e1ltica. En el \u00e1mbito de la Uni\u00f3n Europea tambi\u00e9n se plantearon la creaci\u00f3n de burbujas \u2013explica\u2013. Aparte de burbujas de viaje, si pretendemos cubrir distancias m\u00e1s largas, hablaremos adem\u00e1s de &#8216;puentes a\u00e9reos&#8217; o \u00abcorredores\u00bb, rutas para ir de un pa\u00eds a otro sin hacer por el camino paradas en un tercer pa\u00eds con el acceso restringido\u00bb.<\/p>\n<figure class=\"voc-main-figure voc-reportage\">\n<div class=\"voc-height-auto\" style=\"text-align: justify;\">\u00a0<\/div><figcaption class=\"figure-caption\"><a class=\"voc-author\" title=\"SOLANGE V\u00c1ZQUEZ\" href=\"https:\/\/www.ideal.es\/autor\/solange-vazquez-932.html\">SOLANGE V\u00c1ZQUEZ<\/a><\/p>\n<p>FOTO: <span class=\"voc-photo-author\">RA\u00daL CANALES<\/p>\n<p>https:\/\/www.ideal.es\/vivir\/ocio\/volveremos-viajar-20200921184957-ntrc.html<br \/>\n<\/span><\/figcaption><\/figure>\n<\/div>\n<\/section>\n<\/div>\n<\/div>\n","protected":false},"excerpt":{"rendered":"<p>La pandemia ha echado el freno a los trotamundos, que se ven &#8216;atados&#8217; y sue\u00f1an&#8230;<\/p>\n","protected":false},"author":1,"featured_media":46823,"comment_status":"closed","ping_status":"closed","sticky":false,"template":"","format":"standard","meta":{"_coblocks_attr":"","_coblocks_dimensions":"","_coblocks_responsive_height":"","_coblocks_accordion_ie_support":"","jetpack_post_was_ever_published":false,"_jetpack_newsletter_access":"","_jetpack_dont_email_post_to_subs":false,"_jetpack_newsletter_tier_id":0,"_jetpack_memberships_contains_paywalled_content":false,"_jetpack_memberships_contains_paid_content":false,"footnotes":"","jetpack_publicize_message":"","jetpack_publicize_feature_enabled":true,"jetpack_social_post_already_shared":false,"jetpack_social_options":{"image_generator_settings":{"template":"highway","default_image_id":0,"enabled":false},"version":2}},"categories":[1161,7149,44,15,10],"tags":[8254,2142],"class_list":["post-46822","post","type-post","status-publish","format-standard","has-post-thumbnail","hentry","category-ciudadania","category-coronavirus","category-noticias-de-hoy","category-ultimas-noticias","category-salud","tag-trotamundos","tag-viajar"],"jetpack_publicize_connections":[],"jetpack_featured_media_url":"https:\/\/i0.wp.com\/miradordeatarfe.es\/wp-content\/uploads\/2021\/04\/Imagen-Doble_vivir_viajar_final-kuoE-U120230359095VmG-984x608%40RC.jpg?fit=984%2C608&ssl=1","jetpack_likes_enabled":true,"jetpack_sharing_enabled":true,"_links":{"self":[{"href":"https:\/\/miradordeatarfe.es\/index.php?rest_route=\/wp\/v2\/posts\/46822","targetHints":{"allow":["GET"]}}],"collection":[{"href":"https:\/\/miradordeatarfe.es\/index.php?rest_route=\/wp\/v2\/posts"}],"about":[{"href":"https:\/\/miradordeatarfe.es\/index.php?rest_route=\/wp\/v2\/types\/post"}],"author":[{"embeddable":true,"href":"https:\/\/miradordeatarfe.es\/index.php?rest_route=\/wp\/v2\/users\/1"}],"replies":[{"embeddable":true,"href":"https:\/\/miradordeatarfe.es\/index.php?rest_route=%2Fwp%2Fv2%2Fcomments&post=46822"}],"version-history":[{"count":1,"href":"https:\/\/miradordeatarfe.es\/index.php?rest_route=\/wp\/v2\/posts\/46822\/revisions"}],"predecessor-version":[{"id":46824,"href":"https:\/\/miradordeatarfe.es\/index.php?rest_route=\/wp\/v2\/posts\/46822\/revisions\/46824"}],"wp:featuredmedia":[{"embeddable":true,"href":"https:\/\/miradordeatarfe.es\/index.php?rest_route=\/wp\/v2\/media\/46823"}],"wp:attachment":[{"href":"https:\/\/miradordeatarfe.es\/index.php?rest_route=%2Fwp%2Fv2%2Fmedia&parent=46822"}],"wp:term":[{"taxonomy":"category","embeddable":true,"href":"https:\/\/miradordeatarfe.es\/index.php?rest_route=%2Fwp%2Fv2%2Fcategories&post=46822"},{"taxonomy":"post_tag","embeddable":true,"href":"https:\/\/miradordeatarfe.es\/index.php?rest_route=%2Fwp%2Fv2%2Ftags&post=46822"}],"curies":[{"name":"wp","href":"https:\/\/api.w.org\/{rel}","templated":true}]}}