{"id":46837,"date":"2021-04-27T09:00:06","date_gmt":"2021-04-27T07:00:06","guid":{"rendered":"http:\/\/miradordeatarfe.es\/?p=46837"},"modified":"2021-04-26T19:34:34","modified_gmt":"2021-04-26T17:34:34","slug":"juan-pinilla-presentara-en-concierto-su-nuevo-disco-humana-raiz-el-29-de-abril","status":"publish","type":"post","link":"https:\/\/miradordeatarfe.es\/?p=46837","title":{"rendered":"Juan Pinilla presentar\u00e1 en concierto su nuevo disco \u2018Humana ra\u00edz\u2019 el 29 de abril"},"content":{"rendered":"<div align=\"center\">\n<blockquote>\n<h2 class=\"single-subtitle\">El Teatro Isabel la Cat\u00f3lica acoger\u00e1 al granadino a las 18:00 horas del pr\u00f3ximo jueves, encuadrado dentro del ciclo &#8216;Abril para Vivir<\/h2>\n<p align=\"justify\">Tras un a\u00f1o esperando este momento, <strong>Juan Pinilla\u00a0<\/strong>presentar\u00e1 su nuevo disco\u00a0<strong>\u2018Humana Ra\u00edz\u2019<\/strong>\u00a0en su ciudad, Granada. Ser\u00e1 en el\u00a0<strong>Teatro Isabel la Cat\u00f3lica<\/strong>\u00a0el pr\u00f3ximo\u00a0<strong>jueves 29 de abril<\/strong>\u00a0a las\u00a0<strong>18:00 horas<\/strong>, encuadrado dentro del ciclo Abril para Vivir.<\/p>\n<p align=\"justify\">Nacido en Hu\u00e9tor T\u00e1jar,\u00a0<strong>Juan Pinilla\u00a0<\/strong>se alz\u00f3 con la L\u00e1mpara Minera en 2007 arrancando una carrera profesional que lo ha llevado por escenarios internacionales; a ser nominado a los Grammy Latinos en 2014 por su disco\u00a0<strong>\u2018Jugar con Fuego\u2019<\/strong>, junto al poeta granadino Fernando Valverde; ha musicado poemas de Javier Egea, Antonio Machado,\u00a0 Rimbaud, Baudelaire, Paul Bowles, Sylvia Plath, Miguel Hern\u00e1ndez, Federico Garc\u00eda Lorca o Jos\u00e9 Saramago, entre otros, e incluso a Francisco Umbral, su mentor literario, o a Groucho Marx. Y en el camino ha dado conferencias, ejercido de columnista, investigador, actor y ha escrito\u00a0<strong>\u2018Las Voces que no callaron<\/strong>.\u00a0<strong>Flamenco y Rebeld\u00eda\u2019<\/strong>. En definitiva,\u00a0<strong>Juan Pinilla<\/strong>\u00a0es un alma inquieta, un activista, un poeta que canta o un cantaor poeta como alguien lo ha calificado.<\/p>\n<p align=\"justify\"><strong>Mamita Records<\/strong>\u00a0ser\u00e1 la encargada de editar\u00a0<strong>\u2018Humana Ra\u00edz\u2019<\/strong>\u00a0en pr\u00f3ximas fechas, en formato f\u00edsico y digital, mientras tanto ha publicado el single y v\u00eddeo de<strong>\u00a0\u2018Andaluc\u00eda\u2019<\/strong>, estrenado el pasado 28 de febrero, y el\u00a0<strong>21 de mayo ver\u00e1 la luz<\/strong>\u00a0un segundo avance,<strong>\u00a0\u2018Teor\u00eda del Ol\u00e9\u2019<\/strong>, que ha dado pie al primer videoclip en la carrera de\u00a0<strong>Juan Pinilla<\/strong><\/p>\n<\/blockquote>\n<\/div>\n","protected":false},"excerpt":{"rendered":"<p>El Teatro Isabel la Cat\u00f3lica acoger\u00e1 al granadino a las 18:00 horas del pr\u00f3ximo jueves,&#8230;<\/p>\n","protected":false},"author":1,"featured_media":46838,"comment_status":"closed","ping_status":"closed","sticky":false,"template":"","format":"standard","meta":{"_coblocks_attr":"","_coblocks_dimensions":"","_coblocks_responsive_height":"","_coblocks_accordion_ie_support":"","jetpack_post_was_ever_published":false,"_jetpack_newsletter_access":"","_jetpack_dont_email_post_to_subs":false,"_jetpack_newsletter_tier_id":0,"_jetpack_memberships_contains_paywalled_content":false,"_jetpack_memberships_contains_paid_content":false,"footnotes":"","jetpack_publicize_message":"","jetpack_publicize_feature_enabled":true,"jetpack_social_post_already_shared":false,"jetpack_social_options":{"image_generator_settings":{"template":"highway","default_image_id":0,"enabled":false},"version":2}},"categories":[1161,44,15],"tags":[8260,158],"class_list":["post-46837","post","type-post","status-publish","format-standard","has-post-thumbnail","hentry","category-ciudadania","category-noticias-de-hoy","category-ultimas-noticias","tag-juan-pinillas","tag-musica"],"jetpack_publicize_connections":[],"jetpack_featured_media_url":"https:\/\/i0.wp.com\/miradordeatarfe.es\/wp-content\/uploads\/2021\/04\/Reportaje-Juan-Pinilla-Carlos-Gijon_-1010x673-1.jpg?fit=1010%2C673&ssl=1","jetpack_likes_enabled":true,"jetpack_sharing_enabled":true,"_links":{"self":[{"href":"https:\/\/miradordeatarfe.es\/index.php?rest_route=\/wp\/v2\/posts\/46837","targetHints":{"allow":["GET"]}}],"collection":[{"href":"https:\/\/miradordeatarfe.es\/index.php?rest_route=\/wp\/v2\/posts"}],"about":[{"href":"https:\/\/miradordeatarfe.es\/index.php?rest_route=\/wp\/v2\/types\/post"}],"author":[{"embeddable":true,"href":"https:\/\/miradordeatarfe.es\/index.php?rest_route=\/wp\/v2\/users\/1"}],"replies":[{"embeddable":true,"href":"https:\/\/miradordeatarfe.es\/index.php?rest_route=%2Fwp%2Fv2%2Fcomments&post=46837"}],"version-history":[{"count":1,"href":"https:\/\/miradordeatarfe.es\/index.php?rest_route=\/wp\/v2\/posts\/46837\/revisions"}],"predecessor-version":[{"id":46839,"href":"https:\/\/miradordeatarfe.es\/index.php?rest_route=\/wp\/v2\/posts\/46837\/revisions\/46839"}],"wp:featuredmedia":[{"embeddable":true,"href":"https:\/\/miradordeatarfe.es\/index.php?rest_route=\/wp\/v2\/media\/46838"}],"wp:attachment":[{"href":"https:\/\/miradordeatarfe.es\/index.php?rest_route=%2Fwp%2Fv2%2Fmedia&parent=46837"}],"wp:term":[{"taxonomy":"category","embeddable":true,"href":"https:\/\/miradordeatarfe.es\/index.php?rest_route=%2Fwp%2Fv2%2Fcategories&post=46837"},{"taxonomy":"post_tag","embeddable":true,"href":"https:\/\/miradordeatarfe.es\/index.php?rest_route=%2Fwp%2Fv2%2Ftags&post=46837"}],"curies":[{"name":"wp","href":"https:\/\/api.w.org\/{rel}","templated":true}]}}