{"id":46845,"date":"2021-04-27T11:29:48","date_gmt":"2021-04-27T09:29:48","guid":{"rendered":"http:\/\/miradordeatarfe.es\/?p=46845"},"modified":"2021-04-26T19:33:52","modified_gmt":"2021-04-26T17:33:52","slug":"ejes-del-nuevo-modelo-de-curriculo-sentido-comun-y-realidad-educativa-actual-1por-juan-de-dios-fernandez","status":"publish","type":"post","link":"https:\/\/miradordeatarfe.es\/?p=46845","title":{"rendered":"Ejes del nuevo modelo de curr\u00edculo. SENTIDO COM\u00daN Y REALIDAD EDUCATIVA ACTUAL (1)por Juan de Dios Fern\u00e1ndez"},"content":{"rendered":"<h3><i> <\/i> <i>En nuestra escuela actual: \u00bfAprendizaje para crecer o aprendizaje bul\u00edmico?<\/i><\/h3>\n<p>Muchas veces, para ver lo que sucede hay que mirar desde fuera, desde dentro los \u00e1rboles impiden ver el bosque. En mitad de los \u00e1rboles, no podemos saber si estamos en un bosque o en un grupo desestructurado de \u00e1rboles. Pues miremos nuestro sistema educativo actual desde fuera.<\/p>\n<p>Estamos en la mejor \u00e9poca de la historia de Espa\u00f1a en cuanto a escolarizaci\u00f3n, el 99% de la poblaci\u00f3n entre 3 y 16 a\u00f1os asiste diariamente a un centro educativo. Su inmensa mayor\u00eda pasa por un instituto. Nunca hemos tenido m\u00e1s j\u00f3venes estudiando, unos m\u00e1s y otros menos, pero estudiando. Consiguen el Graduado en Secundaria Obligatoria el <a href=\"http:\/\/www.educacionyfp.gob.es\/dam\/jcr:713cb2fc-1c9e-4861-90a6-048b44fd309b\/i19cee-resumen-informe.pdf\">75,6%<\/a> (2019, pg 113), el nivel m\u00e1s alto en nuestra historia, tenemos la juventud m\u00e1s estudiada, pero \u00bfla que m\u00e1s sabe?<\/p>\n<p>Estudiar no es el objetivo de la escuela, estudiar es una herramienta para aprender, pero no para aprender cualquier cosa, es aprender para crecer, afectivamente, socialmente y cognitivamente. Aprender para prepararse para afrontar la vida en este momento, prepararse para vivir en un mundo complejo, pluricultural y cambiante. Adem\u00e1s, esto lo ha de garantizar la escuela para todos y para cada una y cada uno.<\/p>\n<p><a href=\"https:\/\/i0.wp.com\/miradordeatarfe.es\/wp-content\/uploads\/2021\/04\/3c6b2d_d6532c0851224dc797c1b26f10837a2dmv2.jpg?ssl=1\"><img data-recalc-dims=\"1\" loading=\"lazy\" decoding=\"async\" class=\"size-medium wp-image-46849 alignleft\" src=\"https:\/\/i0.wp.com\/miradordeatarfe.es\/wp-content\/uploads\/2021\/04\/3c6b2d_d6532c0851224dc797c1b26f10837a2dmv2.jpg?resize=200%2C300&#038;ssl=1\" alt=\"\" width=\"200\" height=\"300\" srcset=\"https:\/\/i0.wp.com\/miradordeatarfe.es\/wp-content\/uploads\/2021\/04\/3c6b2d_d6532c0851224dc797c1b26f10837a2dmv2.jpg?resize=200%2C300&amp;ssl=1 200w, https:\/\/i0.wp.com\/miradordeatarfe.es\/wp-content\/uploads\/2021\/04\/3c6b2d_d6532c0851224dc797c1b26f10837a2dmv2.jpg?w=640&amp;ssl=1 640w\" sizes=\"auto, (max-width: 200px) 100vw, 200px\" \/><\/a><\/p>\n<p>Pero, \u00bfcon lo que se hace diariamente en los colegios se consigue?, dicho de otra forma, Cu\u00e1ndo un alumno o alumna aprueba \u00bfquiere decir que hemos comprobado su avance afectivo, social y cognitivo?, \u00bfque ha crecido como persona y preparado para afrontar el futuro? O simplemente se ha comprobado que ha sido capaz de memorizar unos temas y mantenerlos en la cabeza hasta el d\u00eda y hora del examen, aun sabiendo que despu\u00e9s lo va a olvidar\u2026 (<i>para saber mas, <a href=\"https:\/\/miradordeatarfe.es\/?p=39261\">https:\/\/miradordeatarfe.es\/?p=39261<\/a> <\/i><\/p>\n<p>Hagamos una comparaci\u00f3n, un s\u00edmil con la comida y el crecimiento. Comemos para crecer, para desarrollarnos, para tener energ\u00eda. No todos tenemos las mismas ganas de comer, ni necesitamos lo mismo, ni nos gusta lo mismo\u2026, pero s\u00ed tenemos que comer lo necesario para crecer, cada una y cada uno seg\u00fan sus necesidades y posibilidades. No siempre comer significa crecer, desarrollarse. Se puede comer de forma \u201cbul\u00edmica\u201d (mucho, r\u00e1pido y vomitar antes de hacer la digesti\u00f3n), se puede comer mucho, pero desorganizado, o comida poco alimenticia\u2026 Alimentarse no es simplemente comer, alimentarse es: <i>comer<\/i> garantizando los productos esenciales para crecer, comer de forma ordenada, equilibrada, <i>hacer la digesti\u00f3n<\/i>, para que los nuevos alimentos pasen a reforzar lo que ya ten\u00edamos asimilado y <i>comprobar<\/i> que el proceso ha ido bien, que crecemos y tenemos la energ\u00eda suficiente para afrontar los retos diarios.<\/p>\n<p>Pues de eso trata las modificaciones al curr\u00edculo que la nueva ley quiere poner en marcha: de que todo el alumnado coma, al menos, lo imprescindible para crecer, que lo haga de forma pausada, ordenada y con una buena digesti\u00f3n, para aprovechar al m\u00e1ximo el alimento y comprobar que se ha comido y que ha servido para crecer. En escritos posteriores iremos desgranando c\u00f3mo plantea hacerlo.<\/p>\n<p><a href=\"https:\/\/i0.wp.com\/miradordeatarfe.es\/wp-content\/uploads\/2021\/04\/CUADRO.png?ssl=1\"><img data-recalc-dims=\"1\" loading=\"lazy\" decoding=\"async\" class=\"alignnone wp-image-46846 \" src=\"https:\/\/i0.wp.com\/miradordeatarfe.es\/wp-content\/uploads\/2021\/04\/CUADRO.png?resize=640%2C361&#038;ssl=1\" alt=\"\" width=\"640\" height=\"361\" srcset=\"https:\/\/i0.wp.com\/miradordeatarfe.es\/wp-content\/uploads\/2021\/04\/CUADRO.png?w=673&amp;ssl=1 673w, https:\/\/i0.wp.com\/miradordeatarfe.es\/wp-content\/uploads\/2021\/04\/CUADRO.png?resize=300%2C169&amp;ssl=1 300w\" sizes=\"auto, (max-width: 640px) 100vw, 640px\" \/><\/a><\/p>\n<p><b>Juan de Dios Fern\u00e1ndez G\u00e1lvez. Orientador jubilado<\/b><\/p>\n<table style=\"border-collapse: collapse; width: 100%;\">\n<tbody>\n<tr>\n<td style=\"width: 100%;\">\u00a0<\/td>\n<\/tr>\n<\/tbody>\n<\/table>\n","protected":false},"excerpt":{"rendered":"<p>En nuestra escuela actual: \u00bfAprendizaje para crecer o aprendizaje bul\u00edmico? Muchas veces, para ver lo&#8230;<\/p>\n","protected":false},"author":1,"featured_media":46853,"comment_status":"closed","ping_status":"closed","sticky":false,"template":"","format":"standard","meta":{"_coblocks_attr":"","_coblocks_dimensions":"","_coblocks_responsive_height":"","_coblocks_accordion_ie_support":"","jetpack_post_was_ever_published":false,"_jetpack_newsletter_access":"","_jetpack_dont_email_post_to_subs":false,"_jetpack_newsletter_tier_id":0,"_jetpack_memberships_contains_paywalled_content":false,"_jetpack_memberships_contains_paid_content":false,"footnotes":"","jetpack_publicize_message":"","jetpack_publicize_feature_enabled":true,"jetpack_social_post_already_shared":false,"jetpack_social_options":{"image_generator_settings":{"template":"highway","default_image_id":0,"enabled":false},"version":2}},"categories":[187,3130,44,7671,15],"tags":[337,27],"class_list":["post-46845","post","type-post","status-publish","format-standard","has-post-thumbnail","hentry","category-centros-educativos","category-opinion-de-juan-de-dios-fernandez","category-noticias-de-hoy","category-politica","category-ultimas-noticias","tag-aprendizaje","tag-educacion"],"jetpack_publicize_connections":[],"jetpack_featured_media_url":"https:\/\/i0.wp.com\/miradordeatarfe.es\/wp-content\/uploads\/2021\/04\/aprendizaje-problemas.jpg?fit=547%2C400&ssl=1","jetpack_likes_enabled":true,"jetpack_sharing_enabled":true,"_links":{"self":[{"href":"https:\/\/miradordeatarfe.es\/index.php?rest_route=\/wp\/v2\/posts\/46845","targetHints":{"allow":["GET"]}}],"collection":[{"href":"https:\/\/miradordeatarfe.es\/index.php?rest_route=\/wp\/v2\/posts"}],"about":[{"href":"https:\/\/miradordeatarfe.es\/index.php?rest_route=\/wp\/v2\/types\/post"}],"author":[{"embeddable":true,"href":"https:\/\/miradordeatarfe.es\/index.php?rest_route=\/wp\/v2\/users\/1"}],"replies":[{"embeddable":true,"href":"https:\/\/miradordeatarfe.es\/index.php?rest_route=%2Fwp%2Fv2%2Fcomments&post=46845"}],"version-history":[{"count":5,"href":"https:\/\/miradordeatarfe.es\/index.php?rest_route=\/wp\/v2\/posts\/46845\/revisions"}],"predecessor-version":[{"id":46854,"href":"https:\/\/miradordeatarfe.es\/index.php?rest_route=\/wp\/v2\/posts\/46845\/revisions\/46854"}],"wp:featuredmedia":[{"embeddable":true,"href":"https:\/\/miradordeatarfe.es\/index.php?rest_route=\/wp\/v2\/media\/46853"}],"wp:attachment":[{"href":"https:\/\/miradordeatarfe.es\/index.php?rest_route=%2Fwp%2Fv2%2Fmedia&parent=46845"}],"wp:term":[{"taxonomy":"category","embeddable":true,"href":"https:\/\/miradordeatarfe.es\/index.php?rest_route=%2Fwp%2Fv2%2Fcategories&post=46845"},{"taxonomy":"post_tag","embeddable":true,"href":"https:\/\/miradordeatarfe.es\/index.php?rest_route=%2Fwp%2Fv2%2Ftags&post=46845"}],"curies":[{"name":"wp","href":"https:\/\/api.w.org\/{rel}","templated":true}]}}