{"id":46855,"date":"2021-04-28T11:48:41","date_gmt":"2021-04-28T09:48:41","guid":{"rendered":"http:\/\/miradordeatarfe.es\/?p=46855"},"modified":"2021-04-27T19:23:02","modified_gmt":"2021-04-27T17:23:02","slug":"los-pisteros-de-atarfe-vuelven-al-ovalo-por-manuel-jimenez","status":"publish","type":"post","link":"https:\/\/miradordeatarfe.es\/?p=46855","title":{"rendered":"\u00abLOS PISTEROS DE ATARFE VUELVEN AL \u00d3VALO.\u00bb por Manuel Jim\u00e9nez"},"content":{"rendered":"<h3 align=\"JUSTIFY\">Este fin de semana se ha vivido un aut\u00e9ntico desembarco de atletas atarfe\u00f1os tomando parte en alguno de los controles que se han sucedido a lo largo de toda la geograf\u00eda andaluza.<\/h3>\n<p align=\"JUSTIFY\"><span style=\"font-family: Tahoma, serif;\">Si la semana pasada ya vivimos un adelanto de la vuelta a la competici\u00f3n con el Control Federativo celebrado en el estadio de Carranque de M\u00e1laga con presencia de tres \u201cfuertes y r\u00e1pidos\u201d inaugurando la temporada al aire libre con buenos debuts para Antonio Pe\u00f1a en 200 destrozando su marca personal con 23.78, el m\u00edster Manuel Jim\u00e9nez Ca\u00f1adas en la misma distancia con 24.51 y Ra\u00fal Castillo en la vuelta a la pista con vallas con unos interesantes 1.01.24, este fin de semana se ha vivido un aut\u00e9ntico desembarco de atletas atarfe\u00f1os tomando parte en alguno de los controles que se han sucedido a lo largo de toda la geograf\u00eda andaluza. L\u00f3gicamente la mayor parte ha estrenado temporada en el Estadio del Zaid\u00edn aunque alg\u00fan otro se ha desplazado fuera en busca de buenos ritmos de carrera. <\/span><\/p>\n<p align=\"JUSTIFY\"><a name=\"Bookmark\"><\/a><span style=\"font-family: Tahoma, serif;\">El ATLETISMO CIUDAD ATARFE ha mostrado lo mucho que ha evolucionado en los \u00faltimos tiempos pues ha presentado en competici\u00f3n a atletas desde la categor\u00eda Sub 12 hasta veteranos en pruebas tan dispares como velocidad, medio fondo, saltos y lanzamientos con m\u00e1s de una treintena de atletas en liza. <\/span><\/p>\n<p align=\"JUSTIFY\"><span style=\"font-family: Tahoma, serif;\">Con una simple mirada a los resultados de la jornada se observa el buen trabajo que se viene haciendo en la Escuela con gran cantidad de marcas personales y bastantes atletas apuntando alto lo que augura que esta temporada va a estar entretenida. <\/span><\/p>\n<p align=\"JUSTIFY\"><span style=\"font-family: Tahoma, serif;\">Esperemos que la pandemia siga retrocediendo y que poco a poco se vaya abriendo la competici\u00f3n tanto a nuevas parcelas (se echa mucho de menos la falta de pruebas populares sin restricciones) como a la presencia de p\u00fablico pues la afici\u00f3n s\u00f3lo puede seguir los eventos desde detr\u00e1s de las vallas. <\/span><\/p>\n<p align=\"JUSTIFY\"><span style=\"font-family: Tahoma, serif;\">Les dejamos con los resultados obtenidos en estas dos semanas<\/span><\/p>\n<p align=\"JUSTIFY\"><a href=\"https:\/\/i0.wp.com\/miradordeatarfe.es\/wp-content\/uploads\/2021\/04\/IMG_9555.jpg?ssl=1\"><img data-recalc-dims=\"1\" loading=\"lazy\" decoding=\"async\" class=\"wp-image-46856 size-large alignleft\" src=\"https:\/\/i0.wp.com\/miradordeatarfe.es\/wp-content\/uploads\/2021\/04\/IMG_9555.jpg?resize=618%2C613&#038;ssl=1\" alt=\"\" width=\"618\" height=\"613\" srcset=\"https:\/\/i0.wp.com\/miradordeatarfe.es\/wp-content\/uploads\/2021\/04\/IMG_9555.jpg?resize=1024%2C1015&amp;ssl=1 1024w, https:\/\/i0.wp.com\/miradordeatarfe.es\/wp-content\/uploads\/2021\/04\/IMG_9555.jpg?resize=300%2C297&amp;ssl=1 300w, https:\/\/i0.wp.com\/miradordeatarfe.es\/wp-content\/uploads\/2021\/04\/IMG_9555.jpg?resize=150%2C150&amp;ssl=1 150w, https:\/\/i0.wp.com\/miradordeatarfe.es\/wp-content\/uploads\/2021\/04\/IMG_9555.jpg?resize=768%2C761&amp;ssl=1 768w, https:\/\/i0.wp.com\/miradordeatarfe.es\/wp-content\/uploads\/2021\/04\/IMG_9555.jpg?w=1125&amp;ssl=1 1125w\" sizes=\"auto, (max-width: 618px) 100vw, 618px\" \/><\/a><\/p>\n<p><strong>Sub 12<\/strong><\/p>\n<p>David Mar\u00edn Aranda Jabalina 9.65, 60 m.l. 10.08<\/p>\n<p>David Hurtado S\u00e1nchez Jabalina 5.25, 60 m.l. 10.91<\/p>\n<p>Adri\u00e1n Huertas Jim\u00e9nez 60 m.l.11.26, Peso 4.15<\/p>\n<p>Alejandro L\u00f3pez Garc\u00eda, 60 m.l. 10.64 Peso 5.01<\/p>\n<p><strong>Sub 14<\/strong><\/p>\n<p><span style=\"font-size: medium;\">Mario Aguilera Bol\u00edvar, Peso, 6.76, Disco 13.52<\/span><\/p>\n<p><span style=\"color: #000000;\">\u00a0<span style=\"font-size: medium;\"><span style=\"font-family: Verdana, serif;\">Elisabeth Lopez Lafuente, 2000 Marcha 11.35.3, Jabalina 10.64<\/span><\/span><\/span><\/p>\n<p><span style=\"font-size: medium;\"><span style=\"color: #000000;\"><span style=\"font-family: Verdana, serif;\">Leire P\u00e9rez Cano, Disco 7.96, Peso 4.12<\/span><\/span><\/span><\/p>\n<p><span style=\"font-size: medium;\"><span style=\"color: #000000;\"><span style=\"font-family: Verdana, serif;\">Carolina Lozano Alejo, peso 5.19, 80 vallas 18.45<\/span><\/span><\/span><\/p>\n<p><span style=\"font-size: medium;\"><span style=\"color: #000000;\"><span style=\"font-family: Verdana, serif;\">Elena Lucena Ruiz, Peso 4.44, 80 vallas 15.93<\/span><\/span><\/span><\/p>\n<p><span style=\"font-size: medium;\"><span style=\"color: #000000;\"><span style=\"font-family: Verdana, serif;\">Mohamed Rayan, 80 vallas 16.96<\/span><\/span><\/span><\/p>\n<p><span style=\"font-size: medium;\"><span style=\"color: #000000;\"><span style=\"font-family: Verdana, serif;\">Alejandra Herrera Rivera, longitud 3.83; Jabalina 11.86<\/span><\/span><\/span><\/p>\n<p><span style=\"font-size: medium;\"><span style=\"color: #000000;\"><span style=\"font-family: Verdana, serif;\">M\u00e1ximo Valverde Andre, Jabalina 15.56; Longitud 3.60<\/span><\/span><\/span><\/p>\n<p><span style=\"font-size: medium;\"><span style=\"color: #000000;\"><span style=\"font-family: Verdana, serif;\">Aitor Ortega Gonz\u00e1lez, Jabalina 14.41; Longitud 3.26<\/span><\/span><\/span><\/p>\n<p><span style=\"font-size: medium;\"><span style=\"color: #000000;\"><span style=\"font-family: Verdana, serif;\">Adri\u00e1n Sierra Ruiz, Jabalina 8.47, Longitud 3.46<\/span><\/span><\/span><\/p>\n<p><span style=\"font-size: medium;\"><span style=\"color: #000000;\"><span style=\"font-family: Verdana, serif;\">Indira Ortega Gonz\u00e1lez, Longitud 3.70; Jabalina 8.68<\/span><\/span><\/span><\/p>\n<p><strong><span style=\"font-size: medium;\"><span style=\"color: #000000;\"><span style=\"font-family: Verdana, serif;\">Sub 16<\/span><\/span><\/span><\/strong><\/p>\n<p><span style=\"font-size: medium;\"><span style=\"color: #000000;\"><span style=\"font-family: Verdana, serif;\">Irene Crespo L\u00f3pez, 100 m.l. 15.21; 600: 2.19.57<\/span><\/span><\/span><\/p>\n<p><span style=\"font-size: medium;\"><span style=\"color: #000000;\"><span style=\"font-family: Verdana, serif;\">Luna Sierra Ruiz, 100 m.l. 16.58, Disco 11.81<\/span><\/span><\/span><\/p>\n<p><span style=\"font-size: medium;\"><span style=\"color: #000000;\"><span style=\"font-family: Verdana, serif;\">Jorge Luis Torres Enr\u00edquez, 100 m.l. 12.27<\/span><\/span><\/span><\/p>\n<p><span style=\"font-size: medium;\"><span style=\"color: #000000;\"><span style=\"font-family: Verdana, serif;\">Mar\u00eda Gonz\u00e1lez Arribas, Disco 15.16<\/span><\/span><\/span><\/p>\n<p><span style=\"font-size: medium;\"><span style=\"color: #000000;\"><span style=\"font-family: Verdana, serif;\">Mar\u00eda P\u00e9rez G\u00f3mez, Altura 1.30; 600 1.47.99 <\/span><\/span><\/span><\/p>\n<p><span style=\"font-size: medium;\"><span style=\"color: #000000;\"><span style=\"font-family: Verdana, serif;\">Carlos Pe\u00f1a Galiindo, 600: 1.36.50<\/span><\/span><\/span><\/p>\n<p><span style=\"font-size: medium;\"><span style=\"color: #000000;\"><span style=\"font-family: Verdana, serif;\">Daniel P\u00e9rez Cano, 600 m: 1.43.39<\/span><\/span><\/span><\/p>\n<p><strong><span style=\"font-size: medium;\"><span style=\"color: #000000;\"><span style=\"font-family: Verdana, serif;\">Sub 18<\/span><\/span><\/span><\/strong><\/p>\n<p><span style=\"font-size: medium;\"><span style=\"color: #000000;\"><span style=\"font-family: Verdana, serif;\">David Hern\u00e1ndez S\u00e1nchez, 110 m.v. 17.93; 100 m.l. 11.67<\/span><\/span><\/span><\/p>\n<p><span style=\"font-size: medium;\"><span style=\"color: #000000;\"><span style=\"font-family: Verdana, serif;\">Adri\u00e1n L\u00f3pez Lafuente, 100 m.l. 12.23<\/span><\/span><\/span><\/p>\n<p><span style=\"font-size: medium;\"><span style=\"color: #000000;\"><span style=\"font-family: Verdana, serif;\">Pablo Lozano Alejo, Disco 29.43<\/span><\/span><\/span><\/p>\n<p><span style=\"font-size: medium;\"><span style=\"color: #000000;\"><span style=\"font-family: Verdana, serif;\">Gonzalo Garc\u00eda Molina, 1500 4.48.59<\/span><\/span><\/span><\/p>\n<p>&nbsp;<\/p>\n<p><strong><span style=\"font-size: medium;\"><span style=\"color: #000000;\"><span style=\"font-family: Verdana, serif;\">Sub 20<\/span><\/span><\/span><\/strong><\/p>\n<p><span style=\"font-size: medium;\"><span style=\"color: #000000;\"><span style=\"font-family: Verdana, serif;\">Celia Mart\u00edn Santiago, 100 m.l. 13.36; 400: 1.05.26<\/span><\/span><\/span><\/p>\n<p><span style=\"font-size: medium;\"><span style=\"color: #000000;\"><span style=\"font-family: Verdana, serif;\">Antonio Pe\u00f1a Galindo, 100 m.l. 11.58 (200: 23.78, M\u00e1laga 18\/04\/21)<\/span><\/span><\/span><\/p>\n<p><strong><span style=\"font-size: medium;\"><span style=\"color: #000000;\"><span style=\"font-family: Verdana, serif;\">Sub 23<\/span><\/span><\/span><\/strong><\/p>\n<p><span style=\"font-size: medium;\"><span style=\"color: #000000;\"><span style=\"font-family: Verdana, serif;\">Ra\u00fal Castillo Santiago, 400: 55.03 (400 m.v. 1.01.24 M\u00e1laga 18\/04\/21)<\/span><\/span><\/span><\/p>\n<p><strong><span style=\"font-size: medium;\"><span style=\"color: #000000;\"><span style=\"font-family: Verdana, serif;\">ABSOLUTO<\/span><\/span><\/span><\/strong><\/p>\n<p><span style=\"font-size: medium;\"><span style=\"color: #000000;\"><span style=\"font-family: Verdana, serif;\">Aridani Gonz\u00e1lez Alf\u00e9rez, 400 56.77 <\/span><\/span><\/span><\/p>\n<p><strong><span style=\"font-size: medium;\"><span style=\"color: #000000;\"><span style=\"font-family: Verdana, serif;\">VETERANOS<\/span><\/span><\/span><\/strong><\/p>\n<p><span style=\"font-size: medium;\"><span style=\"color: #000000;\"><span style=\"font-family: Verdana, serif;\">Manuel Jim\u00e9nez Ca\u00f1adas, 100 m.l. 11.84 (200 24.51 M\u00e1laga 18\/04\/21)<\/span><\/span><\/span><\/p>\n<p><span style=\"font-size: medium;\"><span style=\"color: #000000;\"><span style=\"font-family: Verdana, serif;\">Gustavo Herrera \u00c1lvarez 100 m.l. 13.58; 400 1.03.80<\/span><\/span><\/span><\/p>\n<p><a href=\"https:\/\/i0.wp.com\/miradordeatarfe.es\/wp-content\/uploads\/2021\/04\/IMG_9556.jpg?ssl=1\"><img data-recalc-dims=\"1\" loading=\"lazy\" decoding=\"async\" class=\"alignnone wp-image-46857 size-full\" src=\"https:\/\/i0.wp.com\/miradordeatarfe.es\/wp-content\/uploads\/2021\/04\/IMG_9556.jpg?resize=640%2C635&#038;ssl=1\" alt=\"\" width=\"640\" height=\"635\" srcset=\"https:\/\/i0.wp.com\/miradordeatarfe.es\/wp-content\/uploads\/2021\/04\/IMG_9556.jpg?w=1125&amp;ssl=1 1125w, https:\/\/i0.wp.com\/miradordeatarfe.es\/wp-content\/uploads\/2021\/04\/IMG_9556.jpg?resize=300%2C298&amp;ssl=1 300w, https:\/\/i0.wp.com\/miradordeatarfe.es\/wp-content\/uploads\/2021\/04\/IMG_9556.jpg?resize=1024%2C1016&amp;ssl=1 1024w, https:\/\/i0.wp.com\/miradordeatarfe.es\/wp-content\/uploads\/2021\/04\/IMG_9556.jpg?resize=150%2C150&amp;ssl=1 150w, https:\/\/i0.wp.com\/miradordeatarfe.es\/wp-content\/uploads\/2021\/04\/IMG_9556.jpg?resize=768%2C762&amp;ssl=1 768w\" sizes=\"auto, (max-width: 640px) 100vw, 640px\" \/><\/a><\/p>\n<p>&nbsp;<\/p>\n<p><a href=\"https:\/\/i0.wp.com\/miradordeatarfe.es\/wp-content\/uploads\/2021\/04\/IMG_9557.jpg?ssl=1\"><img data-recalc-dims=\"1\" loading=\"lazy\" decoding=\"async\" class=\"alignnone wp-image-46858 size-full\" src=\"https:\/\/i0.wp.com\/miradordeatarfe.es\/wp-content\/uploads\/2021\/04\/IMG_9557.jpg?resize=640%2C626&#038;ssl=1\" alt=\"\" width=\"640\" height=\"626\" srcset=\"https:\/\/i0.wp.com\/miradordeatarfe.es\/wp-content\/uploads\/2021\/04\/IMG_9557.jpg?w=1125&amp;ssl=1 1125w, https:\/\/i0.wp.com\/miradordeatarfe.es\/wp-content\/uploads\/2021\/04\/IMG_9557.jpg?resize=300%2C293&amp;ssl=1 300w, https:\/\/i0.wp.com\/miradordeatarfe.es\/wp-content\/uploads\/2021\/04\/IMG_9557.jpg?resize=1024%2C1001&amp;ssl=1 1024w, https:\/\/i0.wp.com\/miradordeatarfe.es\/wp-content\/uploads\/2021\/04\/IMG_9557.jpg?resize=768%2C751&amp;ssl=1 768w\" sizes=\"auto, (max-width: 640px) 100vw, 640px\" \/><\/a><\/p>\n","protected":false},"excerpt":{"rendered":"<p>Este fin de semana se ha vivido un aut\u00e9ntico desembarco de atletas atarfe\u00f1os tomando parte&#8230;<\/p>\n","protected":false},"author":1,"featured_media":46859,"comment_status":"closed","ping_status":"closed","sticky":false,"template":"","format":"standard","meta":{"_coblocks_attr":"","_coblocks_dimensions":"","_coblocks_responsive_height":"","_coblocks_accordion_ie_support":"","jetpack_post_was_ever_published":false,"_jetpack_newsletter_access":"","_jetpack_dont_email_post_to_subs":false,"_jetpack_newsletter_tier_id":0,"_jetpack_memberships_contains_paywalled_content":false,"_jetpack_memberships_contains_paid_content":false,"footnotes":"","jetpack_publicize_message":"","jetpack_publicize_feature_enabled":true,"jetpack_social_post_already_shared":false,"jetpack_social_options":{"image_generator_settings":{"template":"highway","default_image_id":0,"enabled":false},"version":2}},"categories":[182,6915,44,15,10],"tags":[81,85,123],"class_list":["post-46855","post","type-post","status-publish","format-standard","has-post-thumbnail","hentry","category-deportes","category-opinion-de-manuel-jimenez","category-noticias-de-hoy","category-ultimas-noticias","category-salud","tag-atarfe","tag-atletismo","tag-deportes"],"jetpack_publicize_connections":[],"jetpack_featured_media_url":"https:\/\/i0.wp.com\/miradordeatarfe.es\/wp-content\/uploads\/2021\/04\/IMG_9558.jpg?fit=1125%2C1092&ssl=1","jetpack_likes_enabled":true,"jetpack_sharing_enabled":true,"_links":{"self":[{"href":"https:\/\/miradordeatarfe.es\/index.php?rest_route=\/wp\/v2\/posts\/46855","targetHints":{"allow":["GET"]}}],"collection":[{"href":"https:\/\/miradordeatarfe.es\/index.php?rest_route=\/wp\/v2\/posts"}],"about":[{"href":"https:\/\/miradordeatarfe.es\/index.php?rest_route=\/wp\/v2\/types\/post"}],"author":[{"embeddable":true,"href":"https:\/\/miradordeatarfe.es\/index.php?rest_route=\/wp\/v2\/users\/1"}],"replies":[{"embeddable":true,"href":"https:\/\/miradordeatarfe.es\/index.php?rest_route=%2Fwp%2Fv2%2Fcomments&post=46855"}],"version-history":[{"count":1,"href":"https:\/\/miradordeatarfe.es\/index.php?rest_route=\/wp\/v2\/posts\/46855\/revisions"}],"predecessor-version":[{"id":46860,"href":"https:\/\/miradordeatarfe.es\/index.php?rest_route=\/wp\/v2\/posts\/46855\/revisions\/46860"}],"wp:featuredmedia":[{"embeddable":true,"href":"https:\/\/miradordeatarfe.es\/index.php?rest_route=\/wp\/v2\/media\/46859"}],"wp:attachment":[{"href":"https:\/\/miradordeatarfe.es\/index.php?rest_route=%2Fwp%2Fv2%2Fmedia&parent=46855"}],"wp:term":[{"taxonomy":"category","embeddable":true,"href":"https:\/\/miradordeatarfe.es\/index.php?rest_route=%2Fwp%2Fv2%2Fcategories&post=46855"},{"taxonomy":"post_tag","embeddable":true,"href":"https:\/\/miradordeatarfe.es\/index.php?rest_route=%2Fwp%2Fv2%2Ftags&post=46855"}],"curies":[{"name":"wp","href":"https:\/\/api.w.org\/{rel}","templated":true}]}}