{"id":46889,"date":"2021-04-30T11:45:12","date_gmt":"2021-04-30T09:45:12","guid":{"rendered":"http:\/\/miradordeatarfe.es\/?p=46889"},"modified":"2021-04-29T18:07:13","modified_gmt":"2021-04-29T16:07:13","slug":"la-atarfena-ana-casado-entre-las-mejores-notas-del-examen-mir-de-espana","status":"publish","type":"post","link":"https:\/\/miradordeatarfe.es\/?p=46889","title":{"rendered":"LA ATARFE\u00d1A ANA CASADO ENTRE LAS MEJORES NOTAS DEL EXAMEN MIR DE ESPA\u00d1A"},"content":{"rendered":"<h3 style=\"text-align: justify;\">La atarfe\u00f1a Ana Casado, en el puesto 53 de las 13,000 personas que se presentaron al MIR. Por lo que\u00a0 tiene claro que \u00ablo que m\u00e1s me llama es la Medicina Interna\u00bb<\/h3>\n<p style=\"text-align: justify;\">A Manuel D\u00edaz, abuelo de<strong class=\"mce\"> Ana Casado D\u00edaz,<\/strong> no le sorprendi\u00f3 aquello en absoluto. Desde que su nieta estaba en el colegio <strong>San Jos\u00e9 de Atarfe<\/strong>, Manuel sigui\u00f3 puntualmente las calificaciones de la peque\u00f1a. Lleg\u00f3 a Secundaria \u2013etapa que Ana curs\u00f3 en el <strong>IES Il\u00edberis<\/strong> de su pueblo\u2013, el Bachillerato, dos convocatorias de Selectividad, el primer a\u00f1o de Enfermer\u00eda y el paso al grado de Medicina, y el abuelo siempre estuvo pendiente de su nieta, de sus notas, de su avance, paso a paso, hasta conseguir hacer realidad su vocaci\u00f3n.<\/p>\n<p style=\"text-align: justify;\">El pasado 27 de marzo, Ana se present\u00f3 al MIR (M\u00e9dico Interino Residente) y logr\u00f3 una calificaci\u00f3n extraordinaria, un 94,8110 que coloca a esta atarfe\u00f1a en el puesto 53 de un listado formado por nada menos que unos 13.000 aspirantes.<\/p>\n<p style=\"text-align: justify;\">El abuelo \u201clo ten\u00eda clar\u00edsimo. No ten\u00eda ninguna duda\u201d de que su nieta saldr\u00eda m\u00e1s que airosa del examen que decidir\u00e1, en parte, su futuro como facultativa. Ana s\u00ed reconoce que \u201cme llev\u00e9 una sorpresa. Para nada me lo esperaba. Por los simulacros sab\u00eda que iba bien, pero es algo que no te esperas\u201d.Su nota, excepcional, le abre pr\u00e1cticamente todas las puertas en esta convocatoria, marcada \u2013como no pod\u00eda ser de otra manera\u2013 por la pandemia.<\/p>\n<p class=\"mce\" style=\"text-align: justify;\"><strong class=\"mce\">Ana Casado<\/strong>, por su parte, se\u00f1ala que estos meses de preparaci\u00f3n \u2013en su caso en la Academia MIR\u2013 \u201chan sido durillos\u201d. Seguir con los estudios online \u201cse ha notado, se ha hecho cuesta arriba\u201d. En este tiempo ha sido clave, destaca, el apoyo de su pareja, Pedro Delgado Garc\u00e9s. Ana, que ha llegado a la Medicina por la v\u00eda de la m\u00e1s viva vocaci\u00f3n \u2013\u201cLo tengo claro desde el instituto\u201d, se\u00f1ala\u2013, se decanta por la Medicina Interna. \u201cEs lo que m\u00e1s me llama. Me gustan los pacientes, por muy duro que sea\u201d, reconoce.<\/p>\n<p class=\"mce\" style=\"text-align: justify;\">Sobre d\u00f3nde comenzar\u00e1 su etapa como residente, la atarfe\u00f1a admite que \u201cme tira la tierra\u201d, aunque \u201ctengo la oportunidad\u201d de elegir destino entre los mejores hospitales espa\u00f1oles.<\/p>\n<h2 class=\"byline\" style=\"text-align: justify;\"><small> <\/small><small class=\"author\"> <a class=\"lnk\" href=\"https:\/\/www.granadahoy.com\/arantxa_asensio\/\">Arantxa Asensio<\/a>\u00a0<\/small> <\/h2>\n<p>FOTO: Ana Casado, en la Facultad de Medicina. <wbr><\/wbr> \/ <span class=\"source\">Antonio L. Ju\u00e1rez (Photographerssports)<\/span><\/p>\n<p>EXTRAIDO DEL ARTICULO DE GRANADA HOY https:\/\/www.granadahoy.com\/granada\/UGR-mejores-MIR-Granada_0_1568844110.html<\/p>\n","protected":false},"excerpt":{"rendered":"<p>La atarfe\u00f1a Ana Casado, en el puesto 53 de las 13,000 personas que se presentaron&#8230;<\/p>\n","protected":false},"author":1,"featured_media":46890,"comment_status":"closed","ping_status":"closed","sticky":false,"template":"","format":"standard","meta":{"_coblocks_attr":"","_coblocks_dimensions":"","_coblocks_responsive_height":"","_coblocks_accordion_ie_support":"","jetpack_post_was_ever_published":false,"_jetpack_newsletter_access":"","_jetpack_dont_email_post_to_subs":false,"_jetpack_newsletter_tier_id":0,"_jetpack_memberships_contains_paywalled_content":false,"_jetpack_memberships_contains_paid_content":false,"footnotes":"","jetpack_publicize_message":"","jetpack_publicize_feature_enabled":true,"jetpack_social_post_already_shared":false,"jetpack_social_options":{"image_generator_settings":{"template":"highway","default_image_id":0,"enabled":false},"version":2}},"categories":[2,186,44,6937,15],"tags":[8264,81,2735],"class_list":["post-46889","post","type-post","status-publish","format-standard","has-post-thumbnail","hentry","category-atarfe","category-instituciones","category-noticias-de-hoy","category-sociedad","category-ultimas-noticias","tag-ana-casado","tag-atarfe","tag-mir"],"jetpack_publicize_connections":[],"jetpack_featured_media_url":"https:\/\/i0.wp.com\/miradordeatarfe.es\/wp-content\/uploads\/2021\/04\/Ana-Casado-Facultad-Medicina_1569153513_137750763_667x375.jpg?fit=667%2C375&ssl=1","jetpack_likes_enabled":true,"jetpack_sharing_enabled":true,"_links":{"self":[{"href":"https:\/\/miradordeatarfe.es\/index.php?rest_route=\/wp\/v2\/posts\/46889","targetHints":{"allow":["GET"]}}],"collection":[{"href":"https:\/\/miradordeatarfe.es\/index.php?rest_route=\/wp\/v2\/posts"}],"about":[{"href":"https:\/\/miradordeatarfe.es\/index.php?rest_route=\/wp\/v2\/types\/post"}],"author":[{"embeddable":true,"href":"https:\/\/miradordeatarfe.es\/index.php?rest_route=\/wp\/v2\/users\/1"}],"replies":[{"embeddable":true,"href":"https:\/\/miradordeatarfe.es\/index.php?rest_route=%2Fwp%2Fv2%2Fcomments&post=46889"}],"version-history":[{"count":2,"href":"https:\/\/miradordeatarfe.es\/index.php?rest_route=\/wp\/v2\/posts\/46889\/revisions"}],"predecessor-version":[{"id":46892,"href":"https:\/\/miradordeatarfe.es\/index.php?rest_route=\/wp\/v2\/posts\/46889\/revisions\/46892"}],"wp:featuredmedia":[{"embeddable":true,"href":"https:\/\/miradordeatarfe.es\/index.php?rest_route=\/wp\/v2\/media\/46890"}],"wp:attachment":[{"href":"https:\/\/miradordeatarfe.es\/index.php?rest_route=%2Fwp%2Fv2%2Fmedia&parent=46889"}],"wp:term":[{"taxonomy":"category","embeddable":true,"href":"https:\/\/miradordeatarfe.es\/index.php?rest_route=%2Fwp%2Fv2%2Fcategories&post=46889"},{"taxonomy":"post_tag","embeddable":true,"href":"https:\/\/miradordeatarfe.es\/index.php?rest_route=%2Fwp%2Fv2%2Ftags&post=46889"}],"curies":[{"name":"wp","href":"https:\/\/api.w.org\/{rel}","templated":true}]}}