{"id":46926,"date":"2021-04-30T10:06:45","date_gmt":"2021-04-30T08:06:45","guid":{"rendered":"http:\/\/miradordeatarfe.es\/?p=46926"},"modified":"2021-04-30T10:07:07","modified_gmt":"2021-04-30T08:07:07","slug":"espana-dice-adios-al-libro-de-familia","status":"publish","type":"post","link":"https:\/\/miradordeatarfe.es\/?p=46926","title":{"rendered":"Espa\u00f1a dice adi\u00f3s al libro de familia"},"content":{"rendered":"<h3 style=\"text-align: justify;\">A partir de HOY 30 de abril no se expedir\u00e1n m\u00e1s en formato f\u00edsico y se sustituir\u00e1 por un c\u00f3digo personal online<\/h3>\n<div class=\"pg-body\">\n<div class=\"mce-body \">\n<p class=\"mce\" style=\"text-align: justify;\">Han le\u00eddo bien: el libro de familia dejar\u00e1 de expedirse f\u00edsicamente desde el 30 de abril de 2021. En su lugar el m\u00edtico libro en el que se refleja el o la c\u00f3nyuge y los hijos (si existieran) se cambiar\u00e1 por una base de datos virtual que se adapta a los nuevos tiempos digitales.<\/p>\n<p class=\"mce\" style=\"text-align: justify;\">El cambio se hace efectivo para consumar completamente la\u00a0<a class=\"mce\" href=\"https:\/\/www.boe.es\/eli\/es\/l\/2011\/07\/21\/20\/con\" target=\"_blank\" rel=\"dofollow noopener\">Ley 20\/2011 del Registro Civil<\/a>. Hasta ahora, la nueva norma y la fechada en 1957 estaban conviviendo en paralelo.<\/p>\n<p class=\"mce\" style=\"text-align: justify;\">Los Libros de Familia f\u00edsicos que ya se tengan no pierden su validez y seguir\u00e1n constando como documento oficial v\u00e1lido.<\/p>\n<h2 class=\"mce\" style=\"text-align: justify;\">De 1957 A 2011<\/h2>\n<p class=\"mce\" style=\"text-align: justify;\">Hasta este 2021 ambas leyes del Registro Civil,\u00a0la\u00a020\/2011 y la anterior del a\u00f1o 1957, coexist\u00edan, y es ahora, tras una d\u00e9cada y 9 modificaciones cuando entrar\u00e1 en vigor la nueva ley como refleja el BOE.<\/p>\n<p class=\"mce\" style=\"text-align: justify;\"><strong>El nuevo Libro de Familia cibern\u00e9tico<\/strong> busca mayor simplicidad y eficiencia del sistema.\u00a0La desaparici\u00f3n de los libros f\u00edsicos y su sustituci\u00f3n por bases de datos permitir\u00e1n al ciudadano poder hacer tr\u00e1mites de una forma m\u00e1s \u00e1gil. As\u00ed se podr\u00e1n obtener\u00a0certificaciones telem\u00e1ticas, en cualquier oficina y en todas las\u00a0lenguas oficiales.<\/p>\n<p class=\"mce\" style=\"text-align: justify;\">Desde el Registro Civil indican que en la actualidad no es necesario tener el Libro de Familia, puesto que\u00a0existen los certificados de matrimonio o de nacimiento, igualmente v\u00e1lidos.<\/p>\n<h2><small><\/small><small class=\"author\">Jos\u00e9 Hacha<\/small><\/h2>\n<p>https:\/\/www.diariodesevilla.es\/sociedad\/espana-dejara-usar-adios-libro-familia_0_1569445040.html<\/p>\n<\/div>\n<\/div>\n","protected":false},"excerpt":{"rendered":"<p>A partir de HOY 30 de abril no se expedir\u00e1n m\u00e1s en formato f\u00edsico y&#8230;<\/p>\n","protected":false},"author":1,"featured_media":46927,"comment_status":"closed","ping_status":"closed","sticky":false,"template":"","format":"standard","meta":{"_coblocks_attr":"","_coblocks_dimensions":"","_coblocks_responsive_height":"","_coblocks_accordion_ie_support":"","jetpack_post_was_ever_published":false,"_jetpack_newsletter_access":"","_jetpack_dont_email_post_to_subs":false,"_jetpack_newsletter_tier_id":0,"_jetpack_memberships_contains_paywalled_content":false,"_jetpack_memberships_contains_paid_content":false,"footnotes":"","jetpack_publicize_message":"","jetpack_publicize_feature_enabled":true,"jetpack_social_post_already_shared":false,"jetpack_social_options":{"image_generator_settings":{"template":"highway","default_image_id":0,"enabled":false},"version":2}},"categories":[1161,44,7671,6937,15],"tags":[8268],"class_list":["post-46926","post","type-post","status-publish","format-standard","has-post-thumbnail","hentry","category-ciudadania","category-noticias-de-hoy","category-politica","category-sociedad","category-ultimas-noticias","tag-libro-de-familia"],"jetpack_publicize_connections":[],"jetpack_featured_media_url":"https:\/\/i0.wp.com\/miradordeatarfe.es\/wp-content\/uploads\/2021\/04\/libro-familia_1569453755_137799480_667x375.jpg?fit=667%2C375&ssl=1","jetpack_likes_enabled":true,"jetpack_sharing_enabled":true,"_links":{"self":[{"href":"https:\/\/miradordeatarfe.es\/index.php?rest_route=\/wp\/v2\/posts\/46926","targetHints":{"allow":["GET"]}}],"collection":[{"href":"https:\/\/miradordeatarfe.es\/index.php?rest_route=\/wp\/v2\/posts"}],"about":[{"href":"https:\/\/miradordeatarfe.es\/index.php?rest_route=\/wp\/v2\/types\/post"}],"author":[{"embeddable":true,"href":"https:\/\/miradordeatarfe.es\/index.php?rest_route=\/wp\/v2\/users\/1"}],"replies":[{"embeddable":true,"href":"https:\/\/miradordeatarfe.es\/index.php?rest_route=%2Fwp%2Fv2%2Fcomments&post=46926"}],"version-history":[{"count":2,"href":"https:\/\/miradordeatarfe.es\/index.php?rest_route=\/wp\/v2\/posts\/46926\/revisions"}],"predecessor-version":[{"id":46929,"href":"https:\/\/miradordeatarfe.es\/index.php?rest_route=\/wp\/v2\/posts\/46926\/revisions\/46929"}],"wp:featuredmedia":[{"embeddable":true,"href":"https:\/\/miradordeatarfe.es\/index.php?rest_route=\/wp\/v2\/media\/46927"}],"wp:attachment":[{"href":"https:\/\/miradordeatarfe.es\/index.php?rest_route=%2Fwp%2Fv2%2Fmedia&parent=46926"}],"wp:term":[{"taxonomy":"category","embeddable":true,"href":"https:\/\/miradordeatarfe.es\/index.php?rest_route=%2Fwp%2Fv2%2Fcategories&post=46926"},{"taxonomy":"post_tag","embeddable":true,"href":"https:\/\/miradordeatarfe.es\/index.php?rest_route=%2Fwp%2Fv2%2Ftags&post=46926"}],"curies":[{"name":"wp","href":"https:\/\/api.w.org\/{rel}","templated":true}]}}