{"id":4694,"date":"2015-11-22T09:39:37","date_gmt":"2015-11-22T09:39:37","guid":{"rendered":"http:\/\/miradordeatarfe.es\/?p=4694"},"modified":"2015-11-29T17:26:48","modified_gmt":"2015-11-29T17:26:48","slug":"a-las-trincheras-por-juan-alfredo-bellon","status":"publish","type":"post","link":"https:\/\/miradordeatarfe.es\/?p=4694","title":{"rendered":"\u00a1A LAS TRINCHERAS!  POR JUAN ALFREDO BELL\u00d3N"},"content":{"rendered":"<p style=\"text-align: justify;\"><strong><em>\u00a1A LAS TRINCHERAS!\u00a0 <\/em>POR JUAN ALFREDO BELL\u00d3N\u00a0 para el domingo 22-XI-2015<\/strong><!--more--><\/p>\n<p style=\"text-align: justify;\"><strong>\u00a0<\/strong>Cuando uno se va haciendo mayor, tiende a mirar con la perspectiva de la edad lo vivido y lo por vivir, como cuando Luis Cernuda escribi\u00f3 aquello de <em>pasada se halla ahora\/ la mi tad de mi vida<\/em> (ojal\u00e1) y, en esas, llevo tiempo pensando y diciendo con orgullo insensato que pertenezco a la primera generaci\u00f3n de espa\u00f1oles que probablemente se morir\u00e1 sin haber conocido la guerra, lo que implica dar por sentado el hecho de que, a pesar de la creciente globalizaci\u00f3n e integraci\u00f3n de las vivencias nacionales en este pu\u00f1etero siglo XXI, los espa\u00f1oles nacidos en los a\u00f1os Cuarenta del siglo XX <em>no hemos podido <\/em>padecer ni protagonizar la II Guerra Mundial y hemos tenido la gran suerte de esquivar otros conatos b\u00e9licos de nuestra \u00e9poca, lo cual sol\u00eda entenderse como una bendici\u00f3n celestial de la historia. Claro que, sin dejar de ser pacifistas o, mejor dicho, <em>amigos de la paz,<\/em> hemos de enterder que nuestro pa\u00eds no estaba para guerras en 1939, bien que su alianza espiritual con las potencias del Eje lo hab\u00edan puesto en el punto de mira de la desafecci\u00f3n de los Aliados, hasta que -cosas de la Historia- la configuraci\u00f3n del Comunismo Internacional como el principal enemigo de Occidente nos coloc\u00f3 de nuevo del lado de los buenos y permiti\u00f3 que el general Franco se propusiera y se so\u00f1ara como el Vig\u00eda de Occidente, afianzando la concepci\u00f3n b\u00e9lica con que el Franquismo conceb\u00eda la \u00absingladura nacionalista\u00bb.<\/p>\n<p style=\"text-align: justify;\">No tuvo m\u00e1s que producirse <em>el milagro econ\u00f3mico y la \u00abnormalizaci\u00f3n\u00bb espa\u00f1ola <\/em>para que, coincidiendo con la muerte del dictador hace hoy cuarenta a\u00f1os, hubi\u00e9ramos de sortear<em> a la baja<\/em> el primer <em>casus belli<\/em> que se nos present\u00f3, como fue la crisis de Sahara, donde las apetencias anexionistas de Marruecos concibieron y organizaron la famosa Marcha Verde en la que nos salvamos de la guerra muy poco gallardamente, haciendo un bochornoso <em>mutis por el foro <\/em>por el que todav\u00eda nos sentimos deudores con el pueblo saharaui, pero que permiti\u00f3 a los herederos del Antiguo R\u00e9gimen sacar pecho legionario y proclamarse actores de la salvaguardia de la paz. Cosa que ya no fue posible con motivo de la crisis del Golfo P\u00e9rsico de 2003, cuando Bush Junior y el ahora arrepentido <em>premier <\/em>brit\u00e1nico Toni Blair obligaron, bien que gustosamente por su parte, al protagonismo oligofr\u00e9nico de Aznar a dejarse fotografiar con ellos en las Azores, proclamando as\u00ed la guerra a Sadam Hussein aunque aquella participaci\u00f3n b\u00e9lica, por lo alevosa y torticera, fue y no fue real y no dej\u00f3 de ser vergonzosa ni de tener un alto coste para nuestra naci\u00f3n: los atentados terroristas del 11 de marzo de 2004, que precipitaron el cambio de Gobierno y el triunfo relativamente inesperado del PSOE y de Jos\u00e9 Luis Rodr\u00edguez Zapatero.<\/p>\n<p style=\"text-align: justify;\">Pues bien, con todo, segu\u00ed pensando ser cierta la idea de que los de mi generaci\u00f3n pertenecemos por suerte hasta la fecha a la primera de espa\u00f1oles que no ha tenido que participar formalmente en una experiencia b\u00e9lica, gracias a Dios, seg\u00fan suele decirse. Pero henos aqu\u00ed que, el fin de semana pasado, Fran\u00e7ois Hollande ha proclamado solemnemente, tras los recientes atentados de Par\u00eds, que estos han consistido en un <em>acto de guerra<\/em>, apelando impl\u00edcita y expl\u00edcitamente a los aliados formales de Francia entre los que nos contamos ineludiblemente, no valiendo ya (como en la crisis del Sahara de 1975) ning\u00fan tipo de subterfugio ni <em>escaqueo,<\/em> dada nuestra pertenencia patente a la Alianza Atl\u00e1ntica y la desgraciada inclusi\u00f3n de v\u00edctimas y heridos espa\u00f1oles en la terror\u00edfica lista de la noche del pasado viernes 13 de noviembre. En efecto, esto es la guerra y Espa\u00f1a se ve inmersa en ella con todas las consecuencias.<\/p>\n<p style=\"text-align: justify;\">Y m\u00e1s despu\u00e9s de haberse dado lugar a mezclar el culo del islamismo con las t\u00e9mporas del f\u00fatbol y con la geopol\u00edtica, no solo por el ataque terrorista al desarrollo del partido Francia-Alemania del pasado viernes trece de los corrientes, sino por la extensi\u00f3n de sus consecuencias al territorio vecino belga, a donde parece que huy\u00f3 uno de los integrantes de un comando y oblig\u00f3 a suspender el encuentro internanional amistoso del domingo en el estadio Balduino I entre los anfitriones y nuestra selecci\u00f3n nacional, lo que nos ha privado de saber si en Centro Europa tambi\u00e9n se pita y abuchea a Gerard Piqu\u00e9 y se aplaude a Andr\u00e9s Iniesta.<\/p>\n<p style=\"text-align: justify;\">Y luego, la suspensi\u00f3n, por alerta inminente de atentado, del partido Alemania-Holanda y la posterior alerta y el asalto en la madrugada del mi\u00e9rcoles de la vivienda refugio de Saint Denis, nos est\u00e1 permitiendo ver la extensi\u00f3n internacional del <em>conflicto <\/em>y c\u00f3mo se frotan las manos no solo los terroristas, sino tambi\u00e9n los profascistas, con la militarizaci\u00f3n preventiva y la extensi\u00f3n del escenario paranoide donde <em>cuanto peor, mejor <\/em>para sus designios belicistas y el ascenso de los planteamientos contrarios a la paz que no sea la de los cementerios, deseada por los nacionalismo beligerantes. Ya habr\u00e1 tiempo para aplaudir a los nuevos gendarmes internacionales que apliquen la receta del jarabe de palo para imponer su concepto de armisticio vinculado al autoritarismo al que parec\u00edan llamar los toques de clamor y a rebato de los campanarios de N\u00f4tre Damme: \u00a1Marchemos a las trincheras y s\u00e1lvese quien pueda!<\/p>\n<p style=\"text-align: justify;\">\u00bfO eran clamores (ojal\u00e1 que s\u00ed) de de libertad, igualdad y fraternidad en defensa de las personas y los pueblos del mundo, hermanados en un protagonismo c\u00edvico desconocido en Par\u00eds desde mayo del 68? Habr\u00e1 que verlo. Mientras, la poblaci\u00f3n europea se encoge paralizada, aterrada y perpleja como un gazapillo de conejo, inm\u00f3vil y tembloroso, bajo la mirada penetrante de una gran sierpe, que se relame ante la inminencia del fest\u00edn.<\/p>\n<p style=\"text-align: justify;\">Y ya van tres granadinos que han pagado con su vida las ganas de divertirse en la Ciudad de la Luz cuyo turismo ha quedado en tenguerengues, incluyendo Euro Disney, el Louvre, la Torre Eifel, las Touller\u00edas y el Trocadero. Como Egipto y Jordania, como Petra y Alepo, como T\u00fanez, Turqu\u00eda, Argelia y Marruecos. \u00bfY cu\u00e1ndo le tocar\u00e1 a Granada y a la Alhambra, la perla de Al-\u00c1ndalus? \u00bfY al museo del Prado y a Toledo? \u00bfY a Barcelona, donde hasta antes de ayer hab\u00eda un enorme y enconado conflicto separatista? \u00bfQui\u00e9n era Mas, qu\u00e9 era la CUP y JXS? Como poco, habr\u00e1 que reconocer que nuestras prioridades informativas, incluyendo la campa\u00f1a del 20-D y el 40 aniversario de la muerte de Franco, han saltado hechas a\u00f1icos y el modelo tur\u00edstico internacional est\u00e1 entrando en una profunda crisis de consecuencias tan inmediatas como imprevisibles.<\/p>\n<p style=\"text-align: justify;\">Y esto sigue avanzando vertiginosamente, desbocadamente, hacia un conflicto generalizado en el que ya estamos inmersos y del que parece -\u00a1ay!- que no nos podremos librar. Ahora B\u00e9lgica y Alemania, tras Beirut y el mismo Reino Unido, que hay que enlazar con los sangrientos acontecimientos de Nueva York, Madrid y de tantas otras masacres que habr\u00e1 que estudiar en los libros de historia a cuyos anales hay que incorporar las manifestaciones de la estupidez humana que suelen ocurrir en torno a estos acontecimientos, como las del actual obispo de C\u00f3rdoba (Espa\u00f1a) que se ha descolgado diciendo con la mayor solemnidad e impudicia que no<em> es l\u00edcito matar en nombre de Dios. <\/em>Dec\u00edamos en mi pueblo los chiquillos cuando alguno dec\u00eda con aspavientos haber detectado un pedo a su alrededor: \u00abEl que lo huele, debajo lo tiene\u00bb. M\u00edrese el mos\u00e9n bajo sus propios faldones y conozca la historia de su Iglesia, para no ir m\u00e1s lejos, durante la Guerra Civil Espa\u00f1ola y luego en la Postguerra. Recuerde d\u00f3nde naci\u00f3 la Inquisici\u00f3n y c\u00f3mo naci\u00f3 el t\u00e9rmino Cruzadas y luego respire hondo para callar su boca y superar el rubor clamoroso que seguramente le sobrevendr\u00e1 y observe que los islamistas del Daesh prometen atacar de nuevo Par\u00eds y USA y Roma.<em>\u00a0\u00a0 <\/em><\/p>\n<p style=\"text-align: justify;\"><em>\u00a0<\/em><\/p>\n<p style=\"text-align: justify;\"><em>\u00a0<\/em><\/p>\n<p style=\"text-align: justify;\"><em>\u00a0<\/em><\/p>\n<p style=\"text-align: justify;\"><em>\u00a0<\/em><\/p>\n<p style=\"text-align: justify;\"><em>\u00a0<\/em><\/p>\n<p><em>\u00a0<\/em><\/p>\n<p><em>\u00a0<\/em><\/p>\n<p><strong>\u00a0<\/strong><\/p>\n<p>&nbsp;<\/p>\n","protected":false},"excerpt":{"rendered":"<p>\u00a1A LAS TRINCHERAS!\u00a0 POR JUAN ALFREDO BELL\u00d3N\u00a0 para el domingo 22-XI-2015<\/p>\n","protected":false},"author":1,"featured_media":4695,"comment_status":"closed","ping_status":"closed","sticky":false,"template":"","format":"standard","meta":{"_coblocks_attr":"","_coblocks_dimensions":"","_coblocks_responsive_height":"","_coblocks_accordion_ie_support":"","jetpack_post_was_ever_published":false,"_jetpack_newsletter_access":"","_jetpack_dont_email_post_to_subs":false,"_jetpack_newsletter_tier_id":0,"_jetpack_memberships_contains_paywalled_content":false,"_jetpack_memberships_contains_paid_content":false,"footnotes":"","jetpack_publicize_message":"","jetpack_publicize_feature_enabled":true,"jetpack_social_post_already_shared":false,"jetpack_social_options":{"image_generator_settings":{"template":"highway","default_image_id":0,"enabled":false},"version":2}},"categories":[1161,36,15],"tags":[145,1647,1128,1203],"class_list":["post-4694","post","type-post","status-publish","format-standard","has-post-thumbnail","hentry","category-ciudadania","category-opinion-de-juan-alfredo-bellon","category-ultimas-noticias","tag-analisis","tag-daesh","tag-guerras","tag-terrorismo"],"jetpack_publicize_connections":[],"jetpack_featured_media_url":"https:\/\/i0.wp.com\/miradordeatarfe.es\/wp-content\/uploads\/2015\/11\/TER.jpg?fit=272%2C180&ssl=1","jetpack_likes_enabled":true,"jetpack_sharing_enabled":true,"_links":{"self":[{"href":"https:\/\/miradordeatarfe.es\/index.php?rest_route=\/wp\/v2\/posts\/4694","targetHints":{"allow":["GET"]}}],"collection":[{"href":"https:\/\/miradordeatarfe.es\/index.php?rest_route=\/wp\/v2\/posts"}],"about":[{"href":"https:\/\/miradordeatarfe.es\/index.php?rest_route=\/wp\/v2\/types\/post"}],"author":[{"embeddable":true,"href":"https:\/\/miradordeatarfe.es\/index.php?rest_route=\/wp\/v2\/users\/1"}],"replies":[{"embeddable":true,"href":"https:\/\/miradordeatarfe.es\/index.php?rest_route=%2Fwp%2Fv2%2Fcomments&post=4694"}],"version-history":[{"count":1,"href":"https:\/\/miradordeatarfe.es\/index.php?rest_route=\/wp\/v2\/posts\/4694\/revisions"}],"predecessor-version":[{"id":4696,"href":"https:\/\/miradordeatarfe.es\/index.php?rest_route=\/wp\/v2\/posts\/4694\/revisions\/4696"}],"wp:featuredmedia":[{"embeddable":true,"href":"https:\/\/miradordeatarfe.es\/index.php?rest_route=\/wp\/v2\/media\/4695"}],"wp:attachment":[{"href":"https:\/\/miradordeatarfe.es\/index.php?rest_route=%2Fwp%2Fv2%2Fmedia&parent=4694"}],"wp:term":[{"taxonomy":"category","embeddable":true,"href":"https:\/\/miradordeatarfe.es\/index.php?rest_route=%2Fwp%2Fv2%2Fcategories&post=4694"},{"taxonomy":"post_tag","embeddable":true,"href":"https:\/\/miradordeatarfe.es\/index.php?rest_route=%2Fwp%2Fv2%2Ftags&post=4694"}],"curies":[{"name":"wp","href":"https:\/\/api.w.org\/{rel}","templated":true}]}}