{"id":47022,"date":"2021-05-08T11:12:49","date_gmt":"2021-05-08T09:12:49","guid":{"rendered":"http:\/\/miradordeatarfe.es\/?p=47022"},"modified":"2021-09-22T19:13:49","modified_gmt":"2021-09-22T17:13:49","slug":"imagenes-de-granada-el-cuarto-real-de-santo-domingo-por-alberto-granados","status":"publish","type":"post","link":"https:\/\/miradordeatarfe.es\/?p=47022","title":{"rendered":"\u00abIm\u00e1genes de Granada: El Cuarto Real de Santo Domingo\u00bb por Alberto Granados"},"content":{"rendered":"<h3 class=\"entry-content\">\u00a0\u00a0\u00a0\u00a0\u00a0 Una inmensa parte de los granadinos no conocen el llamado Cuarto Real de Santo Domingo, ya que lleva cerrado bastantes a\u00f1os, pendiente de una rehabilitaci\u00f3n que no terminaba nunca y que ha tra\u00eddo aparejada varios problemas. Al fin, se inaugura el pr\u00f3ximo lunes y lo hace por todo lo alto: con una exposici\u00f3n del pintor-dise\u00f1ador <a href=\"http:\/\/www.granadablogs.com\/juanvida\/\">Juan Vida<\/a>.<\/h3>\n<h5 class=\"entry-title\"><span class=\"sep\"> <span class=\"author vcard\"><a class=\"url fn n\" title=\"Ver todas las entradas de Alberto Granados\" href=\"https:\/\/albertogranados.wordpress.com\/author\/albertogranados\/\">Alberto Granados<\/a><\/span> el <\/span> <span class=\"entry-date\"><a title=\"8:03\" href=\"https:\/\/albertogranados.wordpress.com\/2015\/05\/10\/imagenes-de-granada-35-el-cuarto-real-de-santo-domingo\/\" rel=\"bookmark\">10 mayo, 2015<\/a><\/span> en <span class=\"entry-categories\"><a href=\"https:\/\/albertogranados.wordpress.com\/category\/fotografia-e-imagen\/\" rel=\"category tag\">Fotograf\u00eda e imagen<\/a><\/span><\/h5>\n<div class=\"entry-content\">\n<p style=\"text-align: justify;\">\u00a0\u00a0\u00a0\u00a0\u00a0 Con mil transformaciones a lo largo de su historia, esta quinta de recreo de la \u00e9poca musulmana resulta extra\u00f1a por su emplazamiento en la zona dominica del Realejo. Juan Vel\u00e1zquez de Echeverr\u00eda escrib\u00eda en su <em>Paseos por Granada y sus contornos<\/em> (1764)\u00a0que \u201c\u2026era casa de recreaci\u00f3n perteneciente no a alg\u00fan particular, sino al Rey\u201d, para a\u00f1adir despu\u00e9s la hip\u00f3tesis de que \u201c\u2026lo tendr\u00edan tal vez para pasar ese santo mes (= Ramad\u00e1n) o para retirarse a hacer alguna especie de penitencia o ejercicios en ciertos tiempos del a\u00f1o o cuando fervoroso el esp\u00edritu la dictare\u201d (1). Se sabe que este antiguo palacio fue vendido, junto con una dilatada extensi\u00f3n de huertas,\u00a0a los Reyes Cat\u00f3licos por la madre de Boabdil y que, finalmente, pas\u00f3 a ser propiedad de la orden dominica, que empez\u00f3 a llamar a la qubba (sal\u00f3n regio) con la denominaci\u00f3n de Cuarto Real. En la actualidad, s\u00f3lo quedan unos jardines, el palacete y, dentro de este, la magn\u00edfica estancia real.<\/p>\n<p style=\"text-align: justify;\">\u00a0\u00a0\u00a0\u00a0 Este notable edificio\u00a0ha permanecido cerrado al p\u00fablico m\u00e1s de dos d\u00e9cadas y s\u00f3lo ahora ser\u00e1 visible para el p\u00fablico, tras una actuaci\u00f3n que se ha llevado una elevad\u00edsima suma, m\u00e1s de dos d\u00e9cadas\u00a0y un <a href=\"http:\/\/granadaimedia.com\/los-arquitectos-del-cuarto-real-denuncian-a-nieto\/\">pleito<\/a> entre los arquitectos y este montaraz ayuntamiento de nuestros pecados.<\/p>\n<p style=\"text-align: justify;\">\u00a0\u00a0\u00a0\u00a0 No me considero experto en cuestiones art\u00edsticas, pero la impresi\u00f3n que me llev\u00e9 al visitar el Cuarto Real fue bastante desfavorable. \u00a0Hace unas semanas, en la \u00fanica jornada de puertas abiertas que se ha producido hasta ahora, aprovech\u00e9 para visitar el monumento. Ten\u00eda una vaga idea de un palacete decimon\u00f3nico donde se albergaba la imponente qubba. Las referencias eran fotos dispersas halladas en la red. Lo que me encontr\u00e9 bien podr\u00eda ser una estaci\u00f3n de autobuses, un centro comercial o un as\u00e9ptico tanatorio\u2026 si exceptuamos la mencionada qubba, en la que hay que quitarse el sombrero, aunque se note demasiado lo postizo de algunos elementos (puertas, gorroneras, exceso de m\u00e1rmol, una galer\u00eda superior que podr\u00eda estar en cualquier aeropuerto\u2026). No conozco el proyecto, por lo que ignoro el efecto que los autores han pretendido producir. S\u00f3lo puedo hablar de la impresi\u00f3n que me produjo y de mi rechazo del conjunto, pero eso es cuesti\u00f3n de gusto personal.<\/p>\n<p style=\"text-align: justify;\">\u00a0\u00a0\u00a0\u00a0 Empezar\u00e9 por ofrecer unas im\u00e1genes del decepcionante atrio, del que ya\u00a0<a href=\"https:\/\/albertogranados.wordpress.com\/2014\/12\/07\/otro-desproposito\/\">me ocup\u00e9<\/a> en este blog, tal fue el negativo efecto que me produjo (a\u00fan en fase de obras).<\/p>\n<p id=\"attachment_6795\" class=\"wp-caption aligncenter\" style=\"text-align: justify;\" data-shortcode=\"caption\"><a href=\"https:\/\/albertogranados.files.wordpress.com\/2015\/05\/el-pc3b3rtico-01-diario-ideal.jpg\"><img data-recalc-dims=\"1\" decoding=\"async\" class=\"size-full wp-image-6795\" src=\"https:\/\/albertogranados.files.wordpress.com\/2015\/05\/el-pc3b3rtico-01-diario-ideal.jpg?w=640\" sizes=\"(max-width: 560px) 100vw, 560px\" srcset=\"https:\/\/albertogranados.files.wordpress.com\/2015\/05\/el-pc3b3rtico-01-diario-ideal.jpg?w=560 560w, https:\/\/albertogranados.files.wordpress.com\/2015\/05\/el-pc3b3rtico-01-diario-ideal.jpg?w=150 150w, https:\/\/albertogranados.files.wordpress.com\/2015\/05\/el-pc3b3rtico-01-diario-ideal.jpg?w=300 300w, https:\/\/albertogranados.files.wordpress.com\/2015\/05\/el-pc3b3rtico-01-diario-ideal.jpg 688w\" alt=\"El antiguo p\u00f3rtico, en una vieja imagen de Ideal\" aria-describedby=\"caption-attachment-6795\" data-attachment-id=\"6795\" data-permalink=\"https:\/\/albertogranados.wordpress.com\/2015\/05\/10\/imagenes-de-granada-35-el-cuarto-real-de-santo-domingo\/el-portico-01-diario-ideal\/\" data-orig-file=\"https:\/\/albertogranados.files.wordpress.com\/2015\/05\/el-pc3b3rtico-01-diario-ideal.jpg\" data-orig-size=\"688,532\" data-comments-opened=\"1\" data-image-meta=\"{&quot;aperture&quot;:&quot;0&quot;,&quot;credit&quot;:&quot;&quot;,&quot;camera&quot;:&quot;&quot;,&quot;caption&quot;:&quot;&quot;,&quot;created_timestamp&quot;:&quot;0&quot;,&quot;copyright&quot;:&quot;&quot;,&quot;focal_length&quot;:&quot;0&quot;,&quot;iso&quot;:&quot;0&quot;,&quot;shutter_speed&quot;:&quot;0&quot;,&quot;title&quot;:&quot;&quot;,&quot;orientation&quot;:&quot;0&quot;}\" data-image-title=\"El p\u00f3rtico 01 (diario Ideal)\" data-image-description=\"\" data-medium-file=\"https:\/\/albertogranados.files.wordpress.com\/2015\/05\/el-pc3b3rtico-01-diario-ideal.jpg?w=300\" data-large-file=\"https:\/\/albertogranados.files.wordpress.com\/2015\/05\/el-pc3b3rtico-01-diario-ideal.jpg?w=560\" \/><\/a><\/p>\n<p id=\"caption-attachment-6795\" class=\"wp-caption-text\" style=\"text-align: justify;\">El antiguo p\u00f3rtico, en una vieja imagen de Ideal<\/p>\n<p id=\"attachment_6796\" class=\"wp-caption aligncenter\" style=\"text-align: justify;\" data-shortcode=\"caption\"><a href=\"https:\/\/albertogranados.files.wordpress.com\/2015\/05\/el-pc3b3rtico-02-imagen-de-diciembre-pasado.jpg\"><img data-recalc-dims=\"1\" decoding=\"async\" class=\"size-full wp-image-6796\" src=\"https:\/\/albertogranados.files.wordpress.com\/2015\/05\/el-pc3b3rtico-02-imagen-de-diciembre-pasado.jpg?w=640\" sizes=\"(max-width: 560px) 100vw, 560px\" srcset=\"https:\/\/albertogranados.files.wordpress.com\/2015\/05\/el-pc3b3rtico-02-imagen-de-diciembre-pasado.jpg?w=560 560w, https:\/\/albertogranados.files.wordpress.com\/2015\/05\/el-pc3b3rtico-02-imagen-de-diciembre-pasado.jpg?w=150 150w, https:\/\/albertogranados.files.wordpress.com\/2015\/05\/el-pc3b3rtico-02-imagen-de-diciembre-pasado.jpg?w=300 300w, https:\/\/albertogranados.files.wordpress.com\/2015\/05\/el-pc3b3rtico-02-imagen-de-diciembre-pasado.jpg 640w\" alt=\"El p\u00f3rtico 02 (Imagen de diciembre pasado)\" aria-describedby=\"caption-attachment-6796\" data-attachment-id=\"6796\" data-permalink=\"https:\/\/albertogranados.wordpress.com\/2015\/05\/10\/imagenes-de-granada-35-el-cuarto-real-de-santo-domingo\/el-portico-02-imagen-de-diciembre-pasado\/\" data-orig-file=\"https:\/\/albertogranados.files.wordpress.com\/2015\/05\/el-pc3b3rtico-02-imagen-de-diciembre-pasado.jpg\" data-orig-size=\"640,480\" data-comments-opened=\"1\" data-image-meta=\"{&quot;aperture&quot;:&quot;3.4&quot;,&quot;credit&quot;:&quot;&quot;,&quot;camera&quot;:&quot;Canon PowerShot SX500 IS&quot;,&quot;caption&quot;:&quot;&quot;,&quot;created_timestamp&quot;:&quot;1417521722&quot;,&quot;copyright&quot;:&quot;&quot;,&quot;focal_length&quot;:&quot;4.3&quot;,&quot;iso&quot;:&quot;200&quot;,&quot;shutter_speed&quot;:&quot;0.0015625&quot;,&quot;title&quot;:&quot;&quot;,&quot;orientation&quot;:&quot;1&quot;}\" data-image-title=\"El p\u00f3rtico 02 (Imagen de diciembre pasado)\" data-image-description=\"\" data-medium-file=\"https:\/\/albertogranados.files.wordpress.com\/2015\/05\/el-pc3b3rtico-02-imagen-de-diciembre-pasado.jpg?w=300\" data-large-file=\"https:\/\/albertogranados.files.wordpress.com\/2015\/05\/el-pc3b3rtico-02-imagen-de-diciembre-pasado.jpg?w=560\" \/><\/a><\/p>\n<p id=\"caption-attachment-6796\" class=\"wp-caption-text\" style=\"text-align: justify;\">El p\u00f3rtico 02 (Imagen de diciembre pasado)<\/p>\n<p id=\"attachment_6797\" class=\"wp-caption aligncenter\" style=\"text-align: justify;\" data-shortcode=\"caption\"><a href=\"https:\/\/albertogranados.files.wordpress.com\/2015\/05\/el-pc3b3rtico-03-desde-dentro.jpg\"><img data-recalc-dims=\"1\" decoding=\"async\" class=\"size-full wp-image-6797\" src=\"https:\/\/albertogranados.files.wordpress.com\/2015\/05\/el-pc3b3rtico-03-desde-dentro.jpg?w=640\" sizes=\"(max-width: 560px) 100vw, 560px\" srcset=\"https:\/\/albertogranados.files.wordpress.com\/2015\/05\/el-pc3b3rtico-03-desde-dentro.jpg?w=560 560w, https:\/\/albertogranados.files.wordpress.com\/2015\/05\/el-pc3b3rtico-03-desde-dentro.jpg?w=150 150w, https:\/\/albertogranados.files.wordpress.com\/2015\/05\/el-pc3b3rtico-03-desde-dentro.jpg?w=300 300w, https:\/\/albertogranados.files.wordpress.com\/2015\/05\/el-pc3b3rtico-03-desde-dentro.jpg 672w\" alt=\"El p\u00f3rtico 03: desde dentro\" aria-describedby=\"caption-attachment-6797\" data-attachment-id=\"6797\" data-permalink=\"https:\/\/albertogranados.wordpress.com\/2015\/05\/10\/imagenes-de-granada-35-el-cuarto-real-de-santo-domingo\/el-portico-03-desde-dentro\/\" data-orig-file=\"https:\/\/albertogranados.files.wordpress.com\/2015\/05\/el-pc3b3rtico-03-desde-dentro.jpg\" data-orig-size=\"672,504\" data-comments-opened=\"1\" data-image-meta=\"{&quot;aperture&quot;:&quot;4&quot;,&quot;credit&quot;:&quot;&quot;,&quot;camera&quot;:&quot;Canon PowerShot SX500 IS&quot;,&quot;caption&quot;:&quot;&quot;,&quot;created_timestamp&quot;:&quot;1427400423&quot;,&quot;copyright&quot;:&quot;&quot;,&quot;focal_length&quot;:&quot;4.3&quot;,&quot;iso&quot;:&quot;200&quot;,&quot;shutter_speed&quot;:&quot;0.016666666666667&quot;,&quot;title&quot;:&quot;&quot;,&quot;orientation&quot;:&quot;1&quot;}\" data-image-title=\"El p\u00f3rtico 03 desde dentro\" data-image-description=\"\" data-medium-file=\"https:\/\/albertogranados.files.wordpress.com\/2015\/05\/el-pc3b3rtico-03-desde-dentro.jpg?w=300\" data-large-file=\"https:\/\/albertogranados.files.wordpress.com\/2015\/05\/el-pc3b3rtico-03-desde-dentro.jpg?w=560\" \/><\/a><\/p>\n<p id=\"caption-attachment-6797\" class=\"wp-caption-text\" style=\"text-align: justify;\">El p\u00f3rtico 03: desde dentro<\/p>\n<p style=\"text-align: justify;\">\u00a0\u00a0\u00a0\u00a0\u00a0\u00a0\u00a0\u00a0 Los accesos al palacete de la qubba.<\/p>\n<p id=\"attachment_6798\" class=\"wp-caption aligncenter\" style=\"text-align: justify;\" data-shortcode=\"caption\"><a href=\"https:\/\/albertogranados.files.wordpress.com\/2015\/05\/acceso-01.jpg\"><img data-recalc-dims=\"1\" decoding=\"async\" class=\"size-full wp-image-6798\" src=\"https:\/\/albertogranados.files.wordpress.com\/2015\/05\/acceso-01.jpg?w=640\" sizes=\"(max-width: 560px) 100vw, 560px\" srcset=\"https:\/\/albertogranados.files.wordpress.com\/2015\/05\/acceso-01.jpg?w=560 560w, https:\/\/albertogranados.files.wordpress.com\/2015\/05\/acceso-01.jpg?w=150 150w, https:\/\/albertogranados.files.wordpress.com\/2015\/05\/acceso-01.jpg?w=300 300w, https:\/\/albertogranados.files.wordpress.com\/2015\/05\/acceso-01.jpg 672w\" alt=\"Accesos 01\" aria-describedby=\"caption-attachment-6798\" data-attachment-id=\"6798\" data-permalink=\"https:\/\/albertogranados.wordpress.com\/2015\/05\/10\/imagenes-de-granada-35-el-cuarto-real-de-santo-domingo\/acceso-01\/\" data-orig-file=\"https:\/\/albertogranados.files.wordpress.com\/2015\/05\/acceso-01.jpg\" data-orig-size=\"672,504\" data-comments-opened=\"1\" data-image-meta=\"{&quot;aperture&quot;:&quot;5&quot;,&quot;credit&quot;:&quot;&quot;,&quot;camera&quot;:&quot;Canon PowerShot SX500 IS&quot;,&quot;caption&quot;:&quot;&quot;,&quot;created_timestamp&quot;:&quot;1427399206&quot;,&quot;copyright&quot;:&quot;&quot;,&quot;focal_length&quot;:&quot;9.807&quot;,&quot;iso&quot;:&quot;200&quot;,&quot;shutter_speed&quot;:&quot;0.01&quot;,&quot;title&quot;:&quot;&quot;,&quot;orientation&quot;:&quot;1&quot;}\" data-image-title=\"Acceso 01\" data-image-description=\"\" data-medium-file=\"https:\/\/albertogranados.files.wordpress.com\/2015\/05\/acceso-01.jpg?w=300\" data-large-file=\"https:\/\/albertogranados.files.wordpress.com\/2015\/05\/acceso-01.jpg?w=560\" \/><\/a><\/p>\n<p id=\"caption-attachment-6798\" class=\"wp-caption-text\" style=\"text-align: justify;\">Accesos 01<\/p>\n<p style=\"text-align: justify;\">\u00a0\u00a0\u00a0\u00a0<a href=\"https:\/\/albertogranados.files.wordpress.com\/2015\/05\/accesos-02.jpg\"><img data-recalc-dims=\"1\" decoding=\"async\" class=\"size-full wp-image-6799\" src=\"https:\/\/albertogranados.files.wordpress.com\/2015\/05\/accesos-02.jpg?w=640\" sizes=\"(max-width: 560px) 100vw, 560px\" srcset=\"https:\/\/albertogranados.files.wordpress.com\/2015\/05\/accesos-02.jpg?w=560 560w, https:\/\/albertogranados.files.wordpress.com\/2015\/05\/accesos-02.jpg?w=150 150w, https:\/\/albertogranados.files.wordpress.com\/2015\/05\/accesos-02.jpg?w=300 300w, https:\/\/albertogranados.files.wordpress.com\/2015\/05\/accesos-02.jpg 672w\" alt=\"Accesos 02\" aria-describedby=\"caption-attachment-6799\" data-attachment-id=\"6799\" data-permalink=\"https:\/\/albertogranados.wordpress.com\/2015\/05\/10\/imagenes-de-granada-35-el-cuarto-real-de-santo-domingo\/accesos-02\/\" data-orig-file=\"https:\/\/albertogranados.files.wordpress.com\/2015\/05\/accesos-02.jpg\" data-orig-size=\"672,504\" data-comments-opened=\"1\" data-image-meta=\"{&quot;aperture&quot;:&quot;4&quot;,&quot;credit&quot;:&quot;&quot;,&quot;camera&quot;:&quot;Canon PowerShot SX500 IS&quot;,&quot;caption&quot;:&quot;&quot;,&quot;created_timestamp&quot;:&quot;1427399263&quot;,&quot;copyright&quot;:&quot;&quot;,&quot;focal_length&quot;:&quot;4.3&quot;,&quot;iso&quot;:&quot;200&quot;,&quot;shutter_speed&quot;:&quot;0.008&quot;,&quot;title&quot;:&quot;&quot;,&quot;orientation&quot;:&quot;1&quot;}\" data-image-title=\"Accesos 02\" data-image-description=\"\" data-medium-file=\"https:\/\/albertogranados.files.wordpress.com\/2015\/05\/accesos-02.jpg?w=300\" data-large-file=\"https:\/\/albertogranados.files.wordpress.com\/2015\/05\/accesos-02.jpg?w=560\" \/><\/a><\/p>\n<p id=\"caption-attachment-6799\" class=\"wp-caption-text\" style=\"text-align: justify;\">Accesos 02<\/p>\n<p style=\"text-align: justify;\">\u00a0\u00a0\u00a0\u00a0 A continuaci\u00f3n, unas im\u00e1genes del mencionado palacete antes y despu\u00e9s de la rehabilitaci\u00f3n. La asepsia de esas fachadas me lo desautoriza: no me dice nada y tengo la sensaci\u00f3n de que se trata de un proyecto fallido.<\/p>\n<p id=\"attachment_6800\" class=\"wp-caption aligncenter\" style=\"text-align: justify;\" data-shortcode=\"caption\"><a href=\"https:\/\/albertogranados.files.wordpress.com\/2015\/05\/realejo-cuarto-real-de-santo-domingo-04-e1431192000515.jpg\"><img data-recalc-dims=\"1\" decoding=\"async\" class=\"size-full wp-image-6800\" src=\"https:\/\/albertogranados.files.wordpress.com\/2015\/05\/realejo-cuarto-real-de-santo-domingo-04-e1431192000515.jpg?w=640\" sizes=\"(max-width: 416px) 100vw, 416px\" srcset=\"https:\/\/albertogranados.files.wordpress.com\/2015\/05\/realejo-cuarto-real-de-santo-domingo-04-e1431192000515.jpg 416w, https:\/\/albertogranados.files.wordpress.com\/2015\/05\/realejo-cuarto-real-de-santo-domingo-04-e1431192000515.jpg?w=113 113w, https:\/\/albertogranados.files.wordpress.com\/2015\/05\/realejo-cuarto-real-de-santo-domingo-04-e1431192000515.jpg?w=225 225w\" alt=\"El palacete, antes de su restauraci\u00f3n 01\" aria-describedby=\"caption-attachment-6800\" data-attachment-id=\"6800\" data-permalink=\"https:\/\/albertogranados.wordpress.com\/2015\/05\/10\/imagenes-de-granada-35-el-cuarto-real-de-santo-domingo\/realejo-cuarto-real-de-santo-domingo-04\/\" data-orig-file=\"https:\/\/albertogranados.files.wordpress.com\/2015\/05\/realejo-cuarto-real-de-santo-domingo-04-e1431192000515.jpg\" data-orig-size=\"416,554\" data-comments-opened=\"1\" data-image-meta=\"{&quot;aperture&quot;:&quot;4.2&quot;,&quot;credit&quot;:&quot;&quot;,&quot;camera&quot;:&quot;COOLPIX S51&quot;,&quot;caption&quot;:&quot;&quot;,&quot;created_timestamp&quot;:&quot;1338368826&quot;,&quot;copyright&quot;:&quot;&quot;,&quot;focal_length&quot;:&quot;18.9&quot;,&quot;iso&quot;:&quot;100&quot;,&quot;shutter_speed&quot;:&quot;0.008&quot;,&quot;title&quot;:&quot;&quot;,&quot;orientation&quot;:&quot;1&quot;}\" data-image-title=\"REALEJO Cuarto Real de Santo Domingo 04\" data-image-description=\"\" data-medium-file=\"https:\/\/albertogranados.files.wordpress.com\/2015\/05\/realejo-cuarto-real-de-santo-domingo-04-e1431192000515.jpg?w=225\" data-large-file=\"https:\/\/albertogranados.files.wordpress.com\/2015\/05\/realejo-cuarto-real-de-santo-domingo-04-e1431192000515.jpg?w=416\" \/><\/a><\/p>\n<p id=\"caption-attachment-6800\" class=\"wp-caption-text\" style=\"text-align: justify;\">El palacete, antes de su restauraci\u00f3n 01<\/p>\n<p id=\"attachment_6801\" class=\"wp-caption aligncenter\" style=\"text-align: justify;\" data-shortcode=\"caption\"><a href=\"https:\/\/albertogranados.files.wordpress.com\/2015\/05\/realejo-cuarto-real-de-santo-domingo-06.jpg\"><img data-recalc-dims=\"1\" decoding=\"async\" class=\"size-full wp-image-6801\" src=\"https:\/\/albertogranados.files.wordpress.com\/2015\/05\/realejo-cuarto-real-de-santo-domingo-06.jpg?w=640\" sizes=\"(max-width: 560px) 100vw, 560px\" srcset=\"https:\/\/albertogranados.files.wordpress.com\/2015\/05\/realejo-cuarto-real-de-santo-domingo-06.jpg?w=560 560w, https:\/\/albertogranados.files.wordpress.com\/2015\/05\/realejo-cuarto-real-de-santo-domingo-06.jpg?w=150 150w, https:\/\/albertogranados.files.wordpress.com\/2015\/05\/realejo-cuarto-real-de-santo-domingo-06.jpg?w=300 300w, https:\/\/albertogranados.files.wordpress.com\/2015\/05\/realejo-cuarto-real-de-santo-domingo-06.jpg 718w\" alt=\"El palacete, antes de su restauraci\u00f3n 02\" aria-describedby=\"caption-attachment-6801\" data-attachment-id=\"6801\" data-permalink=\"https:\/\/albertogranados.wordpress.com\/2015\/05\/10\/imagenes-de-granada-35-el-cuarto-real-de-santo-domingo\/realejo-cuarto-real-de-santo-domingo-06\/\" data-orig-file=\"https:\/\/albertogranados.files.wordpress.com\/2015\/05\/realejo-cuarto-real-de-santo-domingo-06.jpg\" data-orig-size=\"718,539\" data-comments-opened=\"1\" data-image-meta=\"{&quot;aperture&quot;:&quot;0&quot;,&quot;credit&quot;:&quot;&quot;,&quot;camera&quot;:&quot;&quot;,&quot;caption&quot;:&quot;&quot;,&quot;created_timestamp&quot;:&quot;0&quot;,&quot;copyright&quot;:&quot;&quot;,&quot;focal_length&quot;:&quot;0&quot;,&quot;iso&quot;:&quot;0&quot;,&quot;shutter_speed&quot;:&quot;0&quot;,&quot;title&quot;:&quot;&quot;,&quot;orientation&quot;:&quot;0&quot;}\" data-image-title=\"REALEJO Cuarto Real de Santo Domingo 06\" data-image-description=\"\" data-medium-file=\"https:\/\/albertogranados.files.wordpress.com\/2015\/05\/realejo-cuarto-real-de-santo-domingo-06.jpg?w=300\" data-large-file=\"https:\/\/albertogranados.files.wordpress.com\/2015\/05\/realejo-cuarto-real-de-santo-domingo-06.jpg?w=560\" \/><\/a><\/p>\n<p id=\"caption-attachment-6801\" class=\"wp-caption-text\" style=\"text-align: justify;\">El palacete, antes de su restauraci\u00f3n 02<\/p>\n<p id=\"attachment_6805\" class=\"wp-caption aligncenter\" style=\"text-align: justify;\" data-shortcode=\"caption\"><a href=\"https:\/\/albertogranados.files.wordpress.com\/2015\/05\/realejo-cuarto-real-de-santo-domingo-47.jpg\"><img data-recalc-dims=\"1\" decoding=\"async\" class=\"size-full wp-image-6805\" src=\"https:\/\/albertogranados.files.wordpress.com\/2015\/05\/realejo-cuarto-real-de-santo-domingo-47.jpg?w=640\" sizes=\"(max-width: 560px) 100vw, 560px\" srcset=\"https:\/\/albertogranados.files.wordpress.com\/2015\/05\/realejo-cuarto-real-de-santo-domingo-47.jpg?w=560 560w, https:\/\/albertogranados.files.wordpress.com\/2015\/05\/realejo-cuarto-real-de-santo-domingo-47.jpg?w=150 150w, https:\/\/albertogranados.files.wordpress.com\/2015\/05\/realejo-cuarto-real-de-santo-domingo-47.jpg?w=300 300w, https:\/\/albertogranados.files.wordpress.com\/2015\/05\/realejo-cuarto-real-de-santo-domingo-47.jpg 672w\" alt=\"Palacete restaurado 01\" aria-describedby=\"caption-attachment-6805\" data-attachment-id=\"6805\" data-permalink=\"https:\/\/albertogranados.wordpress.com\/2015\/05\/10\/imagenes-de-granada-35-el-cuarto-real-de-santo-domingo\/realejo-cuarto-real-de-santo-domingo-47\/\" data-orig-file=\"https:\/\/albertogranados.files.wordpress.com\/2015\/05\/realejo-cuarto-real-de-santo-domingo-47.jpg\" data-orig-size=\"672,504\" data-comments-opened=\"1\" data-image-meta=\"{&quot;aperture&quot;:&quot;4&quot;,&quot;credit&quot;:&quot;&quot;,&quot;camera&quot;:&quot;Canon PowerShot SX500 IS&quot;,&quot;caption&quot;:&quot;&quot;,&quot;created_timestamp&quot;:&quot;1427400183&quot;,&quot;copyright&quot;:&quot;&quot;,&quot;focal_length&quot;:&quot;4.3&quot;,&quot;iso&quot;:&quot;200&quot;,&quot;shutter_speed&quot;:&quot;0.01&quot;,&quot;title&quot;:&quot;&quot;,&quot;orientation&quot;:&quot;1&quot;}\" data-image-title=\"REALEJO Cuarto Real de Santo Domingo 47\" data-image-description=\"\" data-medium-file=\"https:\/\/albertogranados.files.wordpress.com\/2015\/05\/realejo-cuarto-real-de-santo-domingo-47.jpg?w=300\" data-large-file=\"https:\/\/albertogranados.files.wordpress.com\/2015\/05\/realejo-cuarto-real-de-santo-domingo-47.jpg?w=560\" \/><\/a><\/p>\n<p id=\"caption-attachment-6805\" class=\"wp-caption-text\" style=\"text-align: justify;\">Palacete restaurado 01<\/p>\n<p id=\"attachment_6806\" class=\"wp-caption aligncenter\" style=\"text-align: justify;\" data-shortcode=\"caption\"><a href=\"https:\/\/albertogranados.files.wordpress.com\/2015\/05\/realejo-cuarto-real-de-santo-domingo-48.jpg\"><img data-recalc-dims=\"1\" decoding=\"async\" class=\"size-full wp-image-6806\" src=\"https:\/\/albertogranados.files.wordpress.com\/2015\/05\/realejo-cuarto-real-de-santo-domingo-48.jpg?w=640\" sizes=\"(max-width: 560px) 100vw, 560px\" srcset=\"https:\/\/albertogranados.files.wordpress.com\/2015\/05\/realejo-cuarto-real-de-santo-domingo-48.jpg?w=560 560w, https:\/\/albertogranados.files.wordpress.com\/2015\/05\/realejo-cuarto-real-de-santo-domingo-48.jpg?w=150 150w, https:\/\/albertogranados.files.wordpress.com\/2015\/05\/realejo-cuarto-real-de-santo-domingo-48.jpg?w=300 300w, https:\/\/albertogranados.files.wordpress.com\/2015\/05\/realejo-cuarto-real-de-santo-domingo-48.jpg 672w\" alt=\"Palacete restaurado 02\" aria-describedby=\"caption-attachment-6806\" data-attachment-id=\"6806\" data-permalink=\"https:\/\/albertogranados.wordpress.com\/2015\/05\/10\/imagenes-de-granada-35-el-cuarto-real-de-santo-domingo\/realejo-cuarto-real-de-santo-domingo-48\/\" data-orig-file=\"https:\/\/albertogranados.files.wordpress.com\/2015\/05\/realejo-cuarto-real-de-santo-domingo-48.jpg\" data-orig-size=\"672,504\" data-comments-opened=\"1\" data-image-meta=\"{&quot;aperture&quot;:&quot;4&quot;,&quot;credit&quot;:&quot;&quot;,&quot;camera&quot;:&quot;Canon PowerShot SX500 IS&quot;,&quot;caption&quot;:&quot;&quot;,&quot;created_timestamp&quot;:&quot;1427400216&quot;,&quot;copyright&quot;:&quot;&quot;,&quot;focal_length&quot;:&quot;4.3&quot;,&quot;iso&quot;:&quot;200&quot;,&quot;shutter_speed&quot;:&quot;0.008&quot;,&quot;title&quot;:&quot;&quot;,&quot;orientation&quot;:&quot;1&quot;}\" data-image-title=\"REALEJO Cuarto Real de Santo Domingo 48\" data-image-description=\"\" data-medium-file=\"https:\/\/albertogranados.files.wordpress.com\/2015\/05\/realejo-cuarto-real-de-santo-domingo-48.jpg?w=300\" data-large-file=\"https:\/\/albertogranados.files.wordpress.com\/2015\/05\/realejo-cuarto-real-de-santo-domingo-48.jpg?w=560\" \/><\/a><\/p>\n<p id=\"caption-attachment-6806\" class=\"wp-caption-text\" style=\"text-align: justify;\">Palacete restaurado 02<\/p>\n<p style=\"text-align: justify;\">\u00a0\u00a0\u00a0\u00a0 Los restos arqueol\u00f3gicos se han conservado y expuestos bajo el suelo de cristal. La tarde en que visit\u00e9 el monumento varios ni\u00f1os hac\u00edan el ganso correteando sobre los restos, como si se tratara de un parque p\u00fablico sin que sus padres parecieran preocuparse de educarlos.<\/p>\n<p id=\"attachment_6802\" class=\"wp-caption aligncenter\" style=\"text-align: justify;\" data-shortcode=\"caption\"><a href=\"https:\/\/albertogranados.files.wordpress.com\/2015\/05\/restos-01.jpg\"><img data-recalc-dims=\"1\" decoding=\"async\" class=\"size-full wp-image-6802\" src=\"https:\/\/albertogranados.files.wordpress.com\/2015\/05\/restos-01.jpg?w=640\" sizes=\"(max-width: 560px) 100vw, 560px\" srcset=\"https:\/\/albertogranados.files.wordpress.com\/2015\/05\/restos-01.jpg?w=560 560w, https:\/\/albertogranados.files.wordpress.com\/2015\/05\/restos-01.jpg?w=150 150w, https:\/\/albertogranados.files.wordpress.com\/2015\/05\/restos-01.jpg?w=300 300w, https:\/\/albertogranados.files.wordpress.com\/2015\/05\/restos-01.jpg 672w\" alt=\"Restos 01\" aria-describedby=\"caption-attachment-6802\" data-attachment-id=\"6802\" data-permalink=\"https:\/\/albertogranados.wordpress.com\/2015\/05\/10\/imagenes-de-granada-35-el-cuarto-real-de-santo-domingo\/restos-01\/\" data-orig-file=\"https:\/\/albertogranados.files.wordpress.com\/2015\/05\/restos-01.jpg\" data-orig-size=\"672,504\" data-comments-opened=\"1\" data-image-meta=\"{&quot;aperture&quot;:&quot;3.4&quot;,&quot;credit&quot;:&quot;&quot;,&quot;camera&quot;:&quot;Canon PowerShot SX500 IS&quot;,&quot;caption&quot;:&quot;&quot;,&quot;created_timestamp&quot;:&quot;1427399371&quot;,&quot;copyright&quot;:&quot;&quot;,&quot;focal_length&quot;:&quot;4.3&quot;,&quot;iso&quot;:&quot;320&quot;,&quot;shutter_speed&quot;:&quot;0.033333333333333&quot;,&quot;title&quot;:&quot;&quot;,&quot;orientation&quot;:&quot;1&quot;}\" data-image-title=\"Restos 01\" data-image-description=\"\" data-medium-file=\"https:\/\/albertogranados.files.wordpress.com\/2015\/05\/restos-01.jpg?w=300\" data-large-file=\"https:\/\/albertogranados.files.wordpress.com\/2015\/05\/restos-01.jpg?w=560\" \/><\/a><\/p>\n<p id=\"caption-attachment-6802\" class=\"wp-caption-text\" style=\"text-align: justify;\">Restos 01<\/p>\n<p id=\"attachment_6803\" class=\"wp-caption aligncenter\" style=\"text-align: justify;\" data-shortcode=\"caption\"><a href=\"https:\/\/albertogranados.files.wordpress.com\/2015\/05\/restos-02.jpg\"><img data-recalc-dims=\"1\" decoding=\"async\" class=\"size-full wp-image-6803\" src=\"https:\/\/albertogranados.files.wordpress.com\/2015\/05\/restos-02.jpg?w=640\" sizes=\"(max-width: 560px) 100vw, 560px\" srcset=\"https:\/\/albertogranados.files.wordpress.com\/2015\/05\/restos-02.jpg?w=560 560w, https:\/\/albertogranados.files.wordpress.com\/2015\/05\/restos-02.jpg?w=150 150w, https:\/\/albertogranados.files.wordpress.com\/2015\/05\/restos-02.jpg?w=300 300w, https:\/\/albertogranados.files.wordpress.com\/2015\/05\/restos-02.jpg 672w\" alt=\"Restos 02\" aria-describedby=\"caption-attachment-6803\" data-attachment-id=\"6803\" data-permalink=\"https:\/\/albertogranados.wordpress.com\/2015\/05\/10\/imagenes-de-granada-35-el-cuarto-real-de-santo-domingo\/restos-02\/\" data-orig-file=\"https:\/\/albertogranados.files.wordpress.com\/2015\/05\/restos-02.jpg\" data-orig-size=\"672,504\" data-comments-opened=\"1\" data-image-meta=\"{&quot;aperture&quot;:&quot;3.4&quot;,&quot;credit&quot;:&quot;&quot;,&quot;camera&quot;:&quot;Canon PowerShot SX500 IS&quot;,&quot;caption&quot;:&quot;&quot;,&quot;created_timestamp&quot;:&quot;1427400807&quot;,&quot;copyright&quot;:&quot;&quot;,&quot;focal_length&quot;:&quot;4.3&quot;,&quot;iso&quot;:&quot;400&quot;,&quot;shutter_speed&quot;:&quot;0.016666666666667&quot;,&quot;title&quot;:&quot;&quot;,&quot;orientation&quot;:&quot;1&quot;}\" data-image-title=\"Restos 02\" data-image-description=\"\" data-medium-file=\"https:\/\/albertogranados.files.wordpress.com\/2015\/05\/restos-02.jpg?w=300\" data-large-file=\"https:\/\/albertogranados.files.wordpress.com\/2015\/05\/restos-02.jpg?w=560\" \/><\/a><\/p>\n<p id=\"caption-attachment-6803\" class=\"wp-caption-text\" style=\"text-align: justify;\">Restos 02<\/p>\n<p style=\"text-align: justify;\">\u00a0\u00a0\u00a0\u00a0 La singular belleza de la qubba. Imposible ponerle el menor reparo.<\/p>\n<p id=\"attachment_6807\" class=\"wp-caption aligncenter\" style=\"text-align: justify;\" data-shortcode=\"caption\"><a href=\"https:\/\/albertogranados.files.wordpress.com\/2015\/05\/la-qubba-01.jpg\"><img data-recalc-dims=\"1\" decoding=\"async\" class=\"size-full wp-image-6807\" src=\"https:\/\/albertogranados.files.wordpress.com\/2015\/05\/la-qubba-01.jpg?w=640\" sizes=\"(max-width: 560px) 100vw, 560px\" srcset=\"https:\/\/albertogranados.files.wordpress.com\/2015\/05\/la-qubba-01.jpg?w=560 560w, https:\/\/albertogranados.files.wordpress.com\/2015\/05\/la-qubba-01.jpg?w=150 150w, https:\/\/albertogranados.files.wordpress.com\/2015\/05\/la-qubba-01.jpg?w=300 300w, https:\/\/albertogranados.files.wordpress.com\/2015\/05\/la-qubba-01.jpg 672w\" alt=\"La qubba 01\" aria-describedby=\"caption-attachment-6807\" data-attachment-id=\"6807\" data-permalink=\"https:\/\/albertogranados.wordpress.com\/2015\/05\/10\/imagenes-de-granada-35-el-cuarto-real-de-santo-domingo\/la-qubba-01\/\" data-orig-file=\"https:\/\/albertogranados.files.wordpress.com\/2015\/05\/la-qubba-01.jpg\" data-orig-size=\"672,504\" data-comments-opened=\"1\" data-image-meta=\"{&quot;aperture&quot;:&quot;3.4&quot;,&quot;credit&quot;:&quot;&quot;,&quot;camera&quot;:&quot;Canon PowerShot SX500 IS&quot;,&quot;caption&quot;:&quot;&quot;,&quot;created_timestamp&quot;:&quot;1427399386&quot;,&quot;copyright&quot;:&quot;&quot;,&quot;focal_length&quot;:&quot;4.3&quot;,&quot;iso&quot;:&quot;250&quot;,&quot;shutter_speed&quot;:&quot;0.033333333333333&quot;,&quot;title&quot;:&quot;&quot;,&quot;orientation&quot;:&quot;1&quot;}\" data-image-title=\"La qubba 01\" data-image-description=\"\" data-medium-file=\"https:\/\/albertogranados.files.wordpress.com\/2015\/05\/la-qubba-01.jpg?w=300\" data-large-file=\"https:\/\/albertogranados.files.wordpress.com\/2015\/05\/la-qubba-01.jpg?w=560\" \/><\/a><\/p>\n<p id=\"caption-attachment-6807\" class=\"wp-caption-text\" style=\"text-align: justify;\">La qubba 01<\/p>\n<p id=\"attachment_6808\" class=\"wp-caption aligncenter\" style=\"text-align: justify;\" data-shortcode=\"caption\"><a href=\"https:\/\/albertogranados.files.wordpress.com\/2015\/05\/la-qubba-02.jpg\"><img data-recalc-dims=\"1\" decoding=\"async\" class=\"size-full wp-image-6808\" src=\"https:\/\/albertogranados.files.wordpress.com\/2015\/05\/la-qubba-02.jpg?w=640\" sizes=\"(max-width: 560px) 100vw, 560px\" srcset=\"https:\/\/albertogranados.files.wordpress.com\/2015\/05\/la-qubba-02.jpg?w=560 560w, https:\/\/albertogranados.files.wordpress.com\/2015\/05\/la-qubba-02.jpg?w=150 150w, https:\/\/albertogranados.files.wordpress.com\/2015\/05\/la-qubba-02.jpg?w=300 300w, https:\/\/albertogranados.files.wordpress.com\/2015\/05\/la-qubba-02.jpg 672w\" alt=\"La qubba 02\" aria-describedby=\"caption-attachment-6808\" data-attachment-id=\"6808\" data-permalink=\"https:\/\/albertogranados.wordpress.com\/2015\/05\/10\/imagenes-de-granada-35-el-cuarto-real-de-santo-domingo\/la-qubba-02\/\" data-orig-file=\"https:\/\/albertogranados.files.wordpress.com\/2015\/05\/la-qubba-02.jpg\" data-orig-size=\"672,504\" data-comments-opened=\"1\" data-image-meta=\"{&quot;aperture&quot;:&quot;3.4&quot;,&quot;credit&quot;:&quot;&quot;,&quot;camera&quot;:&quot;Canon PowerShot SX500 IS&quot;,&quot;caption&quot;:&quot;&quot;,&quot;created_timestamp&quot;:&quot;1427400716&quot;,&quot;copyright&quot;:&quot;&quot;,&quot;focal_length&quot;:&quot;4.3&quot;,&quot;iso&quot;:&quot;200&quot;,&quot;shutter_speed&quot;:&quot;0.033333333333333&quot;,&quot;title&quot;:&quot;&quot;,&quot;orientation&quot;:&quot;1&quot;}\" data-image-title=\"La qubba 02\" data-image-description=\"\" data-medium-file=\"https:\/\/albertogranados.files.wordpress.com\/2015\/05\/la-qubba-02.jpg?w=300\" data-large-file=\"https:\/\/albertogranados.files.wordpress.com\/2015\/05\/la-qubba-02.jpg?w=560\" \/><\/a><\/p>\n<p id=\"caption-attachment-6808\" class=\"wp-caption-text\" style=\"text-align: justify;\">La qubba 02<\/p>\n<p id=\"attachment_6809\" class=\"wp-caption aligncenter\" style=\"text-align: justify;\" data-shortcode=\"caption\"><a href=\"https:\/\/albertogranados.files.wordpress.com\/2015\/05\/la-qubba-03-detalle-de-la-albanega.jpg\"><img data-recalc-dims=\"1\" decoding=\"async\" class=\"size-full wp-image-6809\" src=\"https:\/\/albertogranados.files.wordpress.com\/2015\/05\/la-qubba-03-detalle-de-la-albanega.jpg?w=640\" sizes=\"(max-width: 560px) 100vw, 560px\" srcset=\"https:\/\/albertogranados.files.wordpress.com\/2015\/05\/la-qubba-03-detalle-de-la-albanega.jpg?w=560 560w, https:\/\/albertogranados.files.wordpress.com\/2015\/05\/la-qubba-03-detalle-de-la-albanega.jpg?w=150 150w, https:\/\/albertogranados.files.wordpress.com\/2015\/05\/la-qubba-03-detalle-de-la-albanega.jpg?w=300 300w, https:\/\/albertogranados.files.wordpress.com\/2015\/05\/la-qubba-03-detalle-de-la-albanega.jpg 672w\" alt=\"La qubba 03 Detalle de la albanega\" aria-describedby=\"caption-attachment-6809\" data-attachment-id=\"6809\" data-permalink=\"https:\/\/albertogranados.wordpress.com\/2015\/05\/10\/imagenes-de-granada-35-el-cuarto-real-de-santo-domingo\/la-qubba-03-detalle-de-la-albanega\/\" data-orig-file=\"https:\/\/albertogranados.files.wordpress.com\/2015\/05\/la-qubba-03-detalle-de-la-albanega.jpg\" data-orig-size=\"672,504\" data-comments-opened=\"1\" data-image-meta=\"{&quot;aperture&quot;:&quot;5.6&quot;,&quot;credit&quot;:&quot;&quot;,&quot;camera&quot;:&quot;Canon PowerShot SX500 IS&quot;,&quot;caption&quot;:&quot;&quot;,&quot;created_timestamp&quot;:&quot;1427399403&quot;,&quot;copyright&quot;:&quot;&quot;,&quot;focal_length&quot;:&quot;42.354&quot;,&quot;iso&quot;:&quot;500&quot;,&quot;shutter_speed&quot;:&quot;0.05&quot;,&quot;title&quot;:&quot;&quot;,&quot;orientation&quot;:&quot;1&quot;}\" data-image-title=\"La qubba 03 Detalle de la albanega\" data-image-description=\"\" data-medium-file=\"https:\/\/albertogranados.files.wordpress.com\/2015\/05\/la-qubba-03-detalle-de-la-albanega.jpg?w=300\" data-large-file=\"https:\/\/albertogranados.files.wordpress.com\/2015\/05\/la-qubba-03-detalle-de-la-albanega.jpg?w=560\" \/><\/a><\/p>\n<p id=\"caption-attachment-6809\" class=\"wp-caption-text\" style=\"text-align: justify;\">La qubba 03 Detalle de la albanega<\/p>\n<p id=\"attachment_6810\" class=\"wp-caption aligncenter\" style=\"text-align: justify;\" data-shortcode=\"caption\"><a href=\"https:\/\/albertogranados.files.wordpress.com\/2015\/05\/la-qubba-04.jpg\"><img data-recalc-dims=\"1\" decoding=\"async\" class=\"size-full wp-image-6810\" src=\"https:\/\/albertogranados.files.wordpress.com\/2015\/05\/la-qubba-04.jpg?w=640\" sizes=\"(max-width: 560px) 100vw, 560px\" srcset=\"https:\/\/albertogranados.files.wordpress.com\/2015\/05\/la-qubba-04.jpg?w=560 560w, https:\/\/albertogranados.files.wordpress.com\/2015\/05\/la-qubba-04.jpg?w=150 150w, https:\/\/albertogranados.files.wordpress.com\/2015\/05\/la-qubba-04.jpg?w=300 300w, https:\/\/albertogranados.files.wordpress.com\/2015\/05\/la-qubba-04.jpg 672w\" alt=\"La qubba 04\" aria-describedby=\"caption-attachment-6810\" data-attachment-id=\"6810\" data-permalink=\"https:\/\/albertogranados.wordpress.com\/2015\/05\/10\/imagenes-de-granada-35-el-cuarto-real-de-santo-domingo\/la-qubba-04\/\" data-orig-file=\"https:\/\/albertogranados.files.wordpress.com\/2015\/05\/la-qubba-04.jpg\" data-orig-size=\"672,504\" data-comments-opened=\"1\" data-image-meta=\"{&quot;aperture&quot;:&quot;3.4&quot;,&quot;credit&quot;:&quot;&quot;,&quot;camera&quot;:&quot;Canon PowerShot SX500 IS&quot;,&quot;caption&quot;:&quot;&quot;,&quot;created_timestamp&quot;:&quot;1427399441&quot;,&quot;copyright&quot;:&quot;&quot;,&quot;focal_length&quot;:&quot;4.3&quot;,&quot;iso&quot;:&quot;400&quot;,&quot;shutter_speed&quot;:&quot;0.033333333333333&quot;,&quot;title&quot;:&quot;&quot;,&quot;orientation&quot;:&quot;1&quot;}\" data-image-title=\"La qubba 04\" data-image-description=\"\" data-medium-file=\"https:\/\/albertogranados.files.wordpress.com\/2015\/05\/la-qubba-04.jpg?w=300\" data-large-file=\"https:\/\/albertogranados.files.wordpress.com\/2015\/05\/la-qubba-04.jpg?w=560\" \/><\/a><\/p>\n<p id=\"caption-attachment-6810\" class=\"wp-caption-text\" style=\"text-align: justify;\">La qubba 04<\/p>\n<p id=\"attachment_6811\" class=\"wp-caption aligncenter\" style=\"text-align: justify;\" data-shortcode=\"caption\"><a href=\"https:\/\/albertogranados.files.wordpress.com\/2015\/05\/la-qubba-05.jpg\"><img data-recalc-dims=\"1\" decoding=\"async\" class=\"size-full wp-image-6811\" src=\"https:\/\/albertogranados.files.wordpress.com\/2015\/05\/la-qubba-05.jpg?w=640\" sizes=\"(max-width: 560px) 100vw, 560px\" srcset=\"https:\/\/albertogranados.files.wordpress.com\/2015\/05\/la-qubba-05.jpg?w=560 560w, https:\/\/albertogranados.files.wordpress.com\/2015\/05\/la-qubba-05.jpg?w=150 150w, https:\/\/albertogranados.files.wordpress.com\/2015\/05\/la-qubba-05.jpg?w=300 300w, https:\/\/albertogranados.files.wordpress.com\/2015\/05\/la-qubba-05.jpg 672w\" alt=\"La qubba 05\" aria-describedby=\"caption-attachment-6811\" data-attachment-id=\"6811\" data-permalink=\"https:\/\/albertogranados.wordpress.com\/2015\/05\/10\/imagenes-de-granada-35-el-cuarto-real-de-santo-domingo\/la-qubba-05\/\" data-orig-file=\"https:\/\/albertogranados.files.wordpress.com\/2015\/05\/la-qubba-05.jpg\" data-orig-size=\"672,504\" data-comments-opened=\"1\" data-image-meta=\"{&quot;aperture&quot;:&quot;3.4&quot;,&quot;credit&quot;:&quot;&quot;,&quot;camera&quot;:&quot;Canon PowerShot SX500 IS&quot;,&quot;caption&quot;:&quot;&quot;,&quot;created_timestamp&quot;:&quot;1427399471&quot;,&quot;copyright&quot;:&quot;&quot;,&quot;focal_length&quot;:&quot;4.3&quot;,&quot;iso&quot;:&quot;800&quot;,&quot;shutter_speed&quot;:&quot;0.1&quot;,&quot;title&quot;:&quot;&quot;,&quot;orientation&quot;:&quot;1&quot;}\" data-image-title=\"La qubba 05\" data-image-description=\"\" data-medium-file=\"https:\/\/albertogranados.files.wordpress.com\/2015\/05\/la-qubba-05.jpg?w=300\" data-large-file=\"https:\/\/albertogranados.files.wordpress.com\/2015\/05\/la-qubba-05.jpg?w=560\" \/><\/a><\/p>\n<p id=\"caption-attachment-6811\" class=\"wp-caption-text\" style=\"text-align: justify;\">La qubba 05<\/p>\n<p id=\"attachment_6812\" class=\"wp-caption aligncenter\" style=\"text-align: justify;\" data-shortcode=\"caption\"><a href=\"https:\/\/albertogranados.files.wordpress.com\/2015\/05\/la-qubba-06.jpg\"><img data-recalc-dims=\"1\" decoding=\"async\" class=\"size-full wp-image-6812\" src=\"https:\/\/albertogranados.files.wordpress.com\/2015\/05\/la-qubba-06.jpg?w=640\" sizes=\"(max-width: 560px) 100vw, 560px\" srcset=\"https:\/\/albertogranados.files.wordpress.com\/2015\/05\/la-qubba-06.jpg?w=560 560w, https:\/\/albertogranados.files.wordpress.com\/2015\/05\/la-qubba-06.jpg?w=150 150w, https:\/\/albertogranados.files.wordpress.com\/2015\/05\/la-qubba-06.jpg?w=300 300w, https:\/\/albertogranados.files.wordpress.com\/2015\/05\/la-qubba-06.jpg 672w\" alt=\"La qubba 06\" aria-describedby=\"caption-attachment-6812\" data-attachment-id=\"6812\" data-permalink=\"https:\/\/albertogranados.wordpress.com\/2015\/05\/10\/imagenes-de-granada-35-el-cuarto-real-de-santo-domingo\/la-qubba-06\/\" data-orig-file=\"https:\/\/albertogranados.files.wordpress.com\/2015\/05\/la-qubba-06.jpg\" data-orig-size=\"672,504\" data-comments-opened=\"1\" data-image-meta=\"{&quot;aperture&quot;:&quot;3.4&quot;,&quot;credit&quot;:&quot;&quot;,&quot;camera&quot;:&quot;Canon PowerShot SX500 IS&quot;,&quot;caption&quot;:&quot;&quot;,&quot;created_timestamp&quot;:&quot;1427399510&quot;,&quot;copyright&quot;:&quot;&quot;,&quot;focal_length&quot;:&quot;4.3&quot;,&quot;iso&quot;:&quot;400&quot;,&quot;shutter_speed&quot;:&quot;0.04&quot;,&quot;title&quot;:&quot;&quot;,&quot;orientation&quot;:&quot;1&quot;}\" data-image-title=\"La qubba 06\" data-image-description=\"\" data-medium-file=\"https:\/\/albertogranados.files.wordpress.com\/2015\/05\/la-qubba-06.jpg?w=300\" data-large-file=\"https:\/\/albertogranados.files.wordpress.com\/2015\/05\/la-qubba-06.jpg?w=560\" \/><\/a><\/p>\n<p id=\"caption-attachment-6812\" class=\"wp-caption-text\" style=\"text-align: justify;\">La qubba 06<\/p>\n<p id=\"attachment_6813\" class=\"wp-caption aligncenter\" style=\"text-align: justify;\" data-shortcode=\"caption\"><a href=\"https:\/\/albertogranados.files.wordpress.com\/2015\/05\/la-qubba-07.jpg\"><img data-recalc-dims=\"1\" decoding=\"async\" class=\"size-full wp-image-6813\" src=\"https:\/\/albertogranados.files.wordpress.com\/2015\/05\/la-qubba-07.jpg?w=640\" sizes=\"(max-width: 560px) 100vw, 560px\" srcset=\"https:\/\/albertogranados.files.wordpress.com\/2015\/05\/la-qubba-07.jpg?w=560 560w, https:\/\/albertogranados.files.wordpress.com\/2015\/05\/la-qubba-07.jpg?w=150 150w, https:\/\/albertogranados.files.wordpress.com\/2015\/05\/la-qubba-07.jpg?w=300 300w, https:\/\/albertogranados.files.wordpress.com\/2015\/05\/la-qubba-07.jpg 672w\" alt=\"La qubba 07\" aria-describedby=\"caption-attachment-6813\" data-attachment-id=\"6813\" data-permalink=\"https:\/\/albertogranados.wordpress.com\/2015\/05\/10\/imagenes-de-granada-35-el-cuarto-real-de-santo-domingo\/la-qubba-07\/\" data-orig-file=\"https:\/\/albertogranados.files.wordpress.com\/2015\/05\/la-qubba-07.jpg\" data-orig-size=\"672,504\" data-comments-opened=\"1\" data-image-meta=\"{&quot;aperture&quot;:&quot;3.4&quot;,&quot;credit&quot;:&quot;&quot;,&quot;camera&quot;:&quot;Canon PowerShot SX500 IS&quot;,&quot;caption&quot;:&quot;&quot;,&quot;created_timestamp&quot;:&quot;1427399547&quot;,&quot;copyright&quot;:&quot;&quot;,&quot;focal_length&quot;:&quot;4.3&quot;,&quot;iso&quot;:&quot;500&quot;,&quot;shutter_speed&quot;:&quot;0.05&quot;,&quot;title&quot;:&quot;&quot;,&quot;orientation&quot;:&quot;1&quot;}\" data-image-title=\"La qubba 07\" data-image-description=\"\" data-medium-file=\"https:\/\/albertogranados.files.wordpress.com\/2015\/05\/la-qubba-07.jpg?w=300\" data-large-file=\"https:\/\/albertogranados.files.wordpress.com\/2015\/05\/la-qubba-07.jpg?w=560\" \/><\/a><\/p>\n<p id=\"caption-attachment-6813\" class=\"wp-caption-text\" style=\"text-align: justify;\">La qubba 07<\/p>\n<p id=\"attachment_6814\" class=\"wp-caption aligncenter\" style=\"text-align: justify;\" data-shortcode=\"caption\"><a href=\"https:\/\/albertogranados.files.wordpress.com\/2015\/05\/la-qubba-08.jpg\"><img data-recalc-dims=\"1\" decoding=\"async\" class=\"size-full wp-image-6814\" src=\"https:\/\/albertogranados.files.wordpress.com\/2015\/05\/la-qubba-08-e1431236385637.jpg?w=640\" sizes=\"(max-width: 384px) 100vw, 384px\" srcset=\"https:\/\/albertogranados.files.wordpress.com\/2015\/05\/la-qubba-08-e1431236385637.jpg 384w, https:\/\/albertogranados.files.wordpress.com\/2015\/05\/la-qubba-08-e1431236385637.jpg?w=113 113w, https:\/\/albertogranados.files.wordpress.com\/2015\/05\/la-qubba-08-e1431236385637.jpg?w=225 225w\" alt=\"La qubba 08\" aria-describedby=\"caption-attachment-6814\" data-attachment-id=\"6814\" data-permalink=\"https:\/\/albertogranados.wordpress.com\/2015\/05\/10\/imagenes-de-granada-35-el-cuarto-real-de-santo-domingo\/la-qubba-08\/\" data-orig-file=\"https:\/\/albertogranados.files.wordpress.com\/2015\/05\/la-qubba-08-e1431236385637.jpg\" data-orig-size=\"384,511\" data-comments-opened=\"1\" data-image-meta=\"{&quot;aperture&quot;:&quot;5&quot;,&quot;credit&quot;:&quot;&quot;,&quot;camera&quot;:&quot;Canon PowerShot SX500 IS&quot;,&quot;caption&quot;:&quot;&quot;,&quot;created_timestamp&quot;:&quot;1427399587&quot;,&quot;copyright&quot;:&quot;&quot;,&quot;focal_length&quot;:&quot;10.623&quot;,&quot;iso&quot;:&quot;800&quot;,&quot;shutter_speed&quot;:&quot;0.016666666666667&quot;,&quot;title&quot;:&quot;&quot;,&quot;orientation&quot;:&quot;1&quot;}\" data-image-title=\"La qubba 08\" data-image-description=\"\" data-medium-file=\"https:\/\/albertogranados.files.wordpress.com\/2015\/05\/la-qubba-08-e1431236385637.jpg?w=225\" data-large-file=\"https:\/\/albertogranados.files.wordpress.com\/2015\/05\/la-qubba-08-e1431236385637.jpg?w=384\" \/><\/a><\/p>\n<p id=\"caption-attachment-6814\" class=\"wp-caption-text\" style=\"text-align: justify;\">La qubba 08<\/p>\n<p id=\"attachment_6815\" class=\"wp-caption aligncenter\" style=\"text-align: justify;\" data-shortcode=\"caption\"><a href=\"https:\/\/albertogranados.files.wordpress.com\/2015\/05\/la-qubba-09.jpg\"><img data-recalc-dims=\"1\" decoding=\"async\" class=\"size-full wp-image-6815\" src=\"https:\/\/albertogranados.files.wordpress.com\/2015\/05\/la-qubba-09.jpg?w=640\" sizes=\"(max-width: 560px) 100vw, 560px\" srcset=\"https:\/\/albertogranados.files.wordpress.com\/2015\/05\/la-qubba-09.jpg?w=560 560w, https:\/\/albertogranados.files.wordpress.com\/2015\/05\/la-qubba-09.jpg?w=150 150w, https:\/\/albertogranados.files.wordpress.com\/2015\/05\/la-qubba-09.jpg?w=300 300w, https:\/\/albertogranados.files.wordpress.com\/2015\/05\/la-qubba-09.jpg 672w\" alt=\"La qubba 09\" aria-describedby=\"caption-attachment-6815\" data-attachment-id=\"6815\" data-permalink=\"https:\/\/albertogranados.wordpress.com\/2015\/05\/10\/imagenes-de-granada-35-el-cuarto-real-de-santo-domingo\/la-qubba-09\/\" data-orig-file=\"https:\/\/albertogranados.files.wordpress.com\/2015\/05\/la-qubba-09.jpg\" data-orig-size=\"672,504\" data-comments-opened=\"1\" data-image-meta=\"{&quot;aperture&quot;:&quot;5.6&quot;,&quot;credit&quot;:&quot;&quot;,&quot;camera&quot;:&quot;Canon PowerShot SX500 IS&quot;,&quot;caption&quot;:&quot;&quot;,&quot;created_timestamp&quot;:&quot;1427399738&quot;,&quot;copyright&quot;:&quot;&quot;,&quot;focal_length&quot;:&quot;28.397&quot;,&quot;iso&quot;:&quot;400&quot;,&quot;shutter_speed&quot;:&quot;0.05&quot;,&quot;title&quot;:&quot;&quot;,&quot;orientation&quot;:&quot;1&quot;}\" data-image-title=\"La qubba 09\" data-image-description=\"\" data-medium-file=\"https:\/\/albertogranados.files.wordpress.com\/2015\/05\/la-qubba-09.jpg?w=300\" data-large-file=\"https:\/\/albertogranados.files.wordpress.com\/2015\/05\/la-qubba-09.jpg?w=560\" \/><\/a><\/p>\n<p id=\"caption-attachment-6815\" class=\"wp-caption-text\" style=\"text-align: justify;\">La qubba 09<\/p>\n<p id=\"attachment_6816\" class=\"wp-caption aligncenter\" style=\"text-align: justify;\" data-shortcode=\"caption\"><a href=\"https:\/\/albertogranados.files.wordpress.com\/2015\/05\/la-qubba-10.jpg\"><img data-recalc-dims=\"1\" decoding=\"async\" class=\"size-full wp-image-6816\" src=\"https:\/\/albertogranados.files.wordpress.com\/2015\/05\/la-qubba-10.jpg?w=640\" sizes=\"(max-width: 560px) 100vw, 560px\" srcset=\"https:\/\/albertogranados.files.wordpress.com\/2015\/05\/la-qubba-10.jpg?w=560 560w, https:\/\/albertogranados.files.wordpress.com\/2015\/05\/la-qubba-10.jpg?w=150 150w, https:\/\/albertogranados.files.wordpress.com\/2015\/05\/la-qubba-10.jpg?w=300 300w, https:\/\/albertogranados.files.wordpress.com\/2015\/05\/la-qubba-10.jpg 672w\" alt=\"La qubba 10\" aria-describedby=\"caption-attachment-6816\" data-attachment-id=\"6816\" data-permalink=\"https:\/\/albertogranados.wordpress.com\/2015\/05\/10\/imagenes-de-granada-35-el-cuarto-real-de-santo-domingo\/la-qubba-10\/\" data-orig-file=\"https:\/\/albertogranados.files.wordpress.com\/2015\/05\/la-qubba-10.jpg\" data-orig-size=\"672,504\" data-comments-opened=\"1\" data-image-meta=\"{&quot;aperture&quot;:&quot;5&quot;,&quot;credit&quot;:&quot;&quot;,&quot;camera&quot;:&quot;Canon PowerShot SX500 IS&quot;,&quot;caption&quot;:&quot;&quot;,&quot;created_timestamp&quot;:&quot;1427399624&quot;,&quot;copyright&quot;:&quot;&quot;,&quot;focal_length&quot;:&quot;10.623&quot;,&quot;iso&quot;:&quot;400&quot;,&quot;shutter_speed&quot;:&quot;0.066666666666667&quot;,&quot;title&quot;:&quot;&quot;,&quot;orientation&quot;:&quot;1&quot;}\" data-image-title=\"La qubba 10\" data-image-description=\"\" data-medium-file=\"https:\/\/albertogranados.files.wordpress.com\/2015\/05\/la-qubba-10.jpg?w=300\" data-large-file=\"https:\/\/albertogranados.files.wordpress.com\/2015\/05\/la-qubba-10.jpg?w=560\" \/><\/a><\/p>\n<p id=\"caption-attachment-6816\" class=\"wp-caption-text\" style=\"text-align: justify;\">La qubba 10<\/p>\n<p id=\"attachment_6817\" class=\"wp-caption aligncenter\" style=\"text-align: justify;\" data-shortcode=\"caption\"><a href=\"https:\/\/albertogranados.files.wordpress.com\/2015\/05\/la-qubba-11.jpg\"><img data-recalc-dims=\"1\" decoding=\"async\" class=\"size-full wp-image-6817\" src=\"https:\/\/albertogranados.files.wordpress.com\/2015\/05\/la-qubba-11.jpg?w=640\" sizes=\"(max-width: 560px) 100vw, 560px\" srcset=\"https:\/\/albertogranados.files.wordpress.com\/2015\/05\/la-qubba-11.jpg?w=560 560w, https:\/\/albertogranados.files.wordpress.com\/2015\/05\/la-qubba-11.jpg?w=150 150w, https:\/\/albertogranados.files.wordpress.com\/2015\/05\/la-qubba-11.jpg?w=300 300w, https:\/\/albertogranados.files.wordpress.com\/2015\/05\/la-qubba-11.jpg 672w\" alt=\"La qubba 11\" aria-describedby=\"caption-attachment-6817\" data-attachment-id=\"6817\" data-permalink=\"https:\/\/albertogranados.wordpress.com\/2015\/05\/10\/imagenes-de-granada-35-el-cuarto-real-de-santo-domingo\/la-qubba-11\/\" data-orig-file=\"https:\/\/albertogranados.files.wordpress.com\/2015\/05\/la-qubba-11.jpg\" data-orig-size=\"672,504\" data-comments-opened=\"1\" data-image-meta=\"{&quot;aperture&quot;:&quot;3.4&quot;,&quot;credit&quot;:&quot;&quot;,&quot;camera&quot;:&quot;Canon PowerShot SX500 IS&quot;,&quot;caption&quot;:&quot;&quot;,&quot;created_timestamp&quot;:&quot;1427399667&quot;,&quot;copyright&quot;:&quot;&quot;,&quot;focal_length&quot;:&quot;4.3&quot;,&quot;iso&quot;:&quot;250&quot;,&quot;shutter_speed&quot;:&quot;0.05&quot;,&quot;title&quot;:&quot;&quot;,&quot;orientation&quot;:&quot;1&quot;}\" data-image-title=\"La qubba 11\" data-image-description=\"\" data-medium-file=\"https:\/\/albertogranados.files.wordpress.com\/2015\/05\/la-qubba-11.jpg?w=300\" data-large-file=\"https:\/\/albertogranados.files.wordpress.com\/2015\/05\/la-qubba-11.jpg?w=560\" \/><\/a><\/p>\n<p id=\"caption-attachment-6817\" class=\"wp-caption-text\" style=\"text-align: justify;\">La qubba 11<\/p>\n<p id=\"attachment_6818\" class=\"wp-caption aligncenter\" style=\"text-align: justify;\" data-shortcode=\"caption\"><a href=\"https:\/\/albertogranados.files.wordpress.com\/2015\/05\/la-qubba-12.jpg\"><img data-recalc-dims=\"1\" decoding=\"async\" class=\"size-full wp-image-6818\" src=\"https:\/\/albertogranados.files.wordpress.com\/2015\/05\/la-qubba-12.jpg?w=640\" sizes=\"(max-width: 560px) 100vw, 560px\" srcset=\"https:\/\/albertogranados.files.wordpress.com\/2015\/05\/la-qubba-12.jpg?w=560 560w, https:\/\/albertogranados.files.wordpress.com\/2015\/05\/la-qubba-12.jpg?w=150 150w, https:\/\/albertogranados.files.wordpress.com\/2015\/05\/la-qubba-12.jpg?w=300 300w, https:\/\/albertogranados.files.wordpress.com\/2015\/05\/la-qubba-12.jpg 672w\" alt=\"La qubba 12\" aria-describedby=\"caption-attachment-6818\" data-attachment-id=\"6818\" data-permalink=\"https:\/\/albertogranados.wordpress.com\/2015\/05\/10\/imagenes-de-granada-35-el-cuarto-real-de-santo-domingo\/la-qubba-12\/\" data-orig-file=\"https:\/\/albertogranados.files.wordpress.com\/2015\/05\/la-qubba-12.jpg\" data-orig-size=\"672,504\" data-comments-opened=\"1\" data-image-meta=\"{&quot;aperture&quot;:&quot;3.4&quot;,&quot;credit&quot;:&quot;&quot;,&quot;camera&quot;:&quot;Canon PowerShot SX500 IS&quot;,&quot;caption&quot;:&quot;&quot;,&quot;created_timestamp&quot;:&quot;1427399684&quot;,&quot;copyright&quot;:&quot;&quot;,&quot;focal_length&quot;:&quot;4.3&quot;,&quot;iso&quot;:&quot;500&quot;,&quot;shutter_speed&quot;:&quot;0.016666666666667&quot;,&quot;title&quot;:&quot;&quot;,&quot;orientation&quot;:&quot;1&quot;}\" data-image-title=\"La qubba 12\" data-image-description=\"\" data-medium-file=\"https:\/\/albertogranados.files.wordpress.com\/2015\/05\/la-qubba-12.jpg?w=300\" data-large-file=\"https:\/\/albertogranados.files.wordpress.com\/2015\/05\/la-qubba-12.jpg?w=560\" \/><\/a><\/p>\n<p id=\"caption-attachment-6818\" class=\"wp-caption-text\" style=\"text-align: justify;\">La qubba 12<\/p>\n<p id=\"attachment_6819\" class=\"wp-caption aligncenter\" style=\"text-align: justify;\" data-shortcode=\"caption\"><a href=\"https:\/\/albertogranados.files.wordpress.com\/2015\/05\/la-qubba-13.jpg\"><img data-recalc-dims=\"1\" decoding=\"async\" class=\"size-full wp-image-6819\" src=\"https:\/\/albertogranados.files.wordpress.com\/2015\/05\/la-qubba-13.jpg?w=640\" sizes=\"(max-width: 560px) 100vw, 560px\" srcset=\"https:\/\/albertogranados.files.wordpress.com\/2015\/05\/la-qubba-13.jpg?w=560 560w, https:\/\/albertogranados.files.wordpress.com\/2015\/05\/la-qubba-13.jpg?w=150 150w, https:\/\/albertogranados.files.wordpress.com\/2015\/05\/la-qubba-13.jpg?w=300 300w, https:\/\/albertogranados.files.wordpress.com\/2015\/05\/la-qubba-13.jpg 672w\" alt=\"La qubba 13\" aria-describedby=\"caption-attachment-6819\" data-attachment-id=\"6819\" data-permalink=\"https:\/\/albertogranados.wordpress.com\/2015\/05\/10\/imagenes-de-granada-35-el-cuarto-real-de-santo-domingo\/la-qubba-13\/\" data-orig-file=\"https:\/\/albertogranados.files.wordpress.com\/2015\/05\/la-qubba-13.jpg\" data-orig-size=\"672,504\" data-comments-opened=\"1\" data-image-meta=\"{&quot;aperture&quot;:&quot;3.4&quot;,&quot;credit&quot;:&quot;&quot;,&quot;camera&quot;:&quot;Canon PowerShot SX500 IS&quot;,&quot;caption&quot;:&quot;&quot;,&quot;created_timestamp&quot;:&quot;1427399695&quot;,&quot;copyright&quot;:&quot;&quot;,&quot;focal_length&quot;:&quot;4.3&quot;,&quot;iso&quot;:&quot;320&quot;,&quot;shutter_speed&quot;:&quot;0.016666666666667&quot;,&quot;title&quot;:&quot;&quot;,&quot;orientation&quot;:&quot;1&quot;}\" data-image-title=\"La qubba 13\" data-image-description=\"\" data-medium-file=\"https:\/\/albertogranados.files.wordpress.com\/2015\/05\/la-qubba-13.jpg?w=300\" data-large-file=\"https:\/\/albertogranados.files.wordpress.com\/2015\/05\/la-qubba-13.jpg?w=560\" \/><\/a><\/p>\n<p id=\"caption-attachment-6819\" class=\"wp-caption-text\" style=\"text-align: justify;\">La qubba 13<\/p>\n<p id=\"attachment_6820\" class=\"wp-caption aligncenter\" style=\"text-align: justify;\" data-shortcode=\"caption\"><a href=\"https:\/\/albertogranados.files.wordpress.com\/2015\/05\/la-qubba-14.jpg\"><img data-recalc-dims=\"1\" decoding=\"async\" class=\"size-full wp-image-6820\" src=\"https:\/\/albertogranados.files.wordpress.com\/2015\/05\/la-qubba-14.jpg?w=640\" sizes=\"(max-width: 560px) 100vw, 560px\" srcset=\"https:\/\/albertogranados.files.wordpress.com\/2015\/05\/la-qubba-14.jpg?w=560 560w, https:\/\/albertogranados.files.wordpress.com\/2015\/05\/la-qubba-14.jpg?w=150 150w, https:\/\/albertogranados.files.wordpress.com\/2015\/05\/la-qubba-14.jpg?w=300 300w, https:\/\/albertogranados.files.wordpress.com\/2015\/05\/la-qubba-14.jpg 672w\" alt=\"La qubba 14\" aria-describedby=\"caption-attachment-6820\" data-attachment-id=\"6820\" data-permalink=\"https:\/\/albertogranados.wordpress.com\/2015\/05\/10\/imagenes-de-granada-35-el-cuarto-real-de-santo-domingo\/la-qubba-14\/\" data-orig-file=\"https:\/\/albertogranados.files.wordpress.com\/2015\/05\/la-qubba-14.jpg\" data-orig-size=\"672,504\" data-comments-opened=\"1\" data-image-meta=\"{&quot;aperture&quot;:&quot;5.6&quot;,&quot;credit&quot;:&quot;&quot;,&quot;camera&quot;:&quot;Canon PowerShot SX500 IS&quot;,&quot;caption&quot;:&quot;&quot;,&quot;created_timestamp&quot;:&quot;1427399719&quot;,&quot;copyright&quot;:&quot;&quot;,&quot;focal_length&quot;:&quot;28.397&quot;,&quot;iso&quot;:&quot;400&quot;,&quot;shutter_speed&quot;:&quot;0.066666666666667&quot;,&quot;title&quot;:&quot;&quot;,&quot;orientation&quot;:&quot;1&quot;}\" data-image-title=\"La qubba 14\" data-image-description=\"\" data-medium-file=\"https:\/\/albertogranados.files.wordpress.com\/2015\/05\/la-qubba-14.jpg?w=300\" data-large-file=\"https:\/\/albertogranados.files.wordpress.com\/2015\/05\/la-qubba-14.jpg?w=560\" \/><\/a><\/p>\n<p id=\"caption-attachment-6820\" class=\"wp-caption-text\" style=\"text-align: justify;\">La qubba 14<\/p>\n<p id=\"attachment_6821\" class=\"wp-caption aligncenter\" style=\"text-align: justify;\" data-shortcode=\"caption\"><a href=\"https:\/\/albertogranados.files.wordpress.com\/2015\/05\/la-qubba-15.jpg\"><img data-recalc-dims=\"1\" decoding=\"async\" class=\"size-full wp-image-6821\" src=\"https:\/\/albertogranados.files.wordpress.com\/2015\/05\/la-qubba-15.jpg?w=640\" sizes=\"(max-width: 560px) 100vw, 560px\" srcset=\"https:\/\/albertogranados.files.wordpress.com\/2015\/05\/la-qubba-15.jpg?w=560 560w, https:\/\/albertogranados.files.wordpress.com\/2015\/05\/la-qubba-15.jpg?w=150 150w, https:\/\/albertogranados.files.wordpress.com\/2015\/05\/la-qubba-15.jpg?w=300 300w, https:\/\/albertogranados.files.wordpress.com\/2015\/05\/la-qubba-15.jpg 672w\" alt=\"La qubba 15\" aria-describedby=\"caption-attachment-6821\" data-attachment-id=\"6821\" data-permalink=\"https:\/\/albertogranados.wordpress.com\/2015\/05\/10\/imagenes-de-granada-35-el-cuarto-real-de-santo-domingo\/la-qubba-15\/\" data-orig-file=\"https:\/\/albertogranados.files.wordpress.com\/2015\/05\/la-qubba-15.jpg\" data-orig-size=\"672,504\" data-comments-opened=\"1\" data-image-meta=\"{&quot;aperture&quot;:&quot;5&quot;,&quot;credit&quot;:&quot;&quot;,&quot;camera&quot;:&quot;Canon PowerShot SX500 IS&quot;,&quot;caption&quot;:&quot;&quot;,&quot;created_timestamp&quot;:&quot;1427399642&quot;,&quot;copyright&quot;:&quot;&quot;,&quot;focal_length&quot;:&quot;10.623&quot;,&quot;iso&quot;:&quot;400&quot;,&quot;shutter_speed&quot;:&quot;0.066666666666667&quot;,&quot;title&quot;:&quot;&quot;,&quot;orientation&quot;:&quot;1&quot;}\" data-image-title=\"La qubba 15\" data-image-description=\"\" data-medium-file=\"https:\/\/albertogranados.files.wordpress.com\/2015\/05\/la-qubba-15.jpg?w=300\" data-large-file=\"https:\/\/albertogranados.files.wordpress.com\/2015\/05\/la-qubba-15.jpg?w=560\" \/><\/a><\/p>\n<p id=\"caption-attachment-6821\" class=\"wp-caption-text\" style=\"text-align: justify;\">La qubba 15<\/p>\n<p style=\"text-align: justify;\">\u00a0\u00a0\u00a0\u00a0 Los jardines a\u00fan estaban a medio terminar el d\u00eda en que los visit\u00e9.<\/p>\n<p id=\"attachment_6822\" class=\"wp-caption aligncenter\" style=\"text-align: justify;\" data-shortcode=\"caption\"><a href=\"https:\/\/albertogranados.files.wordpress.com\/2015\/05\/jardines-01.jpg\"><img data-recalc-dims=\"1\" decoding=\"async\" class=\"size-full wp-image-6822\" src=\"https:\/\/albertogranados.files.wordpress.com\/2015\/05\/jardines-01.jpg?w=640\" sizes=\"(max-width: 560px) 100vw, 560px\" srcset=\"https:\/\/albertogranados.files.wordpress.com\/2015\/05\/jardines-01.jpg?w=560 560w, https:\/\/albertogranados.files.wordpress.com\/2015\/05\/jardines-01.jpg?w=150 150w, https:\/\/albertogranados.files.wordpress.com\/2015\/05\/jardines-01.jpg?w=300 300w, https:\/\/albertogranados.files.wordpress.com\/2015\/05\/jardines-01.jpg 672w\" alt=\"Jardines 01\" aria-describedby=\"caption-attachment-6822\" data-attachment-id=\"6822\" data-permalink=\"https:\/\/albertogranados.wordpress.com\/2015\/05\/10\/imagenes-de-granada-35-el-cuarto-real-de-santo-domingo\/jardines-01\/\" data-orig-file=\"https:\/\/albertogranados.files.wordpress.com\/2015\/05\/jardines-01.jpg\" data-orig-size=\"672,504\" data-comments-opened=\"1\" data-image-meta=\"{&quot;aperture&quot;:&quot;4&quot;,&quot;credit&quot;:&quot;&quot;,&quot;camera&quot;:&quot;Canon PowerShot SX500 IS&quot;,&quot;caption&quot;:&quot;&quot;,&quot;created_timestamp&quot;:&quot;1427400358&quot;,&quot;copyright&quot;:&quot;&quot;,&quot;focal_length&quot;:&quot;6.228&quot;,&quot;iso&quot;:&quot;125&quot;,&quot;shutter_speed&quot;:&quot;0.066666666666667&quot;,&quot;title&quot;:&quot;&quot;,&quot;orientation&quot;:&quot;1&quot;}\" data-image-title=\"Jardines 01\" data-image-description=\"\" data-medium-file=\"https:\/\/albertogranados.files.wordpress.com\/2015\/05\/jardines-01.jpg?w=300\" data-large-file=\"https:\/\/albertogranados.files.wordpress.com\/2015\/05\/jardines-01.jpg?w=560\" \/><\/a><\/p>\n<p id=\"caption-attachment-6822\" class=\"wp-caption-text\" style=\"text-align: justify;\">Jardines 01<\/p>\n<p id=\"attachment_6823\" class=\"wp-caption aligncenter\" style=\"text-align: justify;\" data-shortcode=\"caption\"><a href=\"https:\/\/albertogranados.files.wordpress.com\/2015\/05\/jardines-02.jpg\"><img data-recalc-dims=\"1\" decoding=\"async\" class=\"size-full wp-image-6823\" src=\"https:\/\/albertogranados.files.wordpress.com\/2015\/05\/jardines-02.jpg?w=640\" sizes=\"(max-width: 560px) 100vw, 560px\" srcset=\"https:\/\/albertogranados.files.wordpress.com\/2015\/05\/jardines-02.jpg?w=560 560w, https:\/\/albertogranados.files.wordpress.com\/2015\/05\/jardines-02.jpg?w=150 150w, https:\/\/albertogranados.files.wordpress.com\/2015\/05\/jardines-02.jpg?w=300 300w, https:\/\/albertogranados.files.wordpress.com\/2015\/05\/jardines-02.jpg 672w\" alt=\"Jardines 02\" aria-describedby=\"caption-attachment-6823\" data-attachment-id=\"6823\" data-permalink=\"https:\/\/albertogranados.wordpress.com\/2015\/05\/10\/imagenes-de-granada-35-el-cuarto-real-de-santo-domingo\/jardines-02\/\" data-orig-file=\"https:\/\/albertogranados.files.wordpress.com\/2015\/05\/jardines-02.jpg\" data-orig-size=\"672,504\" data-comments-opened=\"1\" data-image-meta=\"{&quot;aperture&quot;:&quot;4&quot;,&quot;credit&quot;:&quot;&quot;,&quot;camera&quot;:&quot;Canon PowerShot SX500 IS&quot;,&quot;caption&quot;:&quot;&quot;,&quot;created_timestamp&quot;:&quot;1427400411&quot;,&quot;copyright&quot;:&quot;&quot;,&quot;focal_length&quot;:&quot;4.3&quot;,&quot;iso&quot;:&quot;200&quot;,&quot;shutter_speed&quot;:&quot;0.0125&quot;,&quot;title&quot;:&quot;&quot;,&quot;orientation&quot;:&quot;1&quot;}\" data-image-title=\"Jardines 02\" data-image-description=\"\" data-medium-file=\"https:\/\/albertogranados.files.wordpress.com\/2015\/05\/jardines-02.jpg?w=300\" data-large-file=\"https:\/\/albertogranados.files.wordpress.com\/2015\/05\/jardines-02.jpg?w=560\" \/><\/a><\/p>\n<p id=\"caption-attachment-6823\" class=\"wp-caption-text\" style=\"text-align: justify;\">Jardines 02<\/p>\n<p style=\"text-align: justify;\">\u00a0\u00a0\u00a0 Hay otras dependencias, entre las que destaca una sala de audiovisuales y una galer\u00eda superior que encontr\u00e9 francamente fr\u00edas y desangeladas, algo impersonal en puro contraste con la grandeza de la qubba.<\/p>\n<p id=\"attachment_6824\" class=\"wp-caption aligncenter\" style=\"text-align: justify;\" data-shortcode=\"caption\"><a href=\"https:\/\/albertogranados.files.wordpress.com\/2015\/05\/sala-de-audiovisuales-01.jpg\"><img data-recalc-dims=\"1\" decoding=\"async\" class=\"size-full wp-image-6824\" src=\"https:\/\/albertogranados.files.wordpress.com\/2015\/05\/sala-de-audiovisuales-01.jpg?w=640\" sizes=\"(max-width: 560px) 100vw, 560px\" srcset=\"https:\/\/albertogranados.files.wordpress.com\/2015\/05\/sala-de-audiovisuales-01.jpg?w=560 560w, https:\/\/albertogranados.files.wordpress.com\/2015\/05\/sala-de-audiovisuales-01.jpg?w=150 150w, https:\/\/albertogranados.files.wordpress.com\/2015\/05\/sala-de-audiovisuales-01.jpg?w=300 300w, https:\/\/albertogranados.files.wordpress.com\/2015\/05\/sala-de-audiovisuales-01.jpg 672w\" alt=\"Sala de audiovisuales 01\" aria-describedby=\"caption-attachment-6824\" data-attachment-id=\"6824\" data-permalink=\"https:\/\/albertogranados.wordpress.com\/2015\/05\/10\/imagenes-de-granada-35-el-cuarto-real-de-santo-domingo\/sala-de-audiovisuales-01\/\" data-orig-file=\"https:\/\/albertogranados.files.wordpress.com\/2015\/05\/sala-de-audiovisuales-01.jpg\" data-orig-size=\"672,504\" data-comments-opened=\"1\" data-image-meta=\"{&quot;aperture&quot;:&quot;5&quot;,&quot;credit&quot;:&quot;&quot;,&quot;camera&quot;:&quot;Canon PowerShot SX500 IS&quot;,&quot;caption&quot;:&quot;&quot;,&quot;created_timestamp&quot;:&quot;1427400542&quot;,&quot;copyright&quot;:&quot;&quot;,&quot;focal_length&quot;:&quot;9.807&quot;,&quot;iso&quot;:&quot;400&quot;,&quot;shutter_speed&quot;:&quot;0.02&quot;,&quot;title&quot;:&quot;&quot;,&quot;orientation&quot;:&quot;1&quot;}\" data-image-title=\"Sala de audiovisuales 01\" data-image-description=\"\" data-medium-file=\"https:\/\/albertogranados.files.wordpress.com\/2015\/05\/sala-de-audiovisuales-01.jpg?w=300\" data-large-file=\"https:\/\/albertogranados.files.wordpress.com\/2015\/05\/sala-de-audiovisuales-01.jpg?w=560\" \/><\/a><\/p>\n<p id=\"caption-attachment-6824\" class=\"wp-caption-text\" style=\"text-align: justify;\">Sala de audiovisuales 01<\/p>\n<p id=\"attachment_6825\" class=\"wp-caption aligncenter\" style=\"text-align: justify;\" data-shortcode=\"caption\"><a href=\"https:\/\/albertogranados.files.wordpress.com\/2015\/05\/sala-de-audiovisuales-02.jpg\"><img data-recalc-dims=\"1\" decoding=\"async\" class=\"size-full wp-image-6825\" src=\"https:\/\/albertogranados.files.wordpress.com\/2015\/05\/sala-de-audiovisuales-02.jpg?w=640\" sizes=\"(max-width: 560px) 100vw, 560px\" srcset=\"https:\/\/albertogranados.files.wordpress.com\/2015\/05\/sala-de-audiovisuales-02.jpg?w=560 560w, https:\/\/albertogranados.files.wordpress.com\/2015\/05\/sala-de-audiovisuales-02.jpg?w=150 150w, https:\/\/albertogranados.files.wordpress.com\/2015\/05\/sala-de-audiovisuales-02.jpg?w=300 300w, https:\/\/albertogranados.files.wordpress.com\/2015\/05\/sala-de-audiovisuales-02.jpg 672w\" alt=\"Sala de audiovisuales 02\" aria-describedby=\"caption-attachment-6825\" data-attachment-id=\"6825\" data-permalink=\"https:\/\/albertogranados.wordpress.com\/2015\/05\/10\/imagenes-de-granada-35-el-cuarto-real-de-santo-domingo\/sala-de-audiovisuales-02\/\" data-orig-file=\"https:\/\/albertogranados.files.wordpress.com\/2015\/05\/sala-de-audiovisuales-02.jpg\" data-orig-size=\"672,504\" data-comments-opened=\"1\" data-image-meta=\"{&quot;aperture&quot;:&quot;5&quot;,&quot;credit&quot;:&quot;&quot;,&quot;camera&quot;:&quot;Canon PowerShot SX500 IS&quot;,&quot;caption&quot;:&quot;&quot;,&quot;created_timestamp&quot;:&quot;1427400570&quot;,&quot;copyright&quot;:&quot;&quot;,&quot;focal_length&quot;:&quot;9.807&quot;,&quot;iso&quot;:&quot;400&quot;,&quot;shutter_speed&quot;:&quot;0.016666666666667&quot;,&quot;title&quot;:&quot;&quot;,&quot;orientation&quot;:&quot;1&quot;}\" data-image-title=\"Sala de audiovisuales 02\" data-image-description=\"\" data-medium-file=\"https:\/\/albertogranados.files.wordpress.com\/2015\/05\/sala-de-audiovisuales-02.jpg?w=300\" data-large-file=\"https:\/\/albertogranados.files.wordpress.com\/2015\/05\/sala-de-audiovisuales-02.jpg?w=560\" \/><\/a><\/p>\n<p id=\"caption-attachment-6825\" class=\"wp-caption-text\" style=\"text-align: justify;\">Sala de audiovisuales 02<\/p>\n<p id=\"attachment_6826\" class=\"wp-caption aligncenter\" style=\"text-align: justify;\" data-shortcode=\"caption\"><a href=\"https:\/\/albertogranados.files.wordpress.com\/2015\/05\/realejo-cuarto-real-de-santo-domingo-63.jpg\"><img data-recalc-dims=\"1\" decoding=\"async\" class=\"size-full wp-image-6826\" src=\"https:\/\/albertogranados.files.wordpress.com\/2015\/05\/realejo-cuarto-real-de-santo-domingo-63.jpg?w=640\" sizes=\"(max-width: 560px) 100vw, 560px\" srcset=\"https:\/\/albertogranados.files.wordpress.com\/2015\/05\/realejo-cuarto-real-de-santo-domingo-63.jpg?w=560 560w, https:\/\/albertogranados.files.wordpress.com\/2015\/05\/realejo-cuarto-real-de-santo-domingo-63.jpg?w=150 150w, https:\/\/albertogranados.files.wordpress.com\/2015\/05\/realejo-cuarto-real-de-santo-domingo-63.jpg?w=300 300w, https:\/\/albertogranados.files.wordpress.com\/2015\/05\/realejo-cuarto-real-de-santo-domingo-63.jpg 672w\" alt=\"Sala de audiovisuales 03\" aria-describedby=\"caption-attachment-6826\" data-attachment-id=\"6826\" data-permalink=\"https:\/\/albertogranados.wordpress.com\/2015\/05\/10\/imagenes-de-granada-35-el-cuarto-real-de-santo-domingo\/realejo-cuarto-real-de-santo-domingo-63\/\" data-orig-file=\"https:\/\/albertogranados.files.wordpress.com\/2015\/05\/realejo-cuarto-real-de-santo-domingo-63.jpg\" data-orig-size=\"672,504\" data-comments-opened=\"1\" data-image-meta=\"{&quot;aperture&quot;:&quot;3.4&quot;,&quot;credit&quot;:&quot;&quot;,&quot;camera&quot;:&quot;Canon PowerShot SX500 IS&quot;,&quot;caption&quot;:&quot;&quot;,&quot;created_timestamp&quot;:&quot;1427400635&quot;,&quot;copyright&quot;:&quot;&quot;,&quot;focal_length&quot;:&quot;4.3&quot;,&quot;iso&quot;:&quot;400&quot;,&quot;shutter_speed&quot;:&quot;0.016666666666667&quot;,&quot;title&quot;:&quot;&quot;,&quot;orientation&quot;:&quot;1&quot;}\" data-image-title=\"Sala de audiovisuales 03\" data-image-description=\"\" data-medium-file=\"https:\/\/albertogranados.files.wordpress.com\/2015\/05\/realejo-cuarto-real-de-santo-domingo-63.jpg?w=300\" data-large-file=\"https:\/\/albertogranados.files.wordpress.com\/2015\/05\/realejo-cuarto-real-de-santo-domingo-63.jpg?w=560\" \/><\/a><\/p>\n<p id=\"caption-attachment-6826\" class=\"wp-caption-text\" style=\"text-align: justify;\">Sala de audiovisuales 03<\/p>\n<p id=\"attachment_6827\" class=\"wp-caption aligncenter\" style=\"text-align: justify;\" data-shortcode=\"caption\"><a href=\"https:\/\/albertogranados.files.wordpress.com\/2015\/05\/galerc3ada-alta-01.jpg\"><img data-recalc-dims=\"1\" decoding=\"async\" class=\"size-full wp-image-6827\" src=\"https:\/\/albertogranados.files.wordpress.com\/2015\/05\/galerc3ada-alta-01.jpg?w=640\" sizes=\"(max-width: 560px) 100vw, 560px\" srcset=\"https:\/\/albertogranados.files.wordpress.com\/2015\/05\/galerc3ada-alta-01.jpg?w=560 560w, https:\/\/albertogranados.files.wordpress.com\/2015\/05\/galerc3ada-alta-01.jpg?w=150 150w, https:\/\/albertogranados.files.wordpress.com\/2015\/05\/galerc3ada-alta-01.jpg?w=300 300w, https:\/\/albertogranados.files.wordpress.com\/2015\/05\/galerc3ada-alta-01.jpg 672w\" alt=\"Galer\u00eda alta 01\" aria-describedby=\"caption-attachment-6827\" data-attachment-id=\"6827\" data-permalink=\"https:\/\/albertogranados.wordpress.com\/2015\/05\/10\/imagenes-de-granada-35-el-cuarto-real-de-santo-domingo\/galeria-alta-01\/\" data-orig-file=\"https:\/\/albertogranados.files.wordpress.com\/2015\/05\/galerc3ada-alta-01.jpg\" data-orig-size=\"672,504\" data-comments-opened=\"1\" data-image-meta=\"{&quot;aperture&quot;:&quot;4&quot;,&quot;credit&quot;:&quot;&quot;,&quot;camera&quot;:&quot;Canon PowerShot SX500 IS&quot;,&quot;caption&quot;:&quot;&quot;,&quot;created_timestamp&quot;:&quot;1427399428&quot;,&quot;copyright&quot;:&quot;&quot;,&quot;focal_length&quot;:&quot;4.3&quot;,&quot;iso&quot;:&quot;100&quot;,&quot;shutter_speed&quot;:&quot;0.016666666666667&quot;,&quot;title&quot;:&quot;&quot;,&quot;orientation&quot;:&quot;1&quot;}\" data-image-title=\"Galer\u00eda alta 01\" data-image-description=\"\" data-medium-file=\"https:\/\/albertogranados.files.wordpress.com\/2015\/05\/galerc3ada-alta-01.jpg?w=300\" data-large-file=\"https:\/\/albertogranados.files.wordpress.com\/2015\/05\/galerc3ada-alta-01.jpg?w=560\" \/><\/a><\/p>\n<p id=\"caption-attachment-6827\" class=\"wp-caption-text\" style=\"text-align: justify;\">Galer\u00eda alta 01<\/p>\n<p id=\"attachment_6828\" class=\"wp-caption aligncenter\" style=\"text-align: justify;\" data-shortcode=\"caption\"><a href=\"https:\/\/albertogranados.files.wordpress.com\/2015\/05\/galerc3ada-alta-02.jpg\"><img data-recalc-dims=\"1\" decoding=\"async\" class=\"size-full wp-image-6828\" src=\"https:\/\/albertogranados.files.wordpress.com\/2015\/05\/galerc3ada-alta-02.jpg?w=640\" sizes=\"(max-width: 560px) 100vw, 560px\" srcset=\"https:\/\/albertogranados.files.wordpress.com\/2015\/05\/galerc3ada-alta-02.jpg?w=560 560w, https:\/\/albertogranados.files.wordpress.com\/2015\/05\/galerc3ada-alta-02.jpg?w=150 150w, https:\/\/albertogranados.files.wordpress.com\/2015\/05\/galerc3ada-alta-02.jpg?w=300 300w, https:\/\/albertogranados.files.wordpress.com\/2015\/05\/galerc3ada-alta-02.jpg 672w\" alt=\"Galer\u00eda alta 02\" aria-describedby=\"caption-attachment-6828\" data-attachment-id=\"6828\" data-permalink=\"https:\/\/albertogranados.wordpress.com\/2015\/05\/10\/imagenes-de-granada-35-el-cuarto-real-de-santo-domingo\/galeria-alta-02\/\" data-orig-file=\"https:\/\/albertogranados.files.wordpress.com\/2015\/05\/galerc3ada-alta-02.jpg\" data-orig-size=\"672,504\" data-comments-opened=\"1\" data-image-meta=\"{&quot;aperture&quot;:&quot;4&quot;,&quot;credit&quot;:&quot;&quot;,&quot;camera&quot;:&quot;Canon PowerShot SX500 IS&quot;,&quot;caption&quot;:&quot;&quot;,&quot;created_timestamp&quot;:&quot;1427400685&quot;,&quot;copyright&quot;:&quot;&quot;,&quot;focal_length&quot;:&quot;4.3&quot;,&quot;iso&quot;:&quot;160&quot;,&quot;shutter_speed&quot;:&quot;0.01&quot;,&quot;title&quot;:&quot;&quot;,&quot;orientation&quot;:&quot;1&quot;}\" data-image-title=\"Galer\u00eda alta 02\" data-image-description=\"\" data-medium-file=\"https:\/\/albertogranados.files.wordpress.com\/2015\/05\/galerc3ada-alta-02.jpg?w=300\" data-large-file=\"https:\/\/albertogranados.files.wordpress.com\/2015\/05\/galerc3ada-alta-02.jpg?w=560\" \/><\/a><\/p>\n<p id=\"caption-attachment-6828\" class=\"wp-caption-text\" style=\"text-align: justify;\">Galer\u00eda alta 02<\/p>\n<p style=\"text-align: justify;\">\u00a0\u00a0\u00a0\u00a0 Y termino con unas vistas desde el conjunto: a la calle Ancha de la Virgen, a la Sierra en un atardecer impecable\u2026<\/p>\n<p id=\"attachment_6829\" class=\"wp-caption aligncenter\" style=\"text-align: justify;\" data-shortcode=\"caption\"><a href=\"https:\/\/albertogranados.files.wordpress.com\/2015\/05\/vistas-01.jpg\"><img data-recalc-dims=\"1\" decoding=\"async\" class=\"size-full wp-image-6829\" src=\"https:\/\/albertogranados.files.wordpress.com\/2015\/05\/vistas-01-e1431237325716.jpg?w=640\" sizes=\"(max-width: 384px) 100vw, 384px\" srcset=\"https:\/\/albertogranados.files.wordpress.com\/2015\/05\/vistas-01-e1431237325716.jpg 384w, https:\/\/albertogranados.files.wordpress.com\/2015\/05\/vistas-01-e1431237325716.jpg?w=113 113w, https:\/\/albertogranados.files.wordpress.com\/2015\/05\/vistas-01-e1431237325716.jpg?w=225 225w\" alt=\"Vistas 01\" aria-describedby=\"caption-attachment-6829\" data-attachment-id=\"6829\" data-permalink=\"https:\/\/albertogranados.wordpress.com\/2015\/05\/10\/imagenes-de-granada-35-el-cuarto-real-de-santo-domingo\/vistas-01\/\" data-orig-file=\"https:\/\/albertogranados.files.wordpress.com\/2015\/05\/vistas-01-e1431237325716.jpg\" data-orig-size=\"384,511\" data-comments-opened=\"1\" data-image-meta=\"{&quot;aperture&quot;:&quot;3.4&quot;,&quot;credit&quot;:&quot;&quot;,&quot;camera&quot;:&quot;Canon PowerShot SX500 IS&quot;,&quot;caption&quot;:&quot;&quot;,&quot;created_timestamp&quot;:&quot;1427400597&quot;,&quot;copyright&quot;:&quot;&quot;,&quot;focal_length&quot;:&quot;4.3&quot;,&quot;iso&quot;:&quot;200&quot;,&quot;shutter_speed&quot;:&quot;0.016666666666667&quot;,&quot;title&quot;:&quot;&quot;,&quot;orientation&quot;:&quot;1&quot;}\" data-image-title=\"Vistas 01\" data-image-description=\"\" data-medium-file=\"https:\/\/albertogranados.files.wordpress.com\/2015\/05\/vistas-01-e1431237325716.jpg?w=225\" data-large-file=\"https:\/\/albertogranados.files.wordpress.com\/2015\/05\/vistas-01-e1431237325716.jpg?w=384\" \/><\/a><\/p>\n<p id=\"caption-attachment-6829\" class=\"wp-caption-text\" style=\"text-align: justify;\">Vistas 01<\/p>\n<p id=\"attachment_6830\" class=\"wp-caption aligncenter\" style=\"text-align: justify;\" data-shortcode=\"caption\"><a href=\"https:\/\/albertogranados.files.wordpress.com\/2015\/05\/vistas-02.jpg\"><img data-recalc-dims=\"1\" decoding=\"async\" class=\"size-full wp-image-6830\" src=\"https:\/\/albertogranados.files.wordpress.com\/2015\/05\/vistas-02.jpg?w=640\" sizes=\"(max-width: 560px) 100vw, 560px\" srcset=\"https:\/\/albertogranados.files.wordpress.com\/2015\/05\/vistas-02.jpg?w=560 560w, https:\/\/albertogranados.files.wordpress.com\/2015\/05\/vistas-02.jpg?w=150 150w, https:\/\/albertogranados.files.wordpress.com\/2015\/05\/vistas-02.jpg?w=300 300w, https:\/\/albertogranados.files.wordpress.com\/2015\/05\/vistas-02.jpg 672w\" alt=\"Vistas 02\" aria-describedby=\"caption-attachment-6830\" data-attachment-id=\"6830\" data-permalink=\"https:\/\/albertogranados.wordpress.com\/2015\/05\/10\/imagenes-de-granada-35-el-cuarto-real-de-santo-domingo\/vistas-02\/\" data-orig-file=\"https:\/\/albertogranados.files.wordpress.com\/2015\/05\/vistas-02.jpg\" data-orig-size=\"672,504\" data-comments-opened=\"1\" data-image-meta=\"{&quot;aperture&quot;:&quot;4&quot;,&quot;credit&quot;:&quot;&quot;,&quot;camera&quot;:&quot;Canon PowerShot SX500 IS&quot;,&quot;caption&quot;:&quot;&quot;,&quot;created_timestamp&quot;:&quot;1427400762&quot;,&quot;copyright&quot;:&quot;&quot;,&quot;focal_length&quot;:&quot;4.3&quot;,&quot;iso&quot;:&quot;100&quot;,&quot;shutter_speed&quot;:&quot;0.00625&quot;,&quot;title&quot;:&quot;&quot;,&quot;orientation&quot;:&quot;1&quot;}\" data-image-title=\"Vistas 02\" data-image-description=\"\" data-medium-file=\"https:\/\/albertogranados.files.wordpress.com\/2015\/05\/vistas-02.jpg?w=300\" data-large-file=\"https:\/\/albertogranados.files.wordpress.com\/2015\/05\/vistas-02.jpg?w=560\" \/><\/a><\/p>\n<p id=\"caption-attachment-6830\" class=\"wp-caption-text\" style=\"text-align: justify;\">Vistas 02<\/p>\n<p id=\"attachment_6831\" class=\"wp-caption aligncenter\" style=\"text-align: justify;\" data-shortcode=\"caption\"><a href=\"https:\/\/albertogranados.files.wordpress.com\/2015\/05\/vistas-03.jpg\"><img data-recalc-dims=\"1\" decoding=\"async\" class=\"size-full wp-image-6831\" src=\"https:\/\/albertogranados.files.wordpress.com\/2015\/05\/vistas-03.jpg?w=640\" sizes=\"(max-width: 560px) 100vw, 560px\" srcset=\"https:\/\/albertogranados.files.wordpress.com\/2015\/05\/vistas-03.jpg?w=560 560w, https:\/\/albertogranados.files.wordpress.com\/2015\/05\/vistas-03.jpg?w=150 150w, https:\/\/albertogranados.files.wordpress.com\/2015\/05\/vistas-03.jpg?w=300 300w, https:\/\/albertogranados.files.wordpress.com\/2015\/05\/vistas-03.jpg 672w\" alt=\"Vistas 03\" aria-describedby=\"caption-attachment-6831\" data-attachment-id=\"6831\" data-permalink=\"https:\/\/albertogranados.wordpress.com\/2015\/05\/10\/imagenes-de-granada-35-el-cuarto-real-de-santo-domingo\/vistas-03\/\" data-orig-file=\"https:\/\/albertogranados.files.wordpress.com\/2015\/05\/vistas-03.jpg\" data-orig-size=\"672,504\" data-comments-opened=\"1\" data-image-meta=\"{&quot;aperture&quot;:&quot;4&quot;,&quot;credit&quot;:&quot;&quot;,&quot;camera&quot;:&quot;Canon PowerShot SX500 IS&quot;,&quot;caption&quot;:&quot;&quot;,&quot;created_timestamp&quot;:&quot;1427400773&quot;,&quot;copyright&quot;:&quot;&quot;,&quot;focal_length&quot;:&quot;4.3&quot;,&quot;iso&quot;:&quot;200&quot;,&quot;shutter_speed&quot;:&quot;0.0125&quot;,&quot;title&quot;:&quot;&quot;,&quot;orientation&quot;:&quot;1&quot;}\" data-image-title=\"Vistas 03\" data-image-description=\"\" data-medium-file=\"https:\/\/albertogranados.files.wordpress.com\/2015\/05\/vistas-03.jpg?w=300\" data-large-file=\"https:\/\/albertogranados.files.wordpress.com\/2015\/05\/vistas-03.jpg?w=560\" \/><\/a><\/p>\n<p id=\"caption-attachment-6831\" class=\"wp-caption-text\" style=\"text-align: justify;\">Vistas 03<\/p>\n<p id=\"attachment_6832\" class=\"wp-caption aligncenter\" style=\"text-align: justify;\" data-shortcode=\"caption\"><a href=\"https:\/\/albertogranados.files.wordpress.com\/2015\/05\/vistas-04.jpg\"><img data-recalc-dims=\"1\" decoding=\"async\" class=\"size-full wp-image-6832\" src=\"https:\/\/albertogranados.files.wordpress.com\/2015\/05\/vistas-04.jpg?w=640\" sizes=\"(max-width: 560px) 100vw, 560px\" srcset=\"https:\/\/albertogranados.files.wordpress.com\/2015\/05\/vistas-04.jpg?w=560 560w, https:\/\/albertogranados.files.wordpress.com\/2015\/05\/vistas-04.jpg?w=150 150w, https:\/\/albertogranados.files.wordpress.com\/2015\/05\/vistas-04.jpg?w=300 300w, https:\/\/albertogranados.files.wordpress.com\/2015\/05\/vistas-04.jpg 672w\" alt=\"Vistas 04\" aria-describedby=\"caption-attachment-6832\" data-attachment-id=\"6832\" data-permalink=\"https:\/\/albertogranados.wordpress.com\/2015\/05\/10\/imagenes-de-granada-35-el-cuarto-real-de-santo-domingo\/vistas-04\/\" data-orig-file=\"https:\/\/albertogranados.files.wordpress.com\/2015\/05\/vistas-04.jpg\" data-orig-size=\"672,504\" data-comments-opened=\"1\" data-image-meta=\"{&quot;aperture&quot;:&quot;5&quot;,&quot;credit&quot;:&quot;&quot;,&quot;camera&quot;:&quot;Canon PowerShot SX500 IS&quot;,&quot;caption&quot;:&quot;&quot;,&quot;created_timestamp&quot;:&quot;1427400786&quot;,&quot;copyright&quot;:&quot;&quot;,&quot;focal_length&quot;:&quot;11.205&quot;,&quot;iso&quot;:&quot;125&quot;,&quot;shutter_speed&quot;:&quot;0.008&quot;,&quot;title&quot;:&quot;&quot;,&quot;orientation&quot;:&quot;1&quot;}\" data-image-title=\"Vistas 04\" data-image-description=\"\" data-medium-file=\"https:\/\/albertogranados.files.wordpress.com\/2015\/05\/vistas-04.jpg?w=300\" data-large-file=\"https:\/\/albertogranados.files.wordpress.com\/2015\/05\/vistas-04.jpg?w=560\" \/><\/a><\/p>\n<p id=\"caption-attachment-6832\" class=\"wp-caption-text\" style=\"text-align: justify;\">Vistas 04<\/p>\n<p id=\"attachment_6833\" class=\"wp-caption aligncenter\" style=\"text-align: justify;\" data-shortcode=\"caption\"><a href=\"https:\/\/albertogranados.files.wordpress.com\/2015\/05\/vistas-05.jpg\"><img data-recalc-dims=\"1\" decoding=\"async\" class=\"size-full wp-image-6833\" src=\"https:\/\/albertogranados.files.wordpress.com\/2015\/05\/vistas-05.jpg?w=640\" sizes=\"(max-width: 560px) 100vw, 560px\" srcset=\"https:\/\/albertogranados.files.wordpress.com\/2015\/05\/vistas-05.jpg?w=560 560w, https:\/\/albertogranados.files.wordpress.com\/2015\/05\/vistas-05.jpg?w=150 150w, https:\/\/albertogranados.files.wordpress.com\/2015\/05\/vistas-05.jpg?w=300 300w, https:\/\/albertogranados.files.wordpress.com\/2015\/05\/vistas-05.jpg 672w\" alt=\"Vistas 05\" aria-describedby=\"caption-attachment-6833\" data-attachment-id=\"6833\" data-permalink=\"https:\/\/albertogranados.wordpress.com\/2015\/05\/10\/imagenes-de-granada-35-el-cuarto-real-de-santo-domingo\/vistas-05\/\" data-orig-file=\"https:\/\/albertogranados.files.wordpress.com\/2015\/05\/vistas-05.jpg\" data-orig-size=\"672,504\" data-comments-opened=\"1\" data-image-meta=\"{&quot;aperture&quot;:&quot;5&quot;,&quot;credit&quot;:&quot;&quot;,&quot;camera&quot;:&quot;Canon PowerShot SX500 IS&quot;,&quot;caption&quot;:&quot;&quot;,&quot;created_timestamp&quot;:&quot;1427400792&quot;,&quot;copyright&quot;:&quot;&quot;,&quot;focal_length&quot;:&quot;11.205&quot;,&quot;iso&quot;:&quot;400&quot;,&quot;shutter_speed&quot;:&quot;0.02&quot;,&quot;title&quot;:&quot;&quot;,&quot;orientation&quot;:&quot;1&quot;}\" data-image-title=\"Vistas 05\" data-image-description=\"\" data-medium-file=\"https:\/\/albertogranados.files.wordpress.com\/2015\/05\/vistas-05.jpg?w=300\" data-large-file=\"https:\/\/albertogranados.files.wordpress.com\/2015\/05\/vistas-05.jpg?w=560\" \/><\/a><\/p>\n<p id=\"caption-attachment-6833\" class=\"wp-caption-text\" style=\"text-align: justify;\">Vistas 05<\/p>\n<p id=\"attachment_6834\" class=\"wp-caption aligncenter\" style=\"text-align: justify;\" data-shortcode=\"caption\"><a href=\"https:\/\/albertogranados.files.wordpress.com\/2015\/05\/vistas-06.jpg\"><img data-recalc-dims=\"1\" decoding=\"async\" class=\"size-full wp-image-6834\" src=\"https:\/\/albertogranados.files.wordpress.com\/2015\/05\/vistas-06.jpg?w=640\" sizes=\"(max-width: 560px) 100vw, 560px\" srcset=\"https:\/\/albertogranados.files.wordpress.com\/2015\/05\/vistas-06.jpg?w=560 560w, https:\/\/albertogranados.files.wordpress.com\/2015\/05\/vistas-06.jpg?w=150 150w, https:\/\/albertogranados.files.wordpress.com\/2015\/05\/vistas-06.jpg?w=300 300w, https:\/\/albertogranados.files.wordpress.com\/2015\/05\/vistas-06.jpg 672w\" alt=\"Vistas 06\" aria-describedby=\"caption-attachment-6834\" data-attachment-id=\"6834\" data-permalink=\"https:\/\/albertogranados.wordpress.com\/2015\/05\/10\/imagenes-de-granada-35-el-cuarto-real-de-santo-domingo\/vistas-06\/\" data-orig-file=\"https:\/\/albertogranados.files.wordpress.com\/2015\/05\/vistas-06.jpg\" data-orig-size=\"672,504\" data-comments-opened=\"1\" data-image-meta=\"{&quot;aperture&quot;:&quot;5&quot;,&quot;credit&quot;:&quot;&quot;,&quot;camera&quot;:&quot;Canon PowerShot SX500 IS&quot;,&quot;caption&quot;:&quot;&quot;,&quot;created_timestamp&quot;:&quot;1427400581&quot;,&quot;copyright&quot;:&quot;&quot;,&quot;focal_length&quot;:&quot;9.807&quot;,&quot;iso&quot;:&quot;200&quot;,&quot;shutter_speed&quot;:&quot;0.008&quot;,&quot;title&quot;:&quot;&quot;,&quot;orientation&quot;:&quot;1&quot;}\" data-image-title=\"Vistas 06\" data-image-description=\"\" data-medium-file=\"https:\/\/albertogranados.files.wordpress.com\/2015\/05\/vistas-06.jpg?w=300\" data-large-file=\"https:\/\/albertogranados.files.wordpress.com\/2015\/05\/vistas-06.jpg?w=560\" \/><\/a><\/p>\n<p id=\"caption-attachment-6834\" class=\"wp-caption-text\" style=\"text-align: justify;\">Vistas 06<\/p>\n<p style=\"text-align: justify;\">\u00a0\u00a0\u00a0\u00a0 Se habla de que este monumento se incorporar\u00e1 a los seis que han configurado ese paquete tur\u00edstico llamado \u201cla dobla de oro\u201d (Palacio de Dar-al-Horra, Casas moriscas de El Chapiz, de Horno de Oro, de Zafra, el Ba\u00f1uelo y el Corral del Carb\u00f3n). Al cambiar de gratuitos a r\u00e9gimen de pago me temo que los granadinos, de nacimiento o adopci\u00f3n, saldremos perdiendo una vez m\u00e1s. Pero ya estamos acostumbrados. Por lo menos, disfrutemos de este singular recinto y de la obra de Juan Vida, que ya vendr\u00e1n tiempos (aun) peores.<\/p>\n<p style=\"text-align: justify;\"><strong>Alberto Granados<\/strong><\/p>\n<\/div>\n","protected":false},"excerpt":{"rendered":"<p>\u00a0\u00a0\u00a0\u00a0\u00a0 Una inmensa parte de los granadinos no conocen el llamado Cuarto Real de Santo&#8230;<\/p>\n","protected":false},"author":1,"featured_media":47023,"comment_status":"closed","ping_status":"closed","sticky":false,"template":"","format":"standard","meta":{"_coblocks_attr":"","_coblocks_dimensions":"","_coblocks_responsive_height":"","_coblocks_accordion_ie_support":"","jetpack_post_was_ever_published":false,"_jetpack_newsletter_access":"","_jetpack_dont_email_post_to_subs":false,"_jetpack_newsletter_tier_id":0,"_jetpack_memberships_contains_paywalled_content":false,"_jetpack_memberships_contains_paid_content":false,"footnotes":"","jetpack_publicize_message":"","jetpack_publicize_feature_enabled":true,"jetpack_social_post_already_shared":false,"jetpack_social_options":{"image_generator_settings":{"template":"highway","default_image_id":0,"enabled":false},"version":2}},"categories":[39,1161,44,15],"tags":[8283,129],"class_list":["post-47022","post","type-post","status-publish","format-standard","has-post-thumbnail","hentry","category-opinion-de-alberto-granados","category-ciudadania","category-noticias-de-hoy","category-ultimas-noticias","tag-cuarto-de-santo-domingo","tag-granada"],"jetpack_publicize_connections":[],"jetpack_featured_media_url":"https:\/\/i0.wp.com\/miradordeatarfe.es\/wp-content\/uploads\/2021\/05\/indice.jpg?fit=279%2C181&ssl=1","jetpack_likes_enabled":true,"jetpack_sharing_enabled":true,"_links":{"self":[{"href":"https:\/\/miradordeatarfe.es\/index.php?rest_route=\/wp\/v2\/posts\/47022","targetHints":{"allow":["GET"]}}],"collection":[{"href":"https:\/\/miradordeatarfe.es\/index.php?rest_route=\/wp\/v2\/posts"}],"about":[{"href":"https:\/\/miradordeatarfe.es\/index.php?rest_route=\/wp\/v2\/types\/post"}],"author":[{"embeddable":true,"href":"https:\/\/miradordeatarfe.es\/index.php?rest_route=\/wp\/v2\/users\/1"}],"replies":[{"embeddable":true,"href":"https:\/\/miradordeatarfe.es\/index.php?rest_route=%2Fwp%2Fv2%2Fcomments&post=47022"}],"version-history":[{"count":2,"href":"https:\/\/miradordeatarfe.es\/index.php?rest_route=\/wp\/v2\/posts\/47022\/revisions"}],"predecessor-version":[{"id":47025,"href":"https:\/\/miradordeatarfe.es\/index.php?rest_route=\/wp\/v2\/posts\/47022\/revisions\/47025"}],"wp:featuredmedia":[{"embeddable":true,"href":"https:\/\/miradordeatarfe.es\/index.php?rest_route=\/wp\/v2\/media\/47023"}],"wp:attachment":[{"href":"https:\/\/miradordeatarfe.es\/index.php?rest_route=%2Fwp%2Fv2%2Fmedia&parent=47022"}],"wp:term":[{"taxonomy":"category","embeddable":true,"href":"https:\/\/miradordeatarfe.es\/index.php?rest_route=%2Fwp%2Fv2%2Fcategories&post=47022"},{"taxonomy":"post_tag","embeddable":true,"href":"https:\/\/miradordeatarfe.es\/index.php?rest_route=%2Fwp%2Fv2%2Ftags&post=47022"}],"curies":[{"name":"wp","href":"https:\/\/api.w.org\/{rel}","templated":true}]}}