{"id":4705,"date":"2015-11-23T08:14:36","date_gmt":"2015-11-23T08:14:36","guid":{"rendered":"http:\/\/miradordeatarfe.es\/?p=4705"},"modified":"2015-11-29T17:27:34","modified_gmt":"2015-11-29T17:27:34","slug":"el-defensor-del-menor-y-organizaciones-de-infancia-en-andalucia-defienden-un-pacto-de-estado-por-la-infancia","status":"publish","type":"post","link":"https:\/\/miradordeatarfe.es\/?p=4705","title":{"rendered":"El Defensor del Menor y Organizaciones de Infancia* en Andaluc\u00eda defienden un pacto de estado por la infancia"},"content":{"rendered":"<p style=\"text-align: justify;\"><strong>La lucha contra la pobreza y la exclusi\u00f3n social y la violencia, la inversi\u00f3n y la educaci\u00f3n, como cuestiones prioritarias para promover los derechos de los ni\u00f1os y las ni\u00f1as<\/strong><!--more--><\/p>\n<p style=\"text-align: justify;\">Celebramos el D\u00eda Universal del Ni\u00f1o a las puertas de unas elecciones. El Defensor del Menor y organizaciones de infancia andaluzas* apuestan por un <strong>Pacto de Estado por la Infancia<\/strong>. Un Pacto por la inversi\u00f3n en infancia, la reducci\u00f3n de la pobreza y la equidad en la educaci\u00f3n que incluya metas e indicadores de progreso, que comprometa el destino de recursos espec\u00edficos, que establezca mecanismos de seguimiento y evaluaci\u00f3n, y que promueva la participaci\u00f3n de las familias, los ni\u00f1os y ni\u00f1as, las entidades sociales y el sector privado. Destacamos la necesidad de establecer una prestaci\u00f3n m\u00e1s amplia y generosa por hijo a cargo, revisar y mejorar las ayudas, y apostar por unos servicios p\u00fablicos m\u00e1s inclusivos y accesibles.<\/p>\n<p style=\"text-align: justify;\">En 2015, la <strong>pobreza y la exclusi\u00f3n social<\/strong> de la infancia en Andaluc\u00eda todav\u00eda representan un claro obst\u00e1culo para el disfrute y el ejercicio pleno de sus derechos. Los ni\u00f1os conforman uno de los colectivos con mayor riesgo de pobreza o exclusi\u00f3n social en la regi\u00f3n, no s\u00f3lo aumentando el porcentaje de ni\u00f1os en riesgo de pobreza o exclusi\u00f3n social sino agrav\u00e1ndose tambi\u00e9n su situaci\u00f3n.<\/p>\n<p style=\"text-align: justify;\">Asimismo, la violencia ejercida contra la infancia, en todas sus formas, es un fen\u00f3meno creciente y cuya dimensi\u00f3n real se desconoce, dado que los datos son escasos y poco sistematizados. Es necesario un compromiso pol\u00edtico que desemboque en una Estrategia Integral frente a todas las formas de violencia contra la infancia.<\/p>\n<p style=\"text-align: justify;\">La pol\u00edtica social ha sufrido notables recortes debilitando la protecci\u00f3n de los ni\u00f1os y ni\u00f1as. El Defensor del Menor y las organizaciones de infancia andaluzas* defienden que es necesario priorizar la <strong>inversi\u00f3n en infancia <\/strong>porque es una inversi\u00f3n inteligente. Para ello, debemos potenciar la transparencia y la visibilidad de las partidas econ\u00f3micas destinadas a infancia a fin de dar seguimiento y evaluar la inversi\u00f3n y promover el an\u00e1lisis del impacto en la infancia de las normativas y pol\u00edticas y, en especial, de los proyectos de ley de los presupuestos.<\/p>\n<p style=\"text-align: justify;\">En esta propuesta de Pacto de Estado apostamos tambi\u00e9n por un modelo de <strong>educaci\u00f3n <\/strong>inclusivo y de calidad, que contemple medidas contra el abandono y el fracaso escolar, se comprometa con la estabilidad del modelo educativo, la protecci\u00f3n de los recursos econ\u00f3micos destinados y el enfoque inclusivo del sistema, incorporando la promoci\u00f3n del acceso y la mejora de la ense\u00f1anza para los ni\u00f1os de 0 a 3 a\u00f1os. Una inversi\u00f3n social que promueve la equidad es m\u00e1s justa y rentable, llegando a los que m\u00e1s lo necesitan y maximizando su impacto sobre la sociedad en su conjunto. El grado de desigualdad de nuestra sociedad determinar\u00e1 aspectos como el cambio demogr\u00e1fico, la productividad econ\u00f3mica, la cohesi\u00f3n social y el compromiso democr\u00e1tico.<\/p>\n<p style=\"text-align: justify;\">En Andaluc\u00eda, debemos culminar el camino ya iniciado incluyendo estos pilares fundamentales como parte de una pol\u00edtica integral y estrat\u00e9gica para la poblaci\u00f3n menor de 18 a\u00f1os en nuestra Comunidad aut\u00f3noma, recuperando, renovando y reactivando un Plan Integral de Atenci\u00f3n a la infancia.<\/p>\n<p style=\"text-align: justify;\">Queremos prestar especial menci\u00f3n a la situaci\u00f3n de los ni\u00f1os y las ni\u00f1as que, debido a <strong>la situaci\u00f3n de emergencia <\/strong>que se est\u00e1 viviendo en otros pa\u00edses, intentan llegar o han llegado a nuestro territorio, ya sea solos o acompa\u00f1ados de sus familias. El n\u00famero de ni\u00f1os que han buscado asilo en los primeros 8 meses de 2015 (92%), es casi el doble que el del mismo periodo en 2014. La especial situaci\u00f3n de vulnerabilidad de estos ni\u00f1os exige una acci\u00f3n firme y comprometida por parte de los poderes p\u00fablicos.<\/p>\n<p style=\"text-align: justify;\">Las causas se encuentran en los pa\u00edses de origen, y entre ellas est\u00e1n los conflictos armados, la pobreza, la discriminaci\u00f3n o el temor a ser perseguidos. Desde el Defensor del Menor de Andaluc\u00eda y las organizaciones de infancia andaluzas* queremos reivindicar la respuesta multidimensional que hay que emprender entre todos para dar respuesta a esta situaci\u00f3n de vulneraci\u00f3n de los derechos de la infancia.<\/p>\n<p style=\"text-align: justify;\">Por \u00faltimo, en septiembre la Asamblea General de Naciones Unidas aprob\u00f3 la Agenda 2030 para el Desarrollo Sostenible <strong>(ODS)<\/strong>. Esta nueva agenda internacional se plantea como universal y demanda el compromiso y acci\u00f3n de todos los pa\u00edses, independientemente de su nivel de desarrollo. Todos los pa\u00edses est\u00e1n obligados a trasladar los objetivos acordados al \u00e1mbito nacional, convirti\u00e9ndolos en gu\u00edas para las pol\u00edticas p\u00fablicas. Andaluc\u00eda deber\u00e1 sumar su esfuerzo para lograr un desarrollo incluyente, equitativo y sostenible.<\/p>\n<p style=\"text-align: justify;\">Para todo ello, este 20 de noviembre defendemos la urgencia de colocar a la infancia en el centro de las pol\u00edticas auton\u00f3micas y locales, priorizar la inversi\u00f3n en infancia y fomentar la participaci\u00f3n infantil a nivel local como medidas b\u00e1sicas a emprender sin m\u00e1s dilaci\u00f3n.<\/p>\n<p style=\"text-align: justify;\">* ORGANIZACIONES FIRMANTES<\/p>\n<p style=\"text-align: justify;\">Defensor del Menor de Andaluc\u00eda &#8211; ADIMA, (Asociaci\u00f3n Andaluza para la Defensa de la Infancia y la Prevenci\u00f3n del Maltrato) &#8211; Aldeas Infantiles &#8211; CODAPA, (Confederaci\u00f3n andaluza de asociaciones de padres y madres del alumnado por la educaci\u00f3n p\u00fablica) &#8211; Cruz Roja Espa\u00f1ola Andaluc\u00eda &#8211; EAPN , (Red Andaluza de Lucha contra la Pobreza y la Exclusi\u00f3n Social) \u2013 Educo &#8211; Federaci\u00f3n andaluza de Centros Juveniles \u201cEl Patio\u201d &#8211; Federaci\u00f3n de Bancos de Alimentos de Andaluc\u00eda, Ceuta y Melilla &#8211; Federaci\u00f3n de Movimiento Junior &#8211; Federaci\u00f3n de Scouts Cat\u00f3licos de Andaluc\u00eda &#8211; Fundaci\u00f3n Gota de Leche &#8211; Fundaci\u00f3n Mornese &#8211; Fundaci\u00f3n Proyecto Don Bosco &#8211; Fundaci\u00f3n Theodora &#8211; Fundaci\u00f3n Tierra de Hombres &#8211; Fundacion Yehudi Menuhin Espa\u00f1a &#8211; LEECP (Liga Espa\u00f1ola de la Educaci\u00f3n y la Cultura Popular, \u00a0Liga Sevilla de la Educaci\u00f3n y la Cultura Popular, Liga Sevillana de la Educaci\u00f3n y la Cultura Popular,<strong> Liga Granadina de la Educaci\u00f3n y la Cultura Popular)<\/strong> &#8211; Proyecto Solidario Save the Children &#8211; UNICEF Comit\u00e9 Andaluc\u00eda<\/p>\n<p style=\"text-align: justify;\"><strong>Para m\u00e1s informaci\u00f3n: <\/strong><\/p>\n<p style=\"text-align: justify;\">Defensor del Menor de Andaluc\u00eda &#8211; Prensa &#8211; Auxi Salido \u2013 677905941 <a href=\"mailto:-a.salido@defensor-and.es\">-a.salido@defensor-and.es<\/a><\/p>\n","protected":false},"excerpt":{"rendered":"<p>La lucha contra la pobreza y la exclusi\u00f3n social y la violencia, la inversi\u00f3n y&#8230;<\/p>\n","protected":false},"author":1,"featured_media":4706,"comment_status":"closed","ping_status":"closed","sticky":false,"template":"","format":"standard","meta":{"_coblocks_attr":"","_coblocks_dimensions":"","_coblocks_responsive_height":"","_coblocks_accordion_ie_support":"","jetpack_post_was_ever_published":false,"_jetpack_newsletter_access":"","_jetpack_dont_email_post_to_subs":false,"_jetpack_newsletter_tier_id":0,"_jetpack_memberships_contains_paywalled_content":false,"_jetpack_memberships_contains_paid_content":false,"footnotes":"","jetpack_publicize_message":"","jetpack_publicize_feature_enabled":true,"jetpack_social_post_already_shared":false,"jetpack_social_options":{"image_generator_settings":{"template":"highway","default_image_id":0,"enabled":false},"version":2}},"categories":[1161,15],"tags":[1191,389,49],"class_list":["post-4705","post","type-post","status-publish","format-standard","has-post-thumbnail","hentry","category-ciudadania","category-ultimas-noticias","tag-exclusion-social","tag-infancia","tag-pobreza"],"jetpack_publicize_connections":[],"jetpack_featured_media_url":"https:\/\/i0.wp.com\/miradordeatarfe.es\/wp-content\/uploads\/2015\/11\/inf.jpg?fit=390%2C129&ssl=1","jetpack_likes_enabled":true,"jetpack_sharing_enabled":true,"_links":{"self":[{"href":"https:\/\/miradordeatarfe.es\/index.php?rest_route=\/wp\/v2\/posts\/4705","targetHints":{"allow":["GET"]}}],"collection":[{"href":"https:\/\/miradordeatarfe.es\/index.php?rest_route=\/wp\/v2\/posts"}],"about":[{"href":"https:\/\/miradordeatarfe.es\/index.php?rest_route=\/wp\/v2\/types\/post"}],"author":[{"embeddable":true,"href":"https:\/\/miradordeatarfe.es\/index.php?rest_route=\/wp\/v2\/users\/1"}],"replies":[{"embeddable":true,"href":"https:\/\/miradordeatarfe.es\/index.php?rest_route=%2Fwp%2Fv2%2Fcomments&post=4705"}],"version-history":[{"count":2,"href":"https:\/\/miradordeatarfe.es\/index.php?rest_route=\/wp\/v2\/posts\/4705\/revisions"}],"predecessor-version":[{"id":4708,"href":"https:\/\/miradordeatarfe.es\/index.php?rest_route=\/wp\/v2\/posts\/4705\/revisions\/4708"}],"wp:featuredmedia":[{"embeddable":true,"href":"https:\/\/miradordeatarfe.es\/index.php?rest_route=\/wp\/v2\/media\/4706"}],"wp:attachment":[{"href":"https:\/\/miradordeatarfe.es\/index.php?rest_route=%2Fwp%2Fv2%2Fmedia&parent=4705"}],"wp:term":[{"taxonomy":"category","embeddable":true,"href":"https:\/\/miradordeatarfe.es\/index.php?rest_route=%2Fwp%2Fv2%2Fcategories&post=4705"},{"taxonomy":"post_tag","embeddable":true,"href":"https:\/\/miradordeatarfe.es\/index.php?rest_route=%2Fwp%2Fv2%2Ftags&post=4705"}],"curies":[{"name":"wp","href":"https:\/\/api.w.org\/{rel}","templated":true}]}}