{"id":47051,"date":"2021-05-05T08:00:27","date_gmt":"2021-05-05T06:00:27","guid":{"rendered":"http:\/\/miradordeatarfe.es\/?p=47051"},"modified":"2021-05-04T18:06:05","modified_gmt":"2021-05-04T16:06:05","slug":"comunicado-en-relacion-al-cierre-de-las-zonas-de-columpios-en-los-parques-de-atarfe","status":"publish","type":"post","link":"https:\/\/miradordeatarfe.es\/?p=47051","title":{"rendered":"COMUNICADO EN RELACI\u00d3N AL CIERRE DE LAS ZONAS DE COLUMPIOS EN LOS PARQUES DE ATARFE"},"content":{"rendered":"<h3 style=\"text-align: justify;\"><span class=\"d2edcug0 hpfvmrgz qv66sw1b c1et5uql lr9zc1uh a8c37x1j keod5gw0 nxhoafnm aigsh9s9 d3f4x2em fe6kdd0r mau55g9w c8b282yb iv3no6db jq4qci2q a3bd9o3v knj5qynh oo9gr5id\" dir=\"auto\">Dando respuesta a las consultas recibidas en relaci\u00f3n al cierre de las zonas de columpios en los Parques de nuestro Pueblo, informar que el Ayuntamiento de Atarfe CUMPLE las restricciones que la Junta de Andaluc\u00eda ha establecido para los municipios que se encuentran en Nivel de Alerta 4, como es el caso de Atarfe. <\/span><\/h3>\n<p style=\"text-align: justify;\"><span class=\"d2edcug0 hpfvmrgz qv66sw1b c1et5uql lr9zc1uh a8c37x1j keod5gw0 nxhoafnm aigsh9s9 d3f4x2em fe6kdd0r mau55g9w c8b282yb iv3no6db jq4qci2q a3bd9o3v knj5qynh oo9gr5id\" dir=\"auto\">En cuanto mejore la situaci\u00f3n sanitaria y la Junta de Andaluc\u00eda lo permita, volveremos a abrir las zonas de columpios en nuestros Parques.<\/p>\n<p>Art\u00edculo 18. Medidas para establecimientos recreativos<\/p>\n<p><strong><em>1. Los establecimientos recreativos infantiles que se destinen a ofrecer juegos y atracciones recreativas dise\u00f1ados espec\u00edficamente para p\u00fablico de edad igual o inferior a 12 a\u00f1os, espacios de juego y entretenimiento, as\u00ed como la celebraci\u00f3n de fiestas infantiles, permanecer\u00e1n cerrados.<\/em><\/strong><\/p>\n<p>Incluido en la Orden vigente:<\/p>\n<p>Orden de 29 de octubre de 2020, por la que se establecen los niveles de alerta sanitaria y se adoptan medidas temporales y excepcionales por raz\u00f3n de salud p\u00fablica en Andaluc\u00eda, para la contenci\u00f3n de la COVID-19.<\/p>\n<p><a class=\"oajrlxb2 g5ia77u1 qu0x051f esr5mh6w e9989ue4 r7d6kgcz rq0escxv nhd2j8a9 nc684nl6 p7hjln8o kvgmc6g5 cxmmr5t8 oygrvhab hcukyx3x jb3vyjys rz4wbd8a qt6c0cv9 a8nywdso i1ao9s8h esuyzwwr f1sip0of lzcic4wl py34i1dx gpro0wi8\" tabindex=\"0\" role=\"link\" href=\"https:\/\/www.mapacovid.es\/detail\/Atarfe?fbclid=IwAR3ojCq9K3qJufSlcBOpvTOURwylyZIfA-1sS1wuLFdgos7zlY0OIjc4x0I\" target=\"_blank\" rel=\"nofollow noopener\">https:\/\/www.mapacovid.es\/detail\/Atarfe<\/a><\/p>\n<p><a class=\"oajrlxb2 g5ia77u1 qu0x051f esr5mh6w e9989ue4 r7d6kgcz rq0escxv nhd2j8a9 nc684nl6 p7hjln8o kvgmc6g5 cxmmr5t8 oygrvhab hcukyx3x jb3vyjys rz4wbd8a qt6c0cv9 a8nywdso i1ao9s8h esuyzwwr f1sip0of lzcic4wl py34i1dx gpro0wi8\" tabindex=\"0\" role=\"link\" href=\"https:\/\/l.facebook.com\/l.php?u=http%3A%2F%2Fwww.atarfe.es%2Fpdf%2Fcierres-covid-28-abril-2021.pdf%3Ffbclid%3DIwAR18sT-Cg2Ik6hRrdgLWDyol1YI8Ykaa9O3cARiPt17cvwS08wBkFT3PX54&amp;h=AT2U5LjuAJO93CY6SAUCYBEgdbqzKpylWE2QZTZOSjr9BdA0UpilB5tm5OpmeketVhuv-8ZmWJx4_bdewP1QIbDiRdPRK0lCxvnapMDKYNjzGW8voBdt86RqmJlMttPyYQ&amp;__tn__=-UK*F&amp;c[0]=AT2fD-5WZPxvsbAcU_5MAQOOLVjdm3el30SuaVMx7PAEQtl9bapSXhR6dHewRcG-D07uxBnDgaaUtiqWTarVxCkFPm9Bf8HPaNc5n8lOMLZJjSnKa-9I040K6c6ApDoRZUPfp7AFDyeqoJd-HB5ikNRVfP4vQJKZAMUqwwPMAtb6GF0\" target=\"_blank\" rel=\"nofollow noopener\">www.atarfe.es\/pdf\/cierres-covid-28-abril-2021.pdf<\/a><\/span><\/p>\n<p>&nbsp;<\/p>\n<div class=\"oajrlxb2 g5ia77u1 qu0x051f esr5mh6w e9989ue4 r7d6kgcz rq0escxv nhd2j8a9 nc684nl6 p7hjln8o kvgmc6g5 cxmmr5t8 oygrvhab hcukyx3x jb3vyjys rz4wbd8a qt6c0cv9 a8nywdso i1ao9s8h esuyzwwr f1sip0of lzcic4wl oo9gr5id gpro0wi8 lrazzd5p\" tabindex=\"0\" role=\"button\">Ver menos<\/div>\n","protected":false},"excerpt":{"rendered":"<p>Dando respuesta a las consultas recibidas en relaci\u00f3n al cierre de las zonas de columpios&#8230;<\/p>\n","protected":false},"author":1,"featured_media":47052,"comment_status":"closed","ping_status":"closed","sticky":false,"template":"","format":"standard","meta":{"_coblocks_attr":"","_coblocks_dimensions":"","_coblocks_responsive_height":"","_coblocks_accordion_ie_support":"","jetpack_post_was_ever_published":false,"_jetpack_newsletter_access":"","_jetpack_dont_email_post_to_subs":false,"_jetpack_newsletter_tier_id":0,"_jetpack_memberships_contains_paywalled_content":false,"_jetpack_memberships_contains_paid_content":false,"footnotes":"","jetpack_publicize_message":"","jetpack_publicize_feature_enabled":true,"jetpack_social_post_already_shared":false,"jetpack_social_options":{"image_generator_settings":{"template":"highway","default_image_id":0,"enabled":false},"version":2}},"categories":[2,6916,1161,7149,44,15],"tags":[81,8286],"class_list":["post-47051","post","type-post","status-publish","format-standard","has-post-thumbnail","hentry","category-atarfe","category-ayuntamiento-de-atarfe","category-ciudadania","category-coronavirus","category-noticias-de-hoy","category-ultimas-noticias","tag-atarfe","tag-parques-infantiles"],"jetpack_publicize_connections":[],"jetpack_featured_media_url":"https:\/\/i0.wp.com\/miradordeatarfe.es\/wp-content\/uploads\/2021\/05\/181420926_4087685234628649_4910952472922214882_n.jpg?fit=600%2C400&ssl=1","jetpack_likes_enabled":true,"jetpack_sharing_enabled":true,"_links":{"self":[{"href":"https:\/\/miradordeatarfe.es\/index.php?rest_route=\/wp\/v2\/posts\/47051","targetHints":{"allow":["GET"]}}],"collection":[{"href":"https:\/\/miradordeatarfe.es\/index.php?rest_route=\/wp\/v2\/posts"}],"about":[{"href":"https:\/\/miradordeatarfe.es\/index.php?rest_route=\/wp\/v2\/types\/post"}],"author":[{"embeddable":true,"href":"https:\/\/miradordeatarfe.es\/index.php?rest_route=\/wp\/v2\/users\/1"}],"replies":[{"embeddable":true,"href":"https:\/\/miradordeatarfe.es\/index.php?rest_route=%2Fwp%2Fv2%2Fcomments&post=47051"}],"version-history":[{"count":1,"href":"https:\/\/miradordeatarfe.es\/index.php?rest_route=\/wp\/v2\/posts\/47051\/revisions"}],"predecessor-version":[{"id":47053,"href":"https:\/\/miradordeatarfe.es\/index.php?rest_route=\/wp\/v2\/posts\/47051\/revisions\/47053"}],"wp:featuredmedia":[{"embeddable":true,"href":"https:\/\/miradordeatarfe.es\/index.php?rest_route=\/wp\/v2\/media\/47052"}],"wp:attachment":[{"href":"https:\/\/miradordeatarfe.es\/index.php?rest_route=%2Fwp%2Fv2%2Fmedia&parent=47051"}],"wp:term":[{"taxonomy":"category","embeddable":true,"href":"https:\/\/miradordeatarfe.es\/index.php?rest_route=%2Fwp%2Fv2%2Fcategories&post=47051"},{"taxonomy":"post_tag","embeddable":true,"href":"https:\/\/miradordeatarfe.es\/index.php?rest_route=%2Fwp%2Fv2%2Ftags&post=47051"}],"curies":[{"name":"wp","href":"https:\/\/api.w.org\/{rel}","templated":true}]}}