{"id":47136,"date":"2021-05-10T09:36:13","date_gmt":"2021-05-10T07:36:13","guid":{"rendered":"http:\/\/miradordeatarfe.es\/?p=47136"},"modified":"2021-05-09T19:43:18","modified_gmt":"2021-05-09T17:43:18","slug":"el-brazo-mediatico-del-4m","status":"publish","type":"post","link":"https:\/\/miradordeatarfe.es\/?p=47136","title":{"rendered":"El brazo medi\u00e1tico del 4M"},"content":{"rendered":"<h3 style=\"text-align: justify;\">La alfombra roja que buena parte de los medios de masas escritos, audiovisuales y digitales\u00a0 han extendido a los pies de Ayuso y las falsedades de su discurso, ha favorecido <strong>un\u00a0<em>trumpismo<\/em>\u00a0\u201ca la madrile\u00f1a\u201d<\/strong><\/h3>\n<p style=\"text-align: justify;\">A esta hora d\u00edas despu\u00e9s, est\u00e1 dicho o escrito lo fundamental sobre el \u00e9xito arrollador de Isabel D\u00edaz Ayuso en Madrid, las estrategias y t\u00e1cticas fallidas del PSOE, los posibles efectos secundarios en la pol\u00edtica nacional a derecha e izquierda, el amargo triunfo de M\u00e1s Madrid, las consecuencias de la retirada de Pablo Iglesias o la debacle de Ciudadanos. Quiero centrar esta breve reflexi\u00f3n en un factor que se comenta menos pese a que a mi juicio tiene una importancia decisiva en lo ocurrido en Madrid y en el estado de salud de la pol\u00edtica y de la convivencia en Espa\u00f1a: <strong>un ecosistema medi\u00e1tico que no cumple la misi\u00f3n esencial que le corresponde en una democracia \u201cplena\u201d<\/strong>.<\/p>\n<p style=\"text-align: justify;\">La f\u00f3rmula que ha llevado a Ayuso a reforzar su mayor\u00eda de gobierno, fagocitando el grueso del voto de Ciudadanos y una parte apreciable del de Vox, pero tambi\u00e9n\u00a0<strong>mordiendo incluso voto tradicionalmente progresista o abstencionista<\/strong>\u00a0en casi todos los municipios y distritos, es la de\u00a0<strong>un\u00a0<em>trumpismo<\/em>\u00a0\u201ca la madrile\u00f1a\u201d<\/strong>. Su principal asesor, Miguel \u00c1ngel Rodr\u00edguez, ha aplicado desde el minuto uno en la Puerta del Sol un relato nacionalpopulista de manual. Encontr\u00f3\u00a0<strong>un enemigo al que combatir<\/strong>\u00a0(el socialcomunismo personificado en S\u00e1nchez e Iglesias),\u00a0<strong>una cruzada inventada<\/strong>\u00a0(la libertad supuestamente pisoteada por ese \u201cenemigo\u201d) y\u00a0<strong>una identidad nacional inexistente pero emocionalmente eficaz<\/strong>\u00a0(Madrid como fortaleza rebelde y libertaria frente a un Estado opresor).<\/p>\n<div id=\"sc_intxt_container\" style=\"text-align: justify;\">\n<div>\u00a0<\/div>\n<\/div>\n<p style=\"text-align: justify;\">Ven\u00eda alimentando Ayuso la creaci\u00f3n de esa \u201crealidad alternativa\u201d desde mucho antes de convocar las elecciones anticipadas con la excusa (falsa tambi\u00e9n) de que Ciudadanos hab\u00eda acordado con el PSOE una moci\u00f3n de censura en Madrid similar a la murciana, cortocircuitada por una\u00a0<strong>operaci\u00f3n de meridiano transfuguismo\u00a0<\/strong>(<a href=\"https:\/\/www.infolibre.es\/noticias\/politica\/2021\/03\/15\/pp_viola_tres_normas_para_mantenerse_poder_murcia_117998_1012.html\" target=\"_blank\" rel=\"noopener\">ver aqu\u00ed<\/a>). Gestion\u00f3 la pandemia desde el primer d\u00eda concentrando todos los esfuerzos en la confrontaci\u00f3n pol\u00edtica con el Gobierno central y haciendo caso omiso a los consensos cient\u00edficos sobre desescaladas, rastreadores, atenci\u00f3n primaria, refuerzos de la sanidad p\u00fablica, etc\u00e9tera.<\/p>\n<p style=\"text-align: justify;\">Ser\u00eda imposible construir esa presunta realidad paralela sin altavoces suficientemente potentes para que los mensajes calen, y en Madrid no lo han hecho exclusiva ni principalmente a trav\u00e9s de las redes sociales sino que\u00a0<strong>han ocupado portadas, han abierto telediarios y han protagonizado debates y tertulias audiovisuales durante meses<\/strong>. No me refiero, obviamente, a las l\u00edneas ideol\u00f3gicas que libremente defienda cada medio, cada cabecera, cada blog, cada tuitero o cada votante. Me refiero a la alfombra roja que en buena parte de los medios de masas escritos, audiovisuales y digitales se ha extendido a los pies de Ayuso y las falsedades de su discurso. Esta es una\u00a0<strong>diferencia esencial respecto al\u00a0<em>trumpismo<\/em>\u00a0en Estados Unidos<\/strong>: las cabeceras m\u00e1s influyentes hicieron autocr\u00edtica cuando Trump ocup\u00f3 contra pron\u00f3stico la Casa Blanca y desde ese momento\u00a0<strong>denunciaron cada una de las mentiras e irregularidades de su gesti\u00f3n<\/strong>. Y se rebelaron ante vetos y presiones.<\/p>\n<p style=\"text-align: justify;\">Espa\u00f1a (perd\u00f3n, Madrid) es otra cosa. Ayuso se ha permitido\u00a0<strong>mentir con total desparpajo sobre asuntos tan sensibles como las muertes por covid de miles de mayores en las residencias<\/strong>\u00a0durante la primera ola de la pandemia (<a href=\"https:\/\/www.infolibre.es\/noticias\/opinion\/columnas\/2021\/04\/23\/las_residencias_jamas_hubo_una_mayor_razon_para_votar_119599_1023.html\" target=\"_blank\" rel=\"noopener\">ver aqu\u00ed<\/a>). Ha repetido sin despeinarse exactamente lo contrario de lo que ocurri\u00f3 y reflejan los propios datos de la Comunidad de Madrid. Del mismo modo que\u00a0<strong>ha logrado instalar la idea de que la econom\u00eda y el empleo de la regi\u00f3n son \u201cla envidia de Europa y del resto de Espa\u00f1a\u201d<\/strong>\u00a0gracias a la \u201clibertad para ir de ca\u00f1as\u201d. Este mismo mi\u00e9rcoles el dato de paro registrado confirma de nuevo lo que ya apuntaban los anteriores: en abril\u00a0<strong>Madrid es la segunda comunidad donde menos baja el paro<\/strong>\u00a0respecto a marzo y, en t\u00e9rminos anuales, es\u00a0<strong>en la que m\u00e1s sube despu\u00e9s de Baleares y Canarias<\/strong>\u00a0(<a href=\"https:\/\/www.sepe.es\/HomeSepe\/que-es-el-sepe\/estadisticas\/datos-avance\/paro.html\" target=\"_blank\" rel=\"noopener\">ver aqu\u00ed<\/a>). No son opiniones, son simples datos, que medios y periodistas deber\u00edamos rebatir cuando un responsable p\u00fablico los distorsiona, manipula o directamente miente acerca de los mismos (<a href=\"https:\/\/www.infolibre.es\/tags\/secciones\/madrid_datos_datos_datos.html\" target=\"_blank\" rel=\"noopener\">ver aqu\u00ed<\/a>).<\/p>\n<p style=\"text-align: justify;\">Decir que el 4M ha arrasado el trumpismo \u201ca la madrile\u00f1a\u201d no es una ofensa a los votantes, como algunos voceros pretenden. A quien se se\u00f1ala\u00a0es a los responsables de ese discurso pol\u00edtico y a\u00a0<strong>quienes lo amplifican a sabiendas de las falsedades que contiene<\/strong>, con el objetivo de defender intereses ideol\u00f3gicos y cremat\u00edsticos que se traducen en decisiones de gobierno o proyectos de ley que facilitan negocios concretos.<\/p>\n<p style=\"text-align: justify;\">Aunque, a juzgar por los mensajes escuchados y le\u00eddos en estas \u00faltimas horas, parezca que el 4M hace tambalearse toda una \u00e9poca, convendr\u00eda no olvidar que lo ocurrido no es un cambio, sino, precisamente, la\u00a0<strong>continuidad de los mismos gobernantes que llevan 26 a\u00f1os en el poder en Madrid<\/strong>, cabalgando corrupciones sist\u00e9micas (confirmadas por el Tribunal Supremo) y privatizando todo lo que se mueve. Asociados ahora a un hijo pr\u00f3digo, Vox, que en la misma noche electoral\u00a0<strong>se permite vetar a determinados medios en su sede<\/strong>. Sin que el ecosistema medi\u00e1tico diga basta.<\/p>\n<p style=\"text-align: justify;\">\u00a0<\/p>\n<p style=\"text-align: justify;\">\u00a0<\/p>\n<p style=\"text-align: justify;\"><a title=\"Jes\u00fas Mara\u00f1a\" href=\"https:\/\/www.infolibre.es\/tags\/autores\/jesus_marana.html\" rel=\"author\">Jes\u00fas Mara\u00f1a<\/a><\/p>\n","protected":false},"excerpt":{"rendered":"<p>La alfombra roja que buena parte de los medios de masas escritos, audiovisuales y digitales\u00a0&#8230;<\/p>\n","protected":false},"author":1,"featured_media":0,"comment_status":"closed","ping_status":"closed","sticky":false,"template":"","format":"standard","meta":{"_coblocks_attr":"","_coblocks_dimensions":"","_coblocks_responsive_height":"","_coblocks_accordion_ie_support":"","jetpack_post_was_ever_published":false,"_jetpack_newsletter_access":"","_jetpack_dont_email_post_to_subs":false,"_jetpack_newsletter_tier_id":0,"_jetpack_memberships_contains_paywalled_content":false,"_jetpack_memberships_contains_paid_content":false,"footnotes":"","jetpack_publicize_message":"","jetpack_publicize_feature_enabled":true,"jetpack_social_post_already_shared":false,"jetpack_social_options":{"image_generator_settings":{"template":"highway","default_image_id":0,"enabled":false},"version":2}},"categories":[1161,44,7671,15],"tags":[],"class_list":["post-47136","post","type-post","status-publish","format-standard","hentry","category-ciudadania","category-noticias-de-hoy","category-politica","category-ultimas-noticias"],"jetpack_publicize_connections":[],"jetpack_featured_media_url":"","jetpack_likes_enabled":true,"jetpack_sharing_enabled":true,"_links":{"self":[{"href":"https:\/\/miradordeatarfe.es\/index.php?rest_route=\/wp\/v2\/posts\/47136","targetHints":{"allow":["GET"]}}],"collection":[{"href":"https:\/\/miradordeatarfe.es\/index.php?rest_route=\/wp\/v2\/posts"}],"about":[{"href":"https:\/\/miradordeatarfe.es\/index.php?rest_route=\/wp\/v2\/types\/post"}],"author":[{"embeddable":true,"href":"https:\/\/miradordeatarfe.es\/index.php?rest_route=\/wp\/v2\/users\/1"}],"replies":[{"embeddable":true,"href":"https:\/\/miradordeatarfe.es\/index.php?rest_route=%2Fwp%2Fv2%2Fcomments&post=47136"}],"version-history":[{"count":1,"href":"https:\/\/miradordeatarfe.es\/index.php?rest_route=\/wp\/v2\/posts\/47136\/revisions"}],"predecessor-version":[{"id":47137,"href":"https:\/\/miradordeatarfe.es\/index.php?rest_route=\/wp\/v2\/posts\/47136\/revisions\/47137"}],"wp:attachment":[{"href":"https:\/\/miradordeatarfe.es\/index.php?rest_route=%2Fwp%2Fv2%2Fmedia&parent=47136"}],"wp:term":[{"taxonomy":"category","embeddable":true,"href":"https:\/\/miradordeatarfe.es\/index.php?rest_route=%2Fwp%2Fv2%2Fcategories&post=47136"},{"taxonomy":"post_tag","embeddable":true,"href":"https:\/\/miradordeatarfe.es\/index.php?rest_route=%2Fwp%2Fv2%2Ftags&post=47136"}],"curies":[{"name":"wp","href":"https:\/\/api.w.org\/{rel}","templated":true}]}}