{"id":4719,"date":"2015-11-25T09:32:05","date_gmt":"2015-11-25T09:32:05","guid":{"rendered":"http:\/\/miradordeatarfe.es\/?p=4719"},"modified":"2015-11-29T17:30:18","modified_gmt":"2015-11-29T17:30:18","slug":"por-que-el-25-de-noviembre-es-el-dia-contra-todo-tipo-de-violencia-hacia-las-mujeres","status":"publish","type":"post","link":"https:\/\/miradordeatarfe.es\/?p=4719","title":{"rendered":"\u00bfPor qu\u00e9 el 25 de noviembre es el d\u00eda contra todo tipo de violencia hacia las mujeres?"},"content":{"rendered":"<p style=\"text-align: justify;\">En 1981 se celebr\u00f3 en Bogot\u00e1, Colombia, el Primer Encuentro Feminista Latinoamericano y del Caribe. Entre muchas otras cosas, all\u00ed se decidi\u00f3 que el 25 de noviembre sea el D\u00eda Internacional de No Violencia contra las Mujeres. La fecha fue elegida para recordar el asesinato en 1960 de las hermanas Mirabal a manos de la dictadura de Le\u00f3nidas Trujillo en Rep\u00fablica Dominicana.<!--more--><\/p>\n<p style=\"text-align: justify;\">M\u00e1s de una d\u00e9cada despu\u00e9s, en 1993, la Asamblea General de las Naciones Unidas aprob\u00f3 la Declaraci\u00f3n sobre la Eliminaci\u00f3n de la Violencia contra la Mujer. All\u00ed se defini\u00f3 que la violencia hacia la mujer era <strong>\u201ctodo acto de violencia basado en el g\u00e9nero que tiene como resultado posible o real un da\u00f1o f\u00edsico, sexual o psicol\u00f3gico, incluidas las amenazas, la coerci\u00f3n o la prohibici\u00f3n arbitraria de la libertad, ya sea que ocurra en la vida p\u00fablica o en la vida privada\u201d.<\/strong><\/p>\n<p style=\"text-align: justify;\">All\u00ed mismo se afirm\u00f3 la necesidad de \u201cuna clara declaraci\u00f3n de los derechos que se deben aplicar para asegurar la eliminaci\u00f3n de toda violencia contra la mujer en todas sus formas, y un compromiso de los Estados y de la comunidad internacional en general para eliminar la violencia contra la mujer\u201d.<\/p>\n<p style=\"text-align: justify;\">Finalmente, en su resoluci\u00f3n<em> 54\/134 del 17 de diciembre de 1999 la Asamblea General de Naciones Unidas resolvi\u00f3 que a partir del a\u00f1o siguiente, el 25 de noviembre ser\u00eda la fecha estipulada como el D\u00eda Internacional de la Eliminaci\u00f3n de la Violencia contra la Mujer.<\/em><\/p>\n<p style=\"text-align: justify;\"><strong>La lucha de las hermanas Mirabal<\/strong><\/p>\n<p style=\"text-align: justify;\">Minerva, Mar\u00eda Teresa y Patria Mirabal eran tres hermanas que durante los a\u00f1os cincuenta fueron importantes opositoras al r\u00e9gimen dictatorial de Le\u00f3nidas Trujillo en Rep\u00fablica Dominicana. Por este motivo fueron encarceladas varias veces, violadas y torturadas. A pesar de ello continuaron su lucha.<\/p>\n<p style=\"text-align: justify;\">El 18 de mayo de 1960 las hermanas Minerva y Mar\u00eda Teresa hab\u00edan fueron juzgadas en Santo Domingo junto a sus esposos, \u201cpor atentar contra la seguridad del Estado dominicano\u201d y condenadas a prisi\u00f3n. Sin embargo, el 9 de agosto el dictador decidi\u00f3 poner en libertad a las mujeres, dejando a sus compa\u00f1eros en la c\u00e1rcel.<\/p>\n<p style=\"text-align: justify;\">El 25 de noviembre, cuando volv\u00edan de visitar a sus maridos en la c\u00e1rcel Minerva, Mar\u00eda Teresa y su hermana Patria, que las hab\u00eda acompa\u00f1ado, fueron interceptadas en la ruta. Un Escuadr\u00f3n de la Muerte del Servicio de Inteligencia Militar las oblig\u00f3 a subirse a un veh\u00edculo en el cual fueron trasladadas hacia una casa en la localidad de La Cumbre. All\u00ed fueron asesinadas y luego sus cuerpos golpeados para simular un accidente automovil\u00edstico.<\/p>\n<p style=\"text-align: justify;\">Dos a\u00f1os despu\u00e9s se llev\u00f3 a cabo un juicio contra los autores materiales y todos fueron condenados a varios a\u00f1os de prisi\u00f3n. Sin embargo, con ayuda de grupos trujillistas todos lograron escapar del pa\u00eds.<\/p>\n<p style=\"text-align: justify;\"><a href=\"https:\/\/i0.wp.com\/miradordeatarfe.es\/wp-content\/uploads\/2015\/11\/MILLA.jpg?ssl=1\"><img data-recalc-dims=\"1\" loading=\"lazy\" decoding=\"async\" class=\"alignnone wp-image-4721\" src=\"https:\/\/i0.wp.com\/miradordeatarfe.es\/wp-content\/uploads\/2015\/11\/MILLA.jpg?resize=466%2C319&#038;ssl=1\" alt=\"MILLA\" width=\"466\" height=\"319\" \/><\/a><\/p>\n<p style=\"text-align: justify;\"><strong>Noviembre <\/strong><strong>25<\/strong><\/p>\n<p style=\"text-align: justify;\">En la selva del Alto Paran\u00e1, las mariposas m\u00e1s lindas se salvan exhibi\u00e9ndose. Despliegan sus alas negras, alegradas a pinceladas rojas o amarillas, y de flor en flor aletean sin la menor preocupaci\u00f3n. Al cabo de miles y miles de a\u00f1os de experiencia, sus enemigos han aprendido que esas mariposas contienen veneno. Las ara\u00f1as, las avispas, las lagartijas, las moscas y los murci\u00e9lagos miran de lejos, a prudente distancia.<\/p>\n<p style=\"text-align: justify;\">El 25 de noviembre de 1960, tres militantes contra la dictadura del general\u00edsimo Trujillo fueron apaleadas y arrojadas a un abismo en la Rep\u00fablica Dominicana. Eran las hermanas Mirabal. Eran las m\u00e1s lindas, las llamaban mariposas.<br \/>\nEn su memoria, en memoria de su belleza incomible, hoy es el D\u00eda mundial contra la violencia dom\u00e9stica. O sea: contra la violencia de los trujillitos que ejercen la dictadura dentro de cada casa.<\/p>\n<p style=\"text-align: justify;\"><em>Eduardo Galeano en Los hijos de los d\u00edas (2012)<\/em><\/p>\n","protected":false},"excerpt":{"rendered":"<p>En 1981 se celebr\u00f3 en Bogot\u00e1, Colombia, el Primer Encuentro Feminista Latinoamericano y del Caribe&#8230;.<\/p>\n","protected":false},"author":1,"featured_media":4720,"comment_status":"closed","ping_status":"closed","sticky":false,"template":"","format":"standard","meta":{"_coblocks_attr":"","_coblocks_dimensions":"","_coblocks_responsive_height":"","_coblocks_accordion_ie_support":"","jetpack_post_was_ever_published":false,"_jetpack_newsletter_access":"","_jetpack_dont_email_post_to_subs":false,"_jetpack_newsletter_tier_id":0,"_jetpack_memberships_contains_paywalled_content":false,"_jetpack_memberships_contains_paid_content":false,"footnotes":"","jetpack_publicize_message":"","jetpack_publicize_feature_enabled":true,"jetpack_social_post_already_shared":false,"jetpack_social_options":{"image_generator_settings":{"template":"highway","default_image_id":0,"enabled":false},"version":2}},"categories":[1161,14,15],"tags":[314,19,77],"class_list":["post-4719","post","type-post","status-publish","format-standard","has-post-thumbnail","hentry","category-ciudadania","category-feminismo","category-ultimas-noticias","tag-dictadura","tag-mujeres","tag-violencia"],"jetpack_publicize_connections":[],"jetpack_featured_media_url":"https:\/\/i0.wp.com\/miradordeatarfe.es\/wp-content\/uploads\/2015\/11\/hermanas-mirabal.jpg?fit=740%2C300&ssl=1","jetpack_likes_enabled":true,"jetpack_sharing_enabled":true,"_links":{"self":[{"href":"https:\/\/miradordeatarfe.es\/index.php?rest_route=\/wp\/v2\/posts\/4719","targetHints":{"allow":["GET"]}}],"collection":[{"href":"https:\/\/miradordeatarfe.es\/index.php?rest_route=\/wp\/v2\/posts"}],"about":[{"href":"https:\/\/miradordeatarfe.es\/index.php?rest_route=\/wp\/v2\/types\/post"}],"author":[{"embeddable":true,"href":"https:\/\/miradordeatarfe.es\/index.php?rest_route=\/wp\/v2\/users\/1"}],"replies":[{"embeddable":true,"href":"https:\/\/miradordeatarfe.es\/index.php?rest_route=%2Fwp%2Fv2%2Fcomments&post=4719"}],"version-history":[{"count":2,"href":"https:\/\/miradordeatarfe.es\/index.php?rest_route=\/wp\/v2\/posts\/4719\/revisions"}],"predecessor-version":[{"id":4723,"href":"https:\/\/miradordeatarfe.es\/index.php?rest_route=\/wp\/v2\/posts\/4719\/revisions\/4723"}],"wp:featuredmedia":[{"embeddable":true,"href":"https:\/\/miradordeatarfe.es\/index.php?rest_route=\/wp\/v2\/media\/4720"}],"wp:attachment":[{"href":"https:\/\/miradordeatarfe.es\/index.php?rest_route=%2Fwp%2Fv2%2Fmedia&parent=4719"}],"wp:term":[{"taxonomy":"category","embeddable":true,"href":"https:\/\/miradordeatarfe.es\/index.php?rest_route=%2Fwp%2Fv2%2Fcategories&post=4719"},{"taxonomy":"post_tag","embeddable":true,"href":"https:\/\/miradordeatarfe.es\/index.php?rest_route=%2Fwp%2Fv2%2Ftags&post=4719"}],"curies":[{"name":"wp","href":"https:\/\/api.w.org\/{rel}","templated":true}]}}