{"id":47237,"date":"2021-05-21T08:24:54","date_gmt":"2021-05-21T06:24:54","guid":{"rendered":"http:\/\/miradordeatarfe.es\/?p=47237"},"modified":"2021-05-18T19:15:45","modified_gmt":"2021-05-18T17:15:45","slug":"el-mejor-dia-para-librar-o-trabajar-desde-casa-segun-los-expertos-y-los-suecos-lo-celebran-asi","status":"publish","type":"post","link":"https:\/\/miradordeatarfe.es\/?p=47237","title":{"rendered":"El mejor d\u00eda para librar o trabajar desde casa, seg\u00fan los expertos (y los suecos lo celebran as\u00ed)"},"content":{"rendered":"<h3 style=\"text-align: justify;\">Si alguna vez te has preguntado <strong>cu\u00e1l es el mejor d\u00eda para librar o trabajar desde casa<\/strong>, los expertos en <em>management<\/em> tienen esta respuesta (y los suecos lo celebran as\u00ed).\u00a0<\/h3>\n<p class=\"Body-sc-15q7shw-0 Paragraph-zudeyy-0 inDyet\" style=\"text-align: justify;\" data-test-id=\"Paragraph\">Alguna vez te has preguntado <strong>cu\u00e1l es el mejor d\u00eda para librar o trabajar desde casa<\/strong>? Estamos seguros de que s\u00ed, y aunque cada uno tenemos nuestras preferencias, los expertos en <em>management<\/em> y cultura corporativa tienen una respuesta m\u00e1s o menos de consenso. Que nos vendr\u00e1 muy bien para organizar la semana sobre todo ahora que las costumbres laborales est\u00e1n en plena revoluci\u00f3n.\u00a0<\/p>\n<p class=\"Body-sc-15q7shw-0 Paragraph-zudeyy-0 inDyet\" style=\"text-align: justify;\" data-test-id=\"Paragraph\"><strong>La crisis sanitaria de 2020 ha puesto de manifiest0 la importancia del teletrabajo<\/strong>, e incluso hoy, cuando muchas personas ya han regresado a la oficina o lugares de empleo, algunas compa\u00f1\u00edas han instaurado cierta flexibilidad para que sus trabajadores puedan realizar sus tareas desde casa con m\u00e1s o menos asiduidad.<\/p>\n<p class=\"Body-sc-15q7shw-0 Paragraph-zudeyy-0 inDyet\" style=\"text-align: justify;\" data-test-id=\"Paragraph\">Seg\u00fan el <a href=\"https:\/\/www.inc.com\/jessica-stillman\/steal-swedish-secret-of-lillordag-for-a-happier-workweek.html\" rel=\"nofollow\">portal estadounidense <em>Inc<\/em><\/a>, que le ha dedicado un art\u00edculo a esta cuesti\u00f3n, la tendencia de teletrabajo que parece extenderse es la de trabajar desde casa algunos d\u00edas, pero no todos. <strong>Y la mayor\u00eda de trabajadores escogen el lunes y\/o el mi\u00e9rcoles<\/strong> para ello, lo que tambi\u00e9n nos da una idea de cu\u00e1les son las jornadas que creemos m\u00e1s apropiadas para librar.\u00a0<\/p>\n<p class=\"Body-sc-15q7shw-0 Paragraph-zudeyy-0 inDyet\" style=\"text-align: justify;\" data-test-id=\"Paragraph\"><strong>Tiene todo el sentido del mundo que pensemos en el lunes<\/strong>, ya que significa a\u00f1adir un d\u00eda m\u00e1s al fin de semana. Pasa algo similar a las vacaciones. Algunos especialistas recomiendan a personas a las que les cuesta desconectar coger sus semanas libres consecutivas, en lugar de separadas, para que les d\u00e9 tiempo suficiente a relajarse.<\/p>\n<p class=\"Body-sc-15q7shw-0 Paragraph-zudeyy-0 inDyet\" style=\"text-align: justify;\" data-test-id=\"Paragraph\">No obstante, en este caso, los expertos en <em>management<\/em> sugieren que <strong>el mejor d\u00eda para librar o trabajar desde casa es precisamente el otro, el mi\u00e9rcoles<\/strong>. \u00bfPor qu\u00e9? Porque divide la semana laboral en dos, y es m\u00e1s llevadero tener dos tantas de trabajo intenso de dos d\u00edas que una de cuatro, como la de aquellos que se toman libre el lunes.\u00a0<\/p>\n<h2 class=\"BaseText-sc-19af275-0 BaseTitle-sc-19af275-2 Heading-um2lzp-0 ParagraphHeading3-sc-1hpftp1-0 cJtydQ\" style=\"text-align: justify;\">Qu\u00e9 es el peque\u00f1o s\u00e1bado<\/h2>\n<p class=\"Body-sc-15q7shw-0 Paragraph-zudeyy-0 inDyet\" style=\"text-align: justify;\" data-test-id=\"Paragraph\">As\u00ed que aqu\u00ed las dos opciones: si crees que tres jornadas libres (o con una de trabajo ligero) te ayudar\u00e1n a desconectar mejor, t\u00f3mate el lunes, y si prefieres que la semana se te pase volando, elige el mi\u00e9rcoles. Siempre que puedas hacerlo claro: <strong>muchas empresas, como dec\u00edamos, se han flexibilizado<\/strong>, pero algunas ni siquiera permiten el teletrabajo.<\/p>\n<p class=\"Body-sc-15q7shw-0 Paragraph-zudeyy-0 inDyet\" style=\"text-align: justify;\" data-test-id=\"Paragraph\">Para aquellos que no pueden tomarse ning\u00fan d\u00eda libre, los suecos tienen una costumbre que ha llamado la atenci\u00f3n a los que saben de cultura corporativa. <strong>Se denomina<\/strong> <em><strong>lill\u00f6rdag<\/strong><\/em><strong>, o<\/strong> <em><strong>little saturday<\/strong><\/em><strong>, que significa \u00abpeque\u00f1o s\u00e1bado\u00bb<\/strong>, y que puedes incorporar en tu mi\u00e9rcoles de libranza o en cualquier otra jornada.<strong><em> Consiste en hacer un plan ligeramente festivo entre semana, que permita desconectar de la rutina.\u00a0<\/em><\/strong><\/p>\n<p class=\"Body-sc-15q7shw-0 Paragraph-zudeyy-0 inDyet\" style=\"text-align: justify;\" data-test-id=\"Paragraph\">Y puede parecer una bobada. Seguramente muchos reserv\u00e1is un d\u00eda para ir al cine o tomar una ca\u00f1a despu\u00e9s del trabajo, pero para muchas otras personas, la inercia laboral conduce directamente a casa. <strong>No olvidemos aquello del<\/strong> <em><strong>burnout<\/strong><\/em> <strong>o desgaste profesiona<\/strong>l, que afecta a tu \u00e1nimo no solo en la oficina, tambi\u00e9n fuera de ella. El <em>little saturday<\/em> te obligar\u00e1 a propon\u00e9rtelo en serio, y lo notar\u00e1s en tu salud mental, en tu descanso y en tu productividad.<\/p>\n<p data-test-id=\"Paragraph\">por V.G.<\/p>\n<p data-test-id=\"Paragraph\">foto:Mejor d\u00eda de la semana para teletrabajar desde casa\u00a0<\/p>\n<div class=\"Wrapper-sc-1da94sc-1 haSubB\" data-test-id=\"PictureWrapper\"><picture><source srcset=\"https:\/\/media.revistagq.com\/photos\/609a3abf5fd29b82598d2399\/16:9\/w_100%2cc_limit\/el-lobo-de-wall-street.jpg 100w, https:\/\/media.revistagq.com\/photos\/609a3abf5fd29b82598d2399\/16:9\/w_200%2cc_limit\/el-lobo-de-wall-street.jpg 200w, https:\/\/media.revistagq.com\/photos\/609a3abf5fd29b82598d2399\/16:9\/w_320%2cc_limit\/el-lobo-de-wall-street.jpg 320w, https:\/\/media.revistagq.com\/photos\/609a3abf5fd29b82598d2399\/16:9\/w_360%2cc_limit\/el-lobo-de-wall-street.jpg 360w, https:\/\/media.revistagq.com\/photos\/609a3abf5fd29b82598d2399\/16:9\/w_375%2cc_limit\/el-lobo-de-wall-street.jpg 375w, https:\/\/media.revistagq.com\/photos\/609a3abf5fd29b82598d2399\/16:9\/w_400%2cc_limit\/el-lobo-de-wall-street.jpg 400w, https:\/\/media.revistagq.com\/photos\/609a3abf5fd29b82598d2399\/16:9\/w_414%2cc_limit\/el-lobo-de-wall-street.jpg 414w, https:\/\/media.revistagq.com\/photos\/609a3abf5fd29b82598d2399\/16:9\/w_640%2cc_limit\/el-lobo-de-wall-street.jpg 640w, https:\/\/media.revistagq.com\/photos\/609a3abf5fd29b82598d2399\/16:9\/w_720%2cc_limit\/el-lobo-de-wall-street.jpg 720w, https:\/\/media.revistagq.com\/photos\/609a3abf5fd29b82598d2399\/16:9\/w_750%2cc_limit\/el-lobo-de-wall-street.jpg 750w, https:\/\/media.revistagq.com\/photos\/609a3abf5fd29b82598d2399\/16:9\/w_768%2cc_limit\/el-lobo-de-wall-street.jpg 768w, https:\/\/media.revistagq.com\/photos\/609a3abf5fd29b82598d2399\/16:9\/w_828%2cc_limit\/el-lobo-de-wall-street.jpg 828w, https:\/\/media.revistagq.com\/photos\/609a3abf5fd29b82598d2399\/16:9\/w_1024%2cc_limit\/el-lobo-de-wall-street.jpg 1024w, https:\/\/media.revistagq.com\/photos\/609a3abf5fd29b82598d2399\/16:9\/w_1280%2cc_limit\/el-lobo-de-wall-street.jpg 1280w, https:\/\/media.revistagq.com\/photos\/609a3abf5fd29b82598d2399\/16:9\/w_1366%2cc_limit\/el-lobo-de-wall-street.jpg 1366w, https:\/\/media.revistagq.com\/photos\/609a3abf5fd29b82598d2399\/16:9\/w_1440%2cc_limit\/el-lobo-de-wall-street.jpg 1440w, https:\/\/media.revistagq.com\/photos\/609a3abf5fd29b82598d2399\/16:9\/w_1536%2cc_limit\/el-lobo-de-wall-street.jpg 1536w, https:\/\/media.revistagq.com\/photos\/609a3abf5fd29b82598d2399\/16:9\/w_1920%2cc_limit\/el-lobo-de-wall-street.jpg 1920w, https:\/\/media.revistagq.com\/photos\/609a3abf5fd29b82598d2399\/16:9\/w_2048%2cc_limit\/el-lobo-de-wall-street.jpg 2048w, https:\/\/media.revistagq.com\/photos\/609a3abf5fd29b82598d2399\/16:9\/w_2560%2cc_limit\/el-lobo-de-wall-street.jpg 2560w, https:\/\/media.revistagq.com\/photos\/609a3abf5fd29b82598d2399\/16:9\/w_2732%2cc_limit\/el-lobo-de-wall-street.jpg 2732w, https:\/\/media.revistagq.com\/photos\/609a3abf5fd29b82598d2399\/16:9\/w_2880%2cc_limit\/el-lobo-de-wall-street.jpg 2880w, https:\/\/media.revistagq.com\/photos\/609a3abf5fd29b82598d2399\/16:9\/w_3840%2cc_limit\/el-lobo-de-wall-street.jpg 3840w\" media=\"(min-width: 600px)\" sizes=\"(min-width: 1400px) 100vw, (min-width: 1200px) 100vw, (min-width: 980px) 100vw, (min-width: 600px) 100vw, 100vw\" \/><source srcset=\"https:\/\/media.revistagq.com\/photos\/609a3abf5fd29b82598d2399\/1:1\/w_100%2cc_limit\/el-lobo-de-wall-street.jpg 100w, https:\/\/media.revistagq.com\/photos\/609a3abf5fd29b82598d2399\/1:1\/w_200%2cc_limit\/el-lobo-de-wall-street.jpg 200w, https:\/\/media.revistagq.com\/photos\/609a3abf5fd29b82598d2399\/1:1\/w_320%2cc_limit\/el-lobo-de-wall-street.jpg 320w, https:\/\/media.revistagq.com\/photos\/609a3abf5fd29b82598d2399\/1:1\/w_360%2cc_limit\/el-lobo-de-wall-street.jpg 360w, https:\/\/media.revistagq.com\/photos\/609a3abf5fd29b82598d2399\/1:1\/w_375%2cc_limit\/el-lobo-de-wall-street.jpg 375w, https:\/\/media.revistagq.com\/photos\/609a3abf5fd29b82598d2399\/1:1\/w_400%2cc_limit\/el-lobo-de-wall-street.jpg 400w, https:\/\/media.revistagq.com\/photos\/609a3abf5fd29b82598d2399\/1:1\/w_414%2cc_limit\/el-lobo-de-wall-street.jpg 414w, https:\/\/media.revistagq.com\/photos\/609a3abf5fd29b82598d2399\/1:1\/w_640%2cc_limit\/el-lobo-de-wall-street.jpg 640w, https:\/\/media.revistagq.com\/photos\/609a3abf5fd29b82598d2399\/1:1\/w_720%2cc_limit\/el-lobo-de-wall-street.jpg 720w, https:\/\/media.revistagq.com\/photos\/609a3abf5fd29b82598d2399\/1:1\/w_750%2cc_limit\/el-lobo-de-wall-street.jpg 750w, https:\/\/media.revistagq.com\/photos\/609a3abf5fd29b82598d2399\/1:1\/w_768%2cc_limit\/el-lobo-de-wall-street.jpg 768w, https:\/\/media.revistagq.com\/photos\/609a3abf5fd29b82598d2399\/1:1\/w_828%2cc_limit\/el-lobo-de-wall-street.jpg 828w, https:\/\/media.revistagq.com\/photos\/609a3abf5fd29b82598d2399\/1:1\/w_1024%2cc_limit\/el-lobo-de-wall-street.jpg 1024w, https:\/\/media.revistagq.com\/photos\/609a3abf5fd29b82598d2399\/1:1\/w_1280%2cc_limit\/el-lobo-de-wall-street.jpg 1280w, https:\/\/media.revistagq.com\/photos\/609a3abf5fd29b82598d2399\/1:1\/w_1366%2cc_limit\/el-lobo-de-wall-street.jpg 1366w, https:\/\/media.revistagq.com\/photos\/609a3abf5fd29b82598d2399\/1:1\/w_1440%2cc_limit\/el-lobo-de-wall-street.jpg 1440w, https:\/\/media.revistagq.com\/photos\/609a3abf5fd29b82598d2399\/1:1\/w_1536%2cc_limit\/el-lobo-de-wall-street.jpg 1536w, https:\/\/media.revistagq.com\/photos\/609a3abf5fd29b82598d2399\/1:1\/w_1920%2cc_limit\/el-lobo-de-wall-street.jpg 1920w, https:\/\/media.revistagq.com\/photos\/609a3abf5fd29b82598d2399\/1:1\/w_2048%2cc_limit\/el-lobo-de-wall-street.jpg 2048w, https:\/\/media.revistagq.com\/photos\/609a3abf5fd29b82598d2399\/1:1\/w_2560%2cc_limit\/el-lobo-de-wall-street.jpg 2560w, https:\/\/media.revistagq.com\/photos\/609a3abf5fd29b82598d2399\/1:1\/w_2732%2cc_limit\/el-lobo-de-wall-street.jpg 2732w, https:\/\/media.revistagq.com\/photos\/609a3abf5fd29b82598d2399\/1:1\/w_2880%2cc_limit\/el-lobo-de-wall-street.jpg 2880w, https:\/\/media.revistagq.com\/photos\/609a3abf5fd29b82598d2399\/1:1\/w_3840%2cc_limit\/el-lobo-de-wall-street.jpg 3840w\" media=\"(min-width: 0px)\" sizes=\"(min-width: 1400px) 100vw, (min-width: 1200px) 100vw, (min-width: 980px) 100vw, (min-width: 600px) 100vw, 100vw\" \/><\/picture><\/div>\n<p>https:\/\/www.revistagq.com\/noticias\/articulo\/mejor-dia-para-librar-entre-semana<\/p>\n","protected":false},"excerpt":{"rendered":"<p>Si alguna vez te has preguntado cu\u00e1l es el mejor d\u00eda para librar o trabajar&#8230;<\/p>\n","protected":false},"author":1,"featured_media":47238,"comment_status":"closed","ping_status":"closed","sticky":false,"template":"","format":"standard","meta":{"_coblocks_attr":"","_coblocks_dimensions":"","_coblocks_responsive_height":"","_coblocks_accordion_ie_support":"","jetpack_post_was_ever_published":false,"_jetpack_newsletter_access":"","_jetpack_dont_email_post_to_subs":false,"_jetpack_newsletter_tier_id":0,"_jetpack_memberships_contains_paywalled_content":false,"_jetpack_memberships_contains_paid_content":false,"footnotes":"","jetpack_publicize_message":"","jetpack_publicize_feature_enabled":true,"jetpack_social_post_already_shared":false,"jetpack_social_options":{"image_generator_settings":{"template":"highway","default_image_id":0,"enabled":false},"version":2}},"categories":[44,6937,6920,15],"tags":[6332,8308],"class_list":["post-47237","post","type-post","status-publish","format-standard","has-post-thumbnail","hentry","category-noticias-de-hoy","category-sociedad","category-tecnologia","category-ultimas-noticias","tag-descansar","tag-teletrabajar"],"jetpack_publicize_connections":[],"jetpack_featured_media_url":"https:\/\/i0.wp.com\/miradordeatarfe.es\/wp-content\/uploads\/2021\/05\/teletrabajo-655x368-1.jpeg?fit=655%2C368&ssl=1","jetpack_likes_enabled":true,"jetpack_sharing_enabled":true,"_links":{"self":[{"href":"https:\/\/miradordeatarfe.es\/index.php?rest_route=\/wp\/v2\/posts\/47237","targetHints":{"allow":["GET"]}}],"collection":[{"href":"https:\/\/miradordeatarfe.es\/index.php?rest_route=\/wp\/v2\/posts"}],"about":[{"href":"https:\/\/miradordeatarfe.es\/index.php?rest_route=\/wp\/v2\/types\/post"}],"author":[{"embeddable":true,"href":"https:\/\/miradordeatarfe.es\/index.php?rest_route=\/wp\/v2\/users\/1"}],"replies":[{"embeddable":true,"href":"https:\/\/miradordeatarfe.es\/index.php?rest_route=%2Fwp%2Fv2%2Fcomments&post=47237"}],"version-history":[{"count":1,"href":"https:\/\/miradordeatarfe.es\/index.php?rest_route=\/wp\/v2\/posts\/47237\/revisions"}],"predecessor-version":[{"id":47239,"href":"https:\/\/miradordeatarfe.es\/index.php?rest_route=\/wp\/v2\/posts\/47237\/revisions\/47239"}],"wp:featuredmedia":[{"embeddable":true,"href":"https:\/\/miradordeatarfe.es\/index.php?rest_route=\/wp\/v2\/media\/47238"}],"wp:attachment":[{"href":"https:\/\/miradordeatarfe.es\/index.php?rest_route=%2Fwp%2Fv2%2Fmedia&parent=47237"}],"wp:term":[{"taxonomy":"category","embeddable":true,"href":"https:\/\/miradordeatarfe.es\/index.php?rest_route=%2Fwp%2Fv2%2Fcategories&post=47237"},{"taxonomy":"post_tag","embeddable":true,"href":"https:\/\/miradordeatarfe.es\/index.php?rest_route=%2Fwp%2Fv2%2Ftags&post=47237"}],"curies":[{"name":"wp","href":"https:\/\/api.w.org\/{rel}","templated":true}]}}