{"id":4724,"date":"2015-11-25T08:39:02","date_gmt":"2015-11-25T08:39:02","guid":{"rendered":"http:\/\/miradordeatarfe.es\/?p=4724"},"modified":"2015-11-29T17:29:57","modified_gmt":"2015-11-29T17:29:57","slug":"micromachismos-un-machismo-silencioso-y-sutil","status":"publish","type":"post","link":"https:\/\/miradordeatarfe.es\/?p=4724","title":{"rendered":"Micromachismos, un machismo silencioso y sutil"},"content":{"rendered":"<div id=\"post-body-6474751562317112651\" class=\"post-body entry-content\">\n<div>\n<p>La discriminaci\u00f3n de las mujeres se ejerce por parte de un sistema patriarcal en la vida dom\u00e9stica, el trabajo o el lenguaje. Cada vez m\u00e1s feministas defienden que la batalla por la igualdad debe darse en todos los \u00e1mbitos.<!--more--><\/p>\n<\/div>\n<div><em>Se\u00f1ora maestra, \u00bfc\u00f3mo se forma el femenino?<\/em><\/div>\n<div><\/div>\n<div><em><img data-recalc-dims=\"1\" decoding=\"async\" src=\"https:\/\/i0.wp.com\/www.mujeresenred.net\/local\/cache-vignettes\/L8xH11\/puce-cebf5.gif?w=640\" alt=\"\" \/> Partiendo del masculino, la \u00abo\u00bb final se sustituye por una \u00aba\u00bb.<\/em><\/div>\n<div><\/div>\n<div><em><img data-recalc-dims=\"1\" decoding=\"async\" src=\"https:\/\/i0.wp.com\/www.mujeresenred.net\/local\/cache-vignettes\/L8xH11\/puce-cebf5.gif?w=640\" alt=\"\" \/> Se\u00f1ora maestra, \u00bfy el masculino c\u00f3mo se forma?<\/em><\/div>\n<div><\/div>\n<div><em><img data-recalc-dims=\"1\" decoding=\"async\" src=\"https:\/\/i0.wp.com\/www.mujeresenred.net\/local\/cache-vignettes\/L8xH11\/puce-cebf5.gif?w=640\" alt=\"\" \/> El masculino no se forma, existe.<\/em><\/div>\n<div><\/div>\n<div style=\"text-align: justify;\">El di\u00e1logo, recogido por la escritora Victoria Sau, ilustra bien qu\u00e9 son los micromachismos, un machismo que por su menor intensidad no mata y pasa desapercibido, es cotidiano y por lo tanto aceptado. El problema radica en que es diario y perpet\u00faa el gran machismo, el que hace diferentes a unas de otros. Son peque\u00f1as cosas, como las camisetas para beb\u00e9s que puso a la venta Hipercor hace apenas unos meses. Las de ellos eran en color azul y en el pecho se le\u00eda: \u201cInteligente como pap\u00e1\u201d. Para ellas, en rosa, c\u00f3mo no, la leyenda era: \u201cBonita como mam\u00e1\u201d.<\/div>\n<div style=\"text-align: justify;\"><\/div>\n<div style=\"text-align: justify;\">Es cierto que ante las numerosas cr\u00edticas, el grupo retir\u00f3 la mercanc\u00eda, pero el hecho es que a ninguno de sus dise\u00f1adores (\u00bftodos hombres, no hab\u00eda f\u00e9minas en el grupo? No se sabe: el lenguaje no las deja ver se le ocurri\u00f3 escribirlo al rev\u00e9s (inteligente como tu progrenitora y guapo como tu padre). Lo grave es que ante estos hechos una parte importante de la sociedad no se altera; es lo normal, como que en los ba\u00f1os de mujeres aparezca el icono de beb\u00e9s indicando que all\u00ed se pueden cambiar pa\u00f1ales. \u00bfY los padres?<\/div>\n<div style=\"text-align: justify;\"><\/div>\n<div style=\"text-align: justify;\">Para Yolanda Besteiro, presidenta de la Federaci\u00f3n de Mujeres Progresistas, \u201clo m\u00e1s grave es que la mayor\u00eda de las veces este tipo de comportamientos y promociones se hacen sin mala fe, de manera inconsciente, porque los estereotipos permanecen de manera soterrada en la sociedad\u201d. Es de halagar que la marca comercial retirara r\u00e1pidamente la campa\u00f1a, pero hace apenas unas semanas, el grupo de El Corte Ingl\u00e9s volvi\u00f3 con otro: un espacio marcado como \u201coutlet para ellas\u201d que no era m\u00e1s que un recogedor y una escoba rosa pensado para las mujeres. Meses antes, la multinacional Carrefour lanzaba un biquini con relleno para ni\u00f1as de nueve a 14 a\u00f1os. \u00bfVerdad que no resulta f\u00e1cil imaginar que lanzaran un ba\u00f1ador de ni\u00f1os con paquete incorporado?<\/div>\n<div style=\"text-align: justify;\"><\/div>\n<div style=\"text-align: justify;\">El primero que acu\u00f1\u00f3 el t\u00e9rmino de micromachismos fue el terapeuta argentino Luis Bonino en 1990. Seg\u00fan Bonino, se trata de comportamientos masculinos que buscan reforzar la superioridad sobre las mujeres. <strong>\u201cSon peque\u00f1as tiran\u00edas, terrorismo \u00edntimo, violencia blanda\u201d<\/strong>,<strong> \u201csuave\u201d o de baja intensidad, tretas de dominaci\u00f3n, machismo invisible o part\u00edcula \u201cmicro\u201d<\/strong> entendida como lo capilar, lo casi imperceptible, lo que est\u00e1 en los l\u00edmites de la evidencia. Lo grave de ellos, seg\u00fan coinciden los expertos y que est\u00e1n en la socializaci\u00f3n de hombres y mujeres y lo imperceptibles que resultan. De ah\u00ed su perversidad, se\u00f1alan unos y otras. \u201cProducen un da\u00f1o sordo y sostenido a la autonom\u00eda femenina que se agrava con el tiempo\u201d, se\u00f1ala Bonino.<\/div>\n<div style=\"text-align: justify;\"><\/div>\n<div style=\"text-align: justify;\">Los varones (un t\u00e9rmino que repiten los expertos para evitar el de hombres, entendido casi siempre como neutro y aglutinador de ambos sexos) buscan con estas actitudes, seg\u00fan el psic\u00f3logo Javier Miravalles, imponer al aumento de poder personal de la mujer y aprovecharse del papel de \u201ccuidadora\u201d de ellas.<\/div>\n<div style=\"text-align: justify;\"><\/div>\n<div style=\"text-align: justify;\">Bonino clasifica los micromachismo en cuatro tipos:<\/div>\n<div style=\"text-align: justify;\"><\/div>\n<div style=\"text-align: justify;\"><img data-recalc-dims=\"1\" decoding=\"async\" src=\"https:\/\/i0.wp.com\/www.mujeresenred.net\/local\/cache-vignettes\/L8xH11\/puce-cebf5.gif?w=640\" alt=\"\" \/><strong>Utilitarios.<\/strong> Afectan principalmente al \u00e1mbito dom\u00e9stico y a los cuidados hacia otras personas abusando de las supuestas capacidades femeninas de servicio y la naturalizaci\u00f3n de su trabajo como cuidadora. En la casa, un ejemplo claro de un hombre supuestamente colaborador se ver\u00eda en la frase: \u201cCari\u00f1o, te he puesto la lavadora\u201d. A lo que una mujer que los detecte deber\u00eda preguntar: \u201c\u00bfD\u00f3nde?\u201d, dado que ambos ensucian ropa.<\/div>\n<div style=\"text-align: justify;\"><\/div>\n<div style=\"text-align: justify;\"><img data-recalc-dims=\"1\" decoding=\"async\" src=\"https:\/\/i0.wp.com\/www.mujeresenred.net\/local\/cache-vignettes\/L8xH11\/puce-cebf5.gif?w=640\" alt=\"\" \/><strong>Encubiertos<\/strong>. Son muy sutiles y buscan la imposici\u00f3n de las \u201cverdades\u201d masculinas para hacer desaparecer la voluntad de la mujer, que termina coartando sus deseos y haciendo lo que \u00e9l quiere. Hay micromachismos en los silencios, en los paternalismos, en el \u201cninguneo\u201d y en el mal humor manipulativo. \u00bfQui\u00e9n no ha escuchado en casa: \u201cCalla, que pap\u00e1 est\u00e1 enfadado, viene muy cansado del trabajo y necesita las cosas as\u00ed\u201d.<\/div>\n<div style=\"text-align: justify;\"><\/div>\n<div style=\"text-align: justify;\"><img data-recalc-dims=\"1\" decoding=\"async\" src=\"https:\/\/i0.wp.com\/www.mujeresenred.net\/local\/cache-vignettes\/L8xH11\/puce-cebf5.gif?w=640\" alt=\"\" \/><strong>De crisis<\/strong>. Surgen cuando ellas empiezan a romper la balanza de la desigualdad en la pareja. Se pueden reconocer en la frase: \u201cT\u00fa sabr\u00e1s qu\u00e9 hacer (con las tareas dom\u00e9sticas), si trabajas\u201d.<\/div>\n<div style=\"text-align: justify;\"><\/div>\n<div style=\"text-align: justify;\"><img data-recalc-dims=\"1\" decoding=\"async\" src=\"https:\/\/i0.wp.com\/www.mujeresenred.net\/local\/cache-vignettes\/L8xH11\/puce-cebf5.gif?w=640\" alt=\"\" \/><strong>Coercitivos<\/strong>. En ellos el var\u00f3n usa la fuerza moral, ps\u00edquica o econ\u00f3mica para ejercer su poder, limitar la libertad de la mujer y restringir su capacidad de decisi\u00f3n. Suelen afectar al espacio y tiempo de ellos y ellas; y pierden siempre las segundas. Se ven en qui\u00e9n ocupa el mejor sill\u00f3n de la casa, qui\u00e9n tiene el mando de la televisi\u00f3n, en c\u00f3mo un hombre abre las paquete piernas y reduce el espacio de una mujer en un vag\u00f3n de metro&#8230; En cuanto al tiempo, el var\u00f3n, lo dicen todos los estudios, cuenta con m\u00e1s ocio para sus cosas, ya sea irse a montar en bici o irse con sus amigos a ver el f\u00fatbol\u2026<\/div>\n<\/div>\n<div style=\"text-align: justify;\"><\/div>\n<div style=\"text-align: justify;\">MERECE LA PENA LEER EL ARTICULO COMPLETO.<\/div>\n<div id=\"post-body-6474751562317112651\" class=\"post-body entry-content\">\n<div style=\"text-align: justify;\"><\/div>\n<div style=\"text-align: justify;\"><a href=\"http:\/\/www.mujeresenred.net\/IMG\/pdf\/Micromachismos.pdf\"><img data-recalc-dims=\"1\" decoding=\"async\" src=\"https:\/\/i0.wp.com\/www.mujeresenred.net\/local\/cache-vignettes\/L52xH52\/pdf-eb697.png?w=640\" alt=\"\" \/><\/a><\/div>\n<div style=\"text-align: justify;\"><b>Texto completo Micromachismos<\/b><\/div>\n<div style=\"text-align: justify;\"><\/div>\n<div style=\"text-align: justify;\"><b><i>Por Lula G\u00f3mez\u00a0<\/i><\/b><\/div>\n<div style=\"text-align: justify;\"><b><i>Fuente:Tinta Libre\/Mujeres en Red<\/i><\/b><\/div>\n<\/div>\n<p style=\"text-align: justify;\">\n","protected":false},"excerpt":{"rendered":"<p>La discriminaci\u00f3n de las mujeres se ejerce por parte de un sistema patriarcal en la&#8230;<\/p>\n","protected":false},"author":1,"featured_media":4813,"comment_status":"closed","ping_status":"closed","sticky":false,"template":"","format":"standard","meta":{"_coblocks_attr":"","_coblocks_dimensions":"","_coblocks_responsive_height":"","_coblocks_accordion_ie_support":"","jetpack_post_was_ever_published":false,"_jetpack_newsletter_access":"","_jetpack_dont_email_post_to_subs":false,"_jetpack_newsletter_tier_id":0,"_jetpack_memberships_contains_paywalled_content":false,"_jetpack_memberships_contains_paid_content":false,"footnotes":"","jetpack_publicize_message":"","jetpack_publicize_feature_enabled":true,"jetpack_social_post_already_shared":false,"jetpack_social_options":{"image_generator_settings":{"template":"highway","default_image_id":0,"enabled":false},"version":2}},"categories":[1161,14,15],"tags":[41,1690,1691],"class_list":["post-4724","post","type-post","status-publish","format-standard","has-post-thumbnail","hentry","category-ciudadania","category-feminismo","category-ultimas-noticias","tag-feminismo","tag-micromachismo","tag-papeles-sociales"],"jetpack_publicize_connections":[],"jetpack_featured_media_url":"https:\/\/i0.wp.com\/miradordeatarfe.es\/wp-content\/uploads\/2015\/11\/M.jpg?fit=514%2C72&ssl=1","jetpack_likes_enabled":true,"jetpack_sharing_enabled":true,"_links":{"self":[{"href":"https:\/\/miradordeatarfe.es\/index.php?rest_route=\/wp\/v2\/posts\/4724","targetHints":{"allow":["GET"]}}],"collection":[{"href":"https:\/\/miradordeatarfe.es\/index.php?rest_route=\/wp\/v2\/posts"}],"about":[{"href":"https:\/\/miradordeatarfe.es\/index.php?rest_route=\/wp\/v2\/types\/post"}],"author":[{"embeddable":true,"href":"https:\/\/miradordeatarfe.es\/index.php?rest_route=\/wp\/v2\/users\/1"}],"replies":[{"embeddable":true,"href":"https:\/\/miradordeatarfe.es\/index.php?rest_route=%2Fwp%2Fv2%2Fcomments&post=4724"}],"version-history":[{"count":2,"href":"https:\/\/miradordeatarfe.es\/index.php?rest_route=\/wp\/v2\/posts\/4724\/revisions"}],"predecessor-version":[{"id":4814,"href":"https:\/\/miradordeatarfe.es\/index.php?rest_route=\/wp\/v2\/posts\/4724\/revisions\/4814"}],"wp:featuredmedia":[{"embeddable":true,"href":"https:\/\/miradordeatarfe.es\/index.php?rest_route=\/wp\/v2\/media\/4813"}],"wp:attachment":[{"href":"https:\/\/miradordeatarfe.es\/index.php?rest_route=%2Fwp%2Fv2%2Fmedia&parent=4724"}],"wp:term":[{"taxonomy":"category","embeddable":true,"href":"https:\/\/miradordeatarfe.es\/index.php?rest_route=%2Fwp%2Fv2%2Fcategories&post=4724"},{"taxonomy":"post_tag","embeddable":true,"href":"https:\/\/miradordeatarfe.es\/index.php?rest_route=%2Fwp%2Fv2%2Ftags&post=4724"}],"curies":[{"name":"wp","href":"https:\/\/api.w.org\/{rel}","templated":true}]}}