{"id":47256,"date":"2021-05-17T11:45:15","date_gmt":"2021-05-17T09:45:15","guid":{"rendered":"http:\/\/miradordeatarfe.es\/?p=47256"},"modified":"2021-09-22T18:56:58","modified_gmt":"2021-09-22T16:56:58","slug":"el-turismo-interior-por-remedios-sanchez","status":"publish","type":"post","link":"https:\/\/miradordeatarfe.es\/?p=47256","title":{"rendered":"\u00abEL TURISMO INTERIOR\u00bb por Remedios S\u00e1nchez"},"content":{"rendered":"<h3 align=\"JUSTIFY\"><span style=\"font-family: Times New Roman, serif;\"><span style=\"font-size: medium;\"><span lang=\"es-ES\">Lunes diecisiete y este sol de mayo abrasando las plazas. Las palomas se esconden en los pl\u00e1tanos \u00faltimos de Puerta Real y las gentes caminan presurosas detr\u00e1s de una mascarilla que protege de la angustia. <\/span><\/span><\/span><\/h3>\n<p align=\"JUSTIFY\"><span style=\"font-family: Times New Roman, serif;\"><span style=\"font-size: medium;\"><span lang=\"es-ES\">En los \u00faltimos a\u00f1os han pasado muchas cosas en este pa\u00eds: desde aquel 15- M, que llen\u00f3 este pa\u00eds de esperanza, hasta hoy la vida se nos ha vuelto del rev\u00e9s a la mayor\u00eda de la ciudadan\u00eda; de la ilusi\u00f3n de una oportunidad de cambio, pasamos a una crisis, y de ah\u00ed al silencio que vino abrazado a la muerte de un 2020 que nos ha dejado hu\u00e9rfanos de amor y sosiego. <\/span><\/span><\/span><\/p>\n<p align=\"JUSTIFY\"><span style=\"font-family: Times New Roman, serif;\"><span style=\"font-size: medium;\"><span lang=\"es-ES\">Hoy, algunos vivimos con preocupaci\u00f3n la realidad de una pandemia que est\u00e1 asfixiando esta ciudad y a sus gentes; lo cual que hay que empezar a defender tambi\u00e9n la econom\u00eda de nuestra tierra, con precauci\u00f3n, guardando las medidas de seguridad, porque la muerte nos sigue rondando en este aire cada vez m\u00e1s caliente acompa\u00f1ando a un cielo azul que es inmensidad dormida, sin p\u00e1jaros que lo surquen. Tambi\u00e9n la gente tiene ya ganas de volver a viajar, de marcharse al extranjero, no s\u00f3lo de ocupar las terrazas que desde que se acerca el mediod\u00eda se van llenando y eso es m\u00e1s preocupante porque hay que defender lo nuestro primero, el pan propio, nuestros espacios. <\/span><\/span><\/span><\/p>\n<p align=\"JUSTIFY\"><span style=\"font-family: Times New Roman, serif;\"><span style=\"font-size: medium;\"><span lang=\"es-ES\">Tambi\u00e9n los p\u00e1jaros se han ido con su canto a otra parte, seguramente a las amplias alamedas, las choperas esas que envuelven los fragmentos de vega que a\u00fan no ha destruido la mano codiciosa del hombre. Esa es mi esperanza: que no se alejen mucho para alegrar con su canto y sus vuelos menudos, peque\u00f1os y gozosos a los ni\u00f1os de hoy, esos que no distinguen a un ruise\u00f1or de un gorri\u00f3n; ni una paloma torcaz de una tortolica, como aquella del romance de Fonte-frida, que estaba viuda y con dolor. Claro es, que tampoco se recuerdan ya los romances, los j\u00f3venes est\u00e1n cautivos en un tiempo nuevo, \u00e9se donde no cabe la memoria de nuestra tradici\u00f3n y nuestra cultura; donde no se concede el reposo para ese turismo interior que, sin movernos del sitio, nos lleva a lo m\u00e1s hondo de nuestra alma; a hablar con nosotros mismos sin prisa, sin hacernos un selfie a medio camino para venderle a los dem\u00e1s una vida de cart\u00f3n-piedra. \u201cQue por mayo era, por mayo,\/ cuando hace la calor,\/ cuando los trigos enca\u00f1an\/ y est\u00e1n los campos en flor;\/ cuando los enamorados\/ van a servir al amor.\/ S\u00f3lo yo, triste y cuitado,\/ vivo en aquesta prisi\u00f3n\/ sin saber cu\u00e1ndo es de d\u00eda\/ ni cu\u00e1ndo las noches son,\/ sino por una avecilla\/ que me cantaba al albor.\/ Mat\u00f3mela un ballestero,\/ d\u00e9le Dios mal galard\u00f3n\u201d, dec\u00eda el \u201cRomance del prisionero\u201d, aquel que me ense\u00f1aron cuando todav\u00eda no era tarde para m\u00ed y que trato de acercar a las nuevas generaciones buscando que no se conviertan en una mera copia de su <\/span><\/span><\/span><span style=\"font-family: Times New Roman, serif;\"><span style=\"font-size: medium;\"><span lang=\"es-ES\"><i>instagramer<\/i><\/span><\/span><\/span><span style=\"font-family: Times New Roman, serif;\"><span style=\"font-size: medium;\"><span lang=\"es-ES\"> favorita, siguiendo sus pasos, imitando sus gestos. A la gente le falta encontrarse a s\u00ed misma, lograr su paz interior para sentarse machadianamente simplemente a mirar pasar la vida, porque ese existir exclusivamente de cara a la galer\u00eda tendr\u00e1 consecuencias. Ojal\u00e1 no tengan que decir, como el poema de Rosales, que han vivido \u201csabiendo que jam\u00e1s me he equivocado en nada,\/sino en las cosas que yo m\u00e1s quer\u00eda\u201d.<\/span><\/span><\/span><\/p>\n","protected":false},"excerpt":{"rendered":"<p>Lunes diecisiete y este sol de mayo abrasando las plazas. Las palomas se esconden en&#8230;<\/p>\n","protected":false},"author":1,"featured_media":47257,"comment_status":"closed","ping_status":"closed","sticky":false,"template":"","format":"standard","meta":{"_coblocks_attr":"","_coblocks_dimensions":"","_coblocks_responsive_height":"","_coblocks_accordion_ie_support":"","jetpack_post_was_ever_published":false,"_jetpack_newsletter_access":"","_jetpack_dont_email_post_to_subs":false,"_jetpack_newsletter_tier_id":0,"_jetpack_memberships_contains_paywalled_content":false,"_jetpack_memberships_contains_paid_content":false,"footnotes":"","jetpack_publicize_message":"","jetpack_publicize_feature_enabled":true,"jetpack_social_post_already_shared":false,"jetpack_social_options":{"image_generator_settings":{"template":"highway","default_image_id":0,"enabled":false},"version":2}},"categories":[1161,7149,44,6914,6937,15,10],"tags":[3572,4233],"class_list":["post-47256","post","type-post","status-publish","format-standard","has-post-thumbnail","hentry","category-ciudadania","category-coronavirus","category-noticias-de-hoy","category-opinion-de-reme-sanchez","category-sociedad","category-ultimas-noticias","category-salud","tag-pandemia","tag-turistas"],"jetpack_publicize_connections":[],"jetpack_featured_media_url":"https:\/\/i0.wp.com\/miradordeatarfe.es\/wp-content\/uploads\/2021\/05\/indice-3.jpg?fit=259%2C194&ssl=1","jetpack_likes_enabled":true,"jetpack_sharing_enabled":true,"_links":{"self":[{"href":"https:\/\/miradordeatarfe.es\/index.php?rest_route=\/wp\/v2\/posts\/47256","targetHints":{"allow":["GET"]}}],"collection":[{"href":"https:\/\/miradordeatarfe.es\/index.php?rest_route=\/wp\/v2\/posts"}],"about":[{"href":"https:\/\/miradordeatarfe.es\/index.php?rest_route=\/wp\/v2\/types\/post"}],"author":[{"embeddable":true,"href":"https:\/\/miradordeatarfe.es\/index.php?rest_route=\/wp\/v2\/users\/1"}],"replies":[{"embeddable":true,"href":"https:\/\/miradordeatarfe.es\/index.php?rest_route=%2Fwp%2Fv2%2Fcomments&post=47256"}],"version-history":[{"count":1,"href":"https:\/\/miradordeatarfe.es\/index.php?rest_route=\/wp\/v2\/posts\/47256\/revisions"}],"predecessor-version":[{"id":47258,"href":"https:\/\/miradordeatarfe.es\/index.php?rest_route=\/wp\/v2\/posts\/47256\/revisions\/47258"}],"wp:featuredmedia":[{"embeddable":true,"href":"https:\/\/miradordeatarfe.es\/index.php?rest_route=\/wp\/v2\/media\/47257"}],"wp:attachment":[{"href":"https:\/\/miradordeatarfe.es\/index.php?rest_route=%2Fwp%2Fv2%2Fmedia&parent=47256"}],"wp:term":[{"taxonomy":"category","embeddable":true,"href":"https:\/\/miradordeatarfe.es\/index.php?rest_route=%2Fwp%2Fv2%2Fcategories&post=47256"},{"taxonomy":"post_tag","embeddable":true,"href":"https:\/\/miradordeatarfe.es\/index.php?rest_route=%2Fwp%2Fv2%2Ftags&post=47256"}],"curies":[{"name":"wp","href":"https:\/\/api.w.org\/{rel}","templated":true}]}}